{"id":101241,"date":"2020-10-08T07:41:52","date_gmt":"2020-10-08T11:41:52","guid":{"rendered":"https:\/\/linitiative.ca\/International\/commerce-exterieur-le-cameroun-nachete-presque-rien-chez-ses-voisins\/"},"modified":"2020-10-08T07:41:52","modified_gmt":"2020-10-08T11:41:52","slug":"commerce-exterieur-le-cameroun-nachete-presque-rien-chez-ses-voisins","status":"publish","type":"post","link":"https:\/\/linitiative.ca\/International\/commerce-exterieur-le-cameroun-nachete-presque-rien-chez-ses-voisins\/","title":{"rendered":"Commerce ext\u00e9rieur : le  Cameroun n\u2019ach\u00e8te presque rien chez ses voisins"},"content":{"rendered":"<p>La note sur le Commerce ext\u00e9rieure en 2019 rendue publique par l\u2019Institut national de la statistique r\u00e9v\u00e8le que le d\u00e9ficit de la balance commerciale s\u2019est creus\u00e9 au cours de cette p\u00e9riode pour se situer \u00e0 1 464,2 milliards de FCFA, enregistrant ainsi une aggravation de 171,3 milliards de FCFA (13,3%) par rapport \u00e0 l\u2019ann\u00e9e 2018.<\/p>\n<p>Dans ce m\u00eame rapport toujours l\u2019INS r\u00e9v\u00e8le aussi une faiblesse dans les \u00e9changes commerciaux entre le Cameroun et les pays transfrontaliers. Pour l\u2019ann\u00e9e 2019,\u00a0\u00ab\u00a0<em>le poids des \u00e9changes avec les pays voisins reste assez faible dans les statistiques douani\u00e8res. En effet, en 2019, les exportations vers les pays voisins repr\u00e9sentent seulement 7,8% des recettes d\u2019exportations dans les statistiques douani\u00e8res, dont 6,6% en direction des pays de la CEMAC<\/em>\u00a0\u00bb, peut-on lire dans le document.<\/p>\n<p>Pour l\u2019ann\u00e9e 2019, le Cameroun a export\u00e9 de mani\u00e8re globale pour 2\u00a0392,8 milliards de FCFA. Si l\u2019on recentre ces derni\u00e8res sur les pays de la zone Cemac, l\u2019on obtient des produits export\u00e9s \u00e0 raison de 158,3 milliards de FCFA.<\/p>\n<p><strong>Lire aussi<\/strong> : <a href=\"https:\/\/ecomatin.net\/zone-cemac-vers-un-label-made-in-central-africa\/\">Zone Cemac\u00a0: un label \u00ab\u00a0made in central Africa\u00a0\u00bb en gestation<\/a><\/p>\n<p>Les exportations du Cameroun pour la p\u00e9riode sous revue sont port\u00e9es alors par le Tchad \u00e0 hauteur de 65,9 millions de FCFA. Il est suivi par la R\u00e9publique Centrafricaine avec 41\u00a0191 milliards; le Gabon 23\u00a0539 milliards\u00a0; la R\u00e9publique du Congo \u00e0 17\u00a0674 milliards et la Guin\u00e9e-Equatoriale \u00e0 9\u00a0941 milliards de FCFA.<\/p>\n<p>Du c\u00f4t\u00e9 des importations en provenance des pays frontaliers sur cette m\u00eame p\u00e9riode, l\u2019INS fait savoir que\u00a0:\u00a0\u00ab<em>Les importations en provenance des pays voisins repr\u00e9sentent 7,6% de la facture totale des importations en 2019, dont seulement 1,4% pour les autres pays de la CEMAC<\/em>\u00a0\u00bb. De mani\u00e8re globale, l\u2019on comptabilise 3\u00a0856,9 milliards de FCFCA d\u2019importations. Au niveau de la sous-r\u00e9gion, \u00a0elle se chiffre \u00e0 38 milliards de FCFA repartis tel que\u00a0: la R\u00e9publique d\u00e9mocratique du Congo \u00e0 hauteur de 60 millions; le Gabon pour 13,3 milliards; la Guin\u00e9e-Equatoriale \u00e0 \u00a0hauteur de 22,4 milliards; de la RCA pour 48 millions et le Tchad \u00e0 2,1 milliards de FCFA.<\/p>\n<p><strong>Lire aussi<\/strong> : <a href=\"https:\/\/ecomatin.net\/cameroun-le-deficit-de-la-balance-commerciale-augmente-de-133-en-2019\/\">Cameroun\u00a0: le d\u00e9ficit de la balance commerciale augmente de 13,3% \u00a0en 2019<\/a><\/p>\n<p>\u00a0Le constat qui se d\u00e9gage pour l\u2019ann\u00e9e 2019, montre clairement du c\u00f4t\u00e9 Camerounais que ses exportations sont port\u00e9es par le Tchad, contre des importations assez basses port\u00e9es respectivement par la Guin\u00e9e-Equatoriale et le Gabon. Ce qui pourrait traduit \u00a0une certaine f\u00e9brilit\u00e9 des \u00e9changes entre le Cameroun et les autres pays de la sous-r\u00e9gion. Notons que les \u00e9changes intra-communautaires de cette partie de l\u2019Afrique se chiffrent \u00e0 3% du commerce ext\u00e9rieur ce qui repr\u00e9sente le taux le plus faible en Afrique subsaharienne.<\/p>\n<p>Avec le projet de cr\u00e9ation d\u2019un label \u00ab\u00a0Made in Central Africa\u00a0\u00bb, que la CEA, la Cemac et la Ceaac envisage, mettre sur pied, l\u2019on envisage alors booster les \u00e9changes commerciaux intra-communautaires de la r\u00e9gion. Ce projet rejoint ainsi un autre d\u00e9j\u00e0 en place qu\u2019est l\u2019agr\u00e9gation au r\u00e9gime pr\u00e9f\u00e9rentiel Cemac.<\/p>\n<p><strong>Lire aussi<\/strong> : <a href=\"https:\/\/ecomatin.net\/balance-commerciale-comment-reduire-les-importations-du-cameroun\/\">Balance commerciale\u00a0: comment r\u00e9duire les importations du Cameroun\u00a0?<\/a><\/p>\n<div class=\"awac-wrapper awac widget posts-list-widget-11\">\n<h4 class=\"widget-title\">Le plus r\u00e9cent<\/h4>\n<\/div>\n<p>Auteur: Eco Matin<br \/>\n<a href=\"https:\/\/ecomatin.net\/commerce-exterieur-le-cameroun-nachete-presque-rien-chez-ses-voisins\/\">Cliquez ici pour lire l&rsquo;article depuis sa source.<\/a><\/p>\n","protected":false},"excerpt":{"rendered":"<p>La note sur le Commerce ext\u00e9rieure en 2019 rendue publique par l\u2019Institut national de la statistique r\u00e9v\u00e8le que le d\u00e9ficit de la balance commerciale s\u2019est creus\u00e9 au cours de cette p\u00e9riode pour se situer \u00e0 1 464,2 milliards de FCFA, enregistrant ainsi une aggravation de 171,3 milliards de FCFA (13,3%) par rapport \u00e0 l\u2019ann\u00e9e 2018. [&hellip;]<\/p>\n","protected":false},"author":1969,"featured_media":0,"comment_status":"closed","ping_status":"closed","sticky":false,"template":"","format":"standard","meta":{"fifu_image_url":"","fifu_image_alt":"","footnotes":""},"categories":[82,78],"tags":[],"class_list":["post-101241","post","type-post","status-publish","format-standard","hentry","category-cameroun","category-economie"],"_links":{"self":[{"href":"https:\/\/linitiative.ca\/International\/wp-json\/wp\/v2\/posts\/101241","targetHints":{"allow":["GET"]}}],"collection":[{"href":"https:\/\/linitiative.ca\/International\/wp-json\/wp\/v2\/posts"}],"about":[{"href":"https:\/\/linitiative.ca\/International\/wp-json\/wp\/v2\/types\/post"}],"author":[{"embeddable":true,"href":"https:\/\/linitiative.ca\/International\/wp-json\/wp\/v2\/users\/1969"}],"replies":[{"embeddable":true,"href":"https:\/\/linitiative.ca\/International\/wp-json\/wp\/v2\/comments?post=101241"}],"version-history":[{"count":0,"href":"https:\/\/linitiative.ca\/International\/wp-json\/wp\/v2\/posts\/101241\/revisions"}],"wp:attachment":[{"href":"https:\/\/linitiative.ca\/International\/wp-json\/wp\/v2\/media?parent=101241"}],"wp:term":[{"taxonomy":"category","embeddable":true,"href":"https:\/\/linitiative.ca\/International\/wp-json\/wp\/v2\/categories?post=101241"},{"taxonomy":"post_tag","embeddable":true,"href":"https:\/\/linitiative.ca\/International\/wp-json\/wp\/v2\/tags?post=101241"}],"curies":[{"name":"wp","href":"https:\/\/api.w.org\/{rel}","templated":true}]}}