{"id":101250,"date":"2020-10-09T11:38:24","date_gmt":"2020-10-09T15:38:24","guid":{"rendered":"https:\/\/linitiative.ca\/International\/tibuxsidiali-un-1er-centre-demancipation-des-adolescentes-par-le-football\/"},"modified":"2020-10-09T11:38:24","modified_gmt":"2020-10-09T15:38:24","slug":"tibuxsidiali-un-1er-centre-demancipation-des-adolescentes-par-le-football","status":"publish","type":"post","link":"https:\/\/linitiative.ca\/International\/tibuxsidiali-un-1er-centre-demancipation-des-adolescentes-par-le-football\/","title":{"rendered":"\u00abTIBUxSidiali\u00bb : Un 1er centre d\u2019\u00e9mancipation des adolescentes par le Football"},"content":{"rendered":"<header>\n<div class=\"entry-post-meta\">\n<div class=\"author-link\">Publi\u00e9 par <a itemprop=\"author\" itemscope=\"\" itemtype=\"https:\/\/schema.org\/Person\" href=\"https:\/\/aujourdhui.ma\/author\/kaid\" rel=\"author\"><span itemprop=\"name\">ALM<\/span><\/a><\/div>\n<p>Date\u00a0:<time content=\"2020-10-09T16:38:24+01:00\" class=\"entry-date updated\" datetime=\"2020-10-09T16:38:24+01:00\">octobre 09, 2020<\/time><\/p>\n<div class=\"entry-cat\">dans:<a href=\"https:\/\/aujourdhui.ma\/category\/sports\" rel=\"category tag\">Sports<\/a>, <a href=\"https:\/\/aujourdhui.ma\/category\/une\" rel=\"category tag\">Une<\/a><\/div>\n<p>0 Vues<\/p>\n<\/div>\n<\/header>\n<div class=\"entry-content clearfix\" readability=\"48\"><img decoding=\"async\" class=\"post_layout_5_img\" src=\"http:\/\/aujourdhui.ma\/wp-content\/uploads\/2020\/10\/CENTRE-TIBUxSIDI-ALI-.jpg\" alt=\"&#xAB;TIBUxSidiali&#xBB; : Un 1er centre d&#x2019;&#xE9;mancipation des adolescentes par le Football\"\/><\/p>\n<p><span class=\"c6\"><span class=\"c5\"><strong>Tibu Maroc et les Eaux min\u00e9rales d\u2019Oulm\u00e8s c\u00e9l\u00e8brent en grande pompe la journ\u00e9e mondiale de la fille adolescente.<\/strong><\/span><span id=\"more-357495\"\/><\/span><\/p>\n<p>A cette occasion, les deux entit\u00e9s inaugurent le premier centre d\u2019\u00e9mancipation des jeunes filles adolescentes par le Football \u00e0 Ouled Saleh- Bouskoura. Une initiative men\u00e9e en partenariat avec le minist\u00e8re de l\u2019\u00e9ducation nationale, l\u2019acad\u00e9mie r\u00e9gionale de l\u2019\u00e9ducation et de la formation Casa-Settat et la Direction Provinciale de Nouaceur. Baptis\u00e9 \u00ab TIBUxSidiali pour l\u2019\u00e9mancipation des jeunes filles adolescentes par le sport \u00bb, ce projet \u00e0 fort impact social vise \u00e0 cr\u00e9er un espace s\u00fbr pour permettre \u00e0 une centaine de filles \u00e2g\u00e9es de 8 \u00e0 12 ans d\u2019acc\u00e9der \u00e0 la pratique r\u00e9guli\u00e8re de sport et d\u2019activit\u00e9s de d\u00e9veloppement des comp\u00e9tences motrices, cognitives et socio-affectives, tout en contribuant \u00e0 briser les barri\u00e8res sociales et \u00e9quiper ces jeunes filles de comp\u00e9tences essentielles de la vie.<\/p>\n<p><a href=\"https:http:\/\/aujourdhui.ma\/wp-content\/uploads\/2020\/10\/CENTRE-TIBUxSIDI-ALI.jpg\"><img decoding=\"async\" loading=\"lazy\" class=\"size-full wp-image-357497 aligncenter\" src=\"http:\/\/aujourdhui.ma\/wp-content\/uploads\/2020\/10\/CENTRE-TIBUxSIDI-ALI.jpg\" alt=\"\" width=\"746\" height=\"380\" srcset=\"http:\/\/aujourdhui.ma\/wp-content\/uploads\/2020\/10\/CENTRE-TIBUxSIDI-ALI.jpg 746w, \/\/aujourdhui.ma\/wp-content\/uploads\/2020\/10\/CENTRE-TIBUxSIDI-ALI-300x153.jpg 300w, \/\/aujourdhui.ma\/wp-content\/uploads\/2020\/10\/CENTRE-TIBUxSIDI-ALI-274x140.jpg 274w, \/\/aujourdhui.ma\/wp-content\/uploads\/2020\/10\/CENTRE-TIBUxSIDI-ALI-165x84.jpg 165w, \/\/aujourdhui.ma\/wp-content\/uploads\/2020\/10\/CENTRE-TIBUxSIDI-ALI-702x358.jpg 702w\" sizes=\"auto, (max-width: 746px) 100vw, 746px\"\/><\/a><\/p>\n<p>Notons qu\u2019\u00e0 travers ce projet, TIBU Maroc et Les Eaux Min\u00e9rales d\u2019Oulm\u00e8s contribuent \u00e0 la r\u00e9alisation de l\u2019objectif n\u00b05 de d\u00e9veloppement durable (ODD) qui consiste \u00e0 l\u2019\u00e9galit\u00e9 entre les sexes et consid\u00e8re le sport comme \u00e9tant un v\u00e9ritable levier pour y parvenir.<\/p>\n<\/div>\n<p>Auteur: ALM<br \/>\n<a href=\"https:\/\/aujourdhui.ma\/une\/tibuxsidiali-un-1er-centre-demancipation-des-adolescentes-par-le-football\">Cliquez ici pour lire l&rsquo;article depuis sa source.<\/a><\/p>\n","protected":false},"excerpt":{"rendered":"<p>Publi\u00e9 par ALM Date\u00a0:octobre 09, 2020 dans:Sports, Une 0 Vues Tibu Maroc et les Eaux min\u00e9rales d\u2019Oulm\u00e8s c\u00e9l\u00e8brent en grande pompe la journ\u00e9e mondiale de la fille adolescente. A cette occasion, les deux entit\u00e9s inaugurent le premier centre d\u2019\u00e9mancipation des jeunes filles adolescentes par le Football \u00e0 Ouled Saleh- Bouskoura. Une initiative men\u00e9e en partenariat [&hellip;]<\/p>\n","protected":false},"author":1759,"featured_media":101251,"comment_status":"closed","ping_status":"closed","sticky":false,"template":"","format":"standard","meta":{"fifu_image_url":"","fifu_image_alt":"","footnotes":""},"categories":[73,54],"tags":[],"class_list":["post-101250","post","type-post","status-publish","format-standard","has-post-thumbnail","hentry","category-actualite","category-maroc"],"_links":{"self":[{"href":"https:\/\/linitiative.ca\/International\/wp-json\/wp\/v2\/posts\/101250","targetHints":{"allow":["GET"]}}],"collection":[{"href":"https:\/\/linitiative.ca\/International\/wp-json\/wp\/v2\/posts"}],"about":[{"href":"https:\/\/linitiative.ca\/International\/wp-json\/wp\/v2\/types\/post"}],"author":[{"embeddable":true,"href":"https:\/\/linitiative.ca\/International\/wp-json\/wp\/v2\/users\/1759"}],"replies":[{"embeddable":true,"href":"https:\/\/linitiative.ca\/International\/wp-json\/wp\/v2\/comments?post=101250"}],"version-history":[{"count":0,"href":"https:\/\/linitiative.ca\/International\/wp-json\/wp\/v2\/posts\/101250\/revisions"}],"wp:featuredmedia":[{"embeddable":true,"href":"https:\/\/linitiative.ca\/International\/wp-json\/"}],"wp:attachment":[{"href":"https:\/\/linitiative.ca\/International\/wp-json\/wp\/v2\/media?parent=101250"}],"wp:term":[{"taxonomy":"category","embeddable":true,"href":"https:\/\/linitiative.ca\/International\/wp-json\/wp\/v2\/categories?post=101250"},{"taxonomy":"post_tag","embeddable":true,"href":"https:\/\/linitiative.ca\/International\/wp-json\/wp\/v2\/tags?post=101250"}],"curies":[{"name":"wp","href":"https:\/\/api.w.org\/{rel}","templated":true}]}}