{"id":101258,"date":"2020-10-09T12:23:41","date_gmt":"2020-10-09T16:23:41","guid":{"rendered":"https:\/\/linitiative.ca\/International\/letat-durgence-sanitaire-prolonge-jusquau-10-novembre\/"},"modified":"2020-10-09T12:23:41","modified_gmt":"2020-10-09T16:23:41","slug":"letat-durgence-sanitaire-prolonge-jusquau-10-novembre","status":"publish","type":"post","link":"https:\/\/linitiative.ca\/International\/letat-durgence-sanitaire-prolonge-jusquau-10-novembre\/","title":{"rendered":"L\u2019\u00e9tat d\u2019urgence sanitaire prolong\u00e9 jusqu\u2019au 10 novembre"},"content":{"rendered":"<div readability=\"37\">\n<p>Le Conseil du gouvernement, r\u00e9uni jeudi \u00e0 Rabat, a d\u00e9cid\u00e9 la prorogation de l\u2019\u00e9tat d\u2019urgence sanitaire jusqu\u2019au 10 novembre prochain, et ce dans le cadre des efforts d\u00e9ploy\u00e9s en vue de lutter contre la propagation de Covid-19.<\/p>\n<\/div>\n<div readability=\"113\">\n<p class=\"c5\">Le Conseil a adopt\u00e9 le projet de d\u00e9cret N\u00b02.20.631 portant prolongation de la p\u00e9riode de validit\u00e9 de l\u2019\u00e9tat d\u2019urgence sanitaire sur l\u2019ensemble du territoire national pour faire face au Covid-19, a indiqu\u00e9, M. Saaid Amzazi, porte-parole du gouvernement, dans un communiqu\u00e9 lu lors d\u2019un point de presse \u00e0 l\u2019issue de la r\u00e9union hebdomadaire du conseil r\u00e9uni sous la pr\u00e9sidence du chef du gouvernement Saad Dine El Otmani.<\/p>\n<p class=\"c5\">Pr\u00e9sent\u00e9 par le ministre d\u00e9l\u00e9gu\u00e9 aupr\u00e8s du ministre de l\u2019Int\u00e9rieur, ce projet de d\u00e9cret, qui prolonge l\u2019\u00e9tat d\u2019urgence sanitaire du samedi 10 octobre \u00e0 18h00 jusqu\u2019au mardi 10 novembre \u00e0 18h00, renseigne sur le souci des autorit\u00e9s publiques de garantir l\u2019efficacit\u00e9 et l\u2019efficience des mesures prises contre la propagation de Covid-19, tout en veillant \u00e0 l\u2019ad\u00e9quation des dispositions prises au niveau de chaque r\u00e9gion, pr\u00e9fecture ou province, avec l\u2019\u00e9volution de la situation \u00e9pid\u00e9mique, a-t-il expliqu\u00e9.<\/p>\n<p class=\"c5\">En vertu de ce projet de d\u00e9cret, l\u2019autorit\u00e9 gouvernementale charg\u00e9e de l\u2019Int\u00e9rieur est habilit\u00e9e \u00e0 prendre, \u00e0 la lumi\u00e8re de la situation \u00e9pid\u00e9mique, toutes les mesures ad\u00e9quates \u00e0 l\u2019\u00e9chelle nationale, a ajout\u00e9 M. Amzazi, faisant savoir que les walis des r\u00e9gions et les gouverneurs des pr\u00e9fectures et des provinces sont en mesure de prendre toutes les mesures ex\u00e9cutives n\u00e9cessaires au niveau d\u2019une pr\u00e9fecture, province, commune ou plus, et ce pour maintenir l\u2019ordre public sanitaire.<\/p>\n<p class=\"c5\">Citant le Chef du gouvernement dans une allocation lors de cette r\u00e9union, le porte-parole a indiqu\u00e9 que la prolongation de l\u2019\u00e9tat d\u2019urgence sanitaire est dict\u00e9e par la situation \u00e9pid\u00e9mique \u00ab\u00a0inqui\u00e9tante\u00a0\u00bb non seulement dans le Royaume, mais de par le monde, relevant que l\u2019humanit\u00e9 est toujours aux prises avec cette \u00e9pid\u00e9mie et elle est affect\u00e9e ces derni\u00e8res semaines par sa propagation rapide. Les informations en provenance de divers pays, en particulier ceux du voisinage, montrent qu\u2019il y a une recrudescence quotidienne des cas.<\/p>\n<p class=\"c5\">M. El Otmani a \u00e9galement mis l\u2019accent sur la n\u00e9cessit\u00e9 de prendre des mesures collectives de pr\u00e9caution dans toutes les r\u00e9gions o\u00f9 surgissent de grands clusters ou l\u2019on enregistre une augmentation selon les crit\u00e8res fix\u00e9s par les autorit\u00e9s sanitaires et vis-\u00e0-vis desquelles des d\u00e9cisions sont prises avec les autorit\u00e9s s\u00e9curitaires et territoriales soit en durcissant les mesures ou en interdisant certaines activit\u00e9s au niveau des quartiers, des communes et des villes.<\/p>\n<p class=\"c5\">Le gouvernement est conscient que certaines de ces mesures ont un impact direct sur la vie sociale et \u00e9conomique des citoyens, mais ce sont-l\u00e0 des mesures n\u00e9cessaires prises m\u00eame dans les grandes capitales mondiales, d\u2019autant plus qu\u2019il n\u2019y a pas de vaccin direct, a-t-il expliqu\u00e9, exhortant par la m\u00eame les citoyens \u00e0 ne pas l\u00e2cher prise face au virus malgr\u00e9 la dur\u00e9e et la difficult\u00e9 de la situation.<\/p>\n<p>Il est n\u00e9cessaire de faire preuve d\u2019engagement vis-\u00e0-vis de ces mesures pour que l\u2019activit\u00e9 \u00e9conomique et sociale se poursuive, ainsi que l\u2019enseignement. C\u2019est l\u00e0 o\u00f9 r\u00e9side la difficult\u00e9 de la prise de d\u00e9cision dans de telles circonstances et situations, a-t-il not\u00e9.<\/p>\n<p class=\"c5\">M. El Otmani a en outre appel\u00e9 tout un chacun \u00e0 continuer \u00e0 faire montre de mobilisation derri\u00e8re SM le Roi Mohammed VI, que Dieu L\u2019assiste, pour garantir la \u00ab\u00a0r\u00e9ussite du mod\u00e8le marocain face \u00e0 la pand\u00e9mie\u00a0\u00bb, faisant remarquer qu\u2019en d\u00e9pit de la recrudescence du nombre de cas de contaminations et de d\u00e9c\u00e8s durant les deux derniers mois, le Maroc enregistre un succ\u00e8s important en mati\u00e8re de lutte contre le nouveau coronavirus, par rapport \u00e0 d\u2019autres pays de voisinage, notamment.<\/p>\n<p class=\"c5\">Avec la mobilisation collective, le succ\u00e8s sera mieux et grand, a-t-il relev\u00e9, tout en mettant en avant le leadership de Sa Majest\u00e9 le Roi et les Hautes orientations royales qui visent \u00e0 pr\u00e9munir le pays contre les r\u00e9percussions de la pand\u00e9mie.<\/p>\n<\/div>\n<p>Auteur: Meriem IGASS<br \/>\n<a href=\"http:\/\/www.mapmarrakech.ma\/fr\/letat-durgence-sanitaire-prolonge-jusquau-10-novembre-prochain\/\">Cliquez ici pour lire l&rsquo;article depuis sa source.<\/a><\/p>\n","protected":false},"excerpt":{"rendered":"<p>Le Conseil du gouvernement, r\u00e9uni jeudi \u00e0 Rabat, a d\u00e9cid\u00e9 la prorogation de l\u2019\u00e9tat d\u2019urgence sanitaire jusqu\u2019au 10 novembre prochain, et ce dans le cadre des efforts d\u00e9ploy\u00e9s en vue de lutter contre la propagation de Covid-19. Le Conseil a adopt\u00e9 le projet de d\u00e9cret N\u00b02.20.631 portant prolongation de la p\u00e9riode de validit\u00e9 de l\u2019\u00e9tat [&hellip;]<\/p>\n","protected":false},"author":1788,"featured_media":0,"comment_status":"closed","ping_status":"closed","sticky":false,"template":"","format":"standard","meta":{"fifu_image_url":"","fifu_image_alt":"","footnotes":""},"categories":[54,76],"tags":[],"class_list":["post-101258","post","type-post","status-publish","format-standard","hentry","category-maroc","category-regions"],"_links":{"self":[{"href":"https:\/\/linitiative.ca\/International\/wp-json\/wp\/v2\/posts\/101258","targetHints":{"allow":["GET"]}}],"collection":[{"href":"https:\/\/linitiative.ca\/International\/wp-json\/wp\/v2\/posts"}],"about":[{"href":"https:\/\/linitiative.ca\/International\/wp-json\/wp\/v2\/types\/post"}],"author":[{"embeddable":true,"href":"https:\/\/linitiative.ca\/International\/wp-json\/wp\/v2\/users\/1788"}],"replies":[{"embeddable":true,"href":"https:\/\/linitiative.ca\/International\/wp-json\/wp\/v2\/comments?post=101258"}],"version-history":[{"count":0,"href":"https:\/\/linitiative.ca\/International\/wp-json\/wp\/v2\/posts\/101258\/revisions"}],"wp:attachment":[{"href":"https:\/\/linitiative.ca\/International\/wp-json\/wp\/v2\/media?parent=101258"}],"wp:term":[{"taxonomy":"category","embeddable":true,"href":"https:\/\/linitiative.ca\/International\/wp-json\/wp\/v2\/categories?post=101258"},{"taxonomy":"post_tag","embeddable":true,"href":"https:\/\/linitiative.ca\/International\/wp-json\/wp\/v2\/tags?post=101258"}],"curies":[{"name":"wp","href":"https:\/\/api.w.org\/{rel}","templated":true}]}}