{"id":101264,"date":"2020-10-09T15:13:44","date_gmt":"2020-10-09T19:13:44","guid":{"rendered":"https:\/\/linitiative.ca\/International\/afrique-cavalli-nouveau-selectionneur-du-niger\/"},"modified":"2020-10-09T15:13:44","modified_gmt":"2020-10-09T19:13:44","slug":"afrique-cavalli-nouveau-selectionneur-du-niger","status":"publish","type":"post","link":"https:\/\/linitiative.ca\/International\/afrique-cavalli-nouveau-selectionneur-du-niger\/","title":{"rendered":"Afrique : Cavalli, nouveau s\u00e9lectionneur du Niger"},"content":{"rendered":"<div readability=\"32\">\n<p>Auteur : <span class=\"time\">vendredi 09 octobre 2020 13:59<\/span><\/p>\n<\/div>\n<div id=\"post_core\" readability=\"41\">\n<p>Le technicien fran\u00e7ais, Jean Michel Cavalli est devenu officiellement le nouveau s\u00e9lectionneur de l&rsquo;\u00e9quipe nationale du Niger. L\u2019ancien entra\u00eeneur des Verts a paraph\u00e9 un contrat de deux ans (plus deux) avec le Mena, engag\u00e9 dans les \u00e9liminatoires de la CAN 2022 avec deux matches \u00e0 venir contre l&rsquo;Ethiopie le mois prochain. Il a \u00e9galement la perspective de disputer les \u00e9liminatoires de la Coupe du monde 2022 dans le groupe de l&rsquo;Alg\u00e9rie, du Burkina Faso et de Djibouti. Entre temps, Cavalli va diriger le Niger lors du tournoi international organis\u00e9 ces jours-ci \u00e0 Niamey, auquel participent \u00e9galement le Niger A&rsquo;, le Tchad et la Sierra Leone.<\/p>\n<p><strong>Publi\u00e9 dans :<\/strong> <span>Cavalli<\/span><\/p>\n<\/div>\n<p>Auteur:<br \/>\n<a href=\"http:\/\/www.lebuteur.com\/article\/detail?titre=cavalli-nouveau-selectionneur-du-niger&#038;id=97550&#038;utm_source=feedburner&#038;utm_medium=feed&#038;utm_campaign=Feed%3A+GalerieFArtciles+%28Les+derniers+articles++-+lebuteur.com%29\">Cliquez ici pour lire l&rsquo;article depuis sa source.<\/a><\/p>\n","protected":false},"excerpt":{"rendered":"<p>Auteur : vendredi 09 octobre 2020 13:59 Le technicien fran\u00e7ais, Jean Michel Cavalli est devenu officiellement le nouveau s\u00e9lectionneur de l&rsquo;\u00e9quipe nationale du Niger. L\u2019ancien entra\u00eeneur des Verts a paraph\u00e9 un contrat de deux ans (plus deux) avec le Mena, engag\u00e9 dans les \u00e9liminatoires de la CAN 2022 avec deux matches \u00e0 venir contre l&rsquo;Ethiopie [&hellip;]<\/p>\n","protected":false},"author":1738,"featured_media":101265,"comment_status":"closed","ping_status":"closed","sticky":false,"template":"","format":"standard","meta":{"fifu_image_url":"","fifu_image_alt":"","footnotes":""},"categories":[53,75],"tags":[],"class_list":["post-101264","post","type-post","status-publish","format-standard","has-post-thumbnail","hentry","category-algerie","category-sport"],"_links":{"self":[{"href":"https:\/\/linitiative.ca\/International\/wp-json\/wp\/v2\/posts\/101264","targetHints":{"allow":["GET"]}}],"collection":[{"href":"https:\/\/linitiative.ca\/International\/wp-json\/wp\/v2\/posts"}],"about":[{"href":"https:\/\/linitiative.ca\/International\/wp-json\/wp\/v2\/types\/post"}],"author":[{"embeddable":true,"href":"https:\/\/linitiative.ca\/International\/wp-json\/wp\/v2\/users\/1738"}],"replies":[{"embeddable":true,"href":"https:\/\/linitiative.ca\/International\/wp-json\/wp\/v2\/comments?post=101264"}],"version-history":[{"count":0,"href":"https:\/\/linitiative.ca\/International\/wp-json\/wp\/v2\/posts\/101264\/revisions"}],"wp:featuredmedia":[{"embeddable":true,"href":"https:\/\/linitiative.ca\/International\/wp-json\/"}],"wp:attachment":[{"href":"https:\/\/linitiative.ca\/International\/wp-json\/wp\/v2\/media?parent=101264"}],"wp:term":[{"taxonomy":"category","embeddable":true,"href":"https:\/\/linitiative.ca\/International\/wp-json\/wp\/v2\/categories?post=101264"},{"taxonomy":"post_tag","embeddable":true,"href":"https:\/\/linitiative.ca\/International\/wp-json\/wp\/v2\/tags?post=101264"}],"curies":[{"name":"wp","href":"https:\/\/api.w.org\/{rel}","templated":true}]}}