{"id":101277,"date":"2020-10-09T04:28:00","date_gmt":"2020-10-09T08:28:00","guid":{"rendered":"https:\/\/linitiative.ca\/International\/lambassadeur-hafedh-bejjar-reprend-le-dossier-du-sommet-francophone-de-djerba-2021\/"},"modified":"2020-10-09T04:28:00","modified_gmt":"2020-10-09T08:28:00","slug":"lambassadeur-hafedh-bejjar-reprend-le-dossier-du-sommet-francophone-de-djerba-2021","status":"publish","type":"post","link":"https:\/\/linitiative.ca\/International\/lambassadeur-hafedh-bejjar-reprend-le-dossier-du-sommet-francophone-de-djerba-2021\/","title":{"rendered":"L\u2019ambassadeur Hafedh Bejjar reprend le dossier du Sommet francophone de Djerba 2021"},"content":{"rendered":"<p>Le secr\u00e9tariat g\u00e9n\u00e9ral de l\u2019Organisation internationale de la Francophonie (Paris), pousse un grand ouf ! de soulagement. Voici une bonne d\u00e9cision de Carthage qui la rassure.\u00a0Sollicit\u00e9 de nouveau par la Pr\u00e9sidence de la R\u00e9publique, l\u2019ambassadeur (r) Hafedh Bejjar accept\u00e9 de reprendre en main la coordination des pr\u00e9paratifs pour la tenue en <span class=\"c2\"><strong>novembre prochain \u00e0 Djerba<\/strong><\/span> du 18\u00e8me Sommet mondial de la Francophonie. Initialement en charge du dossier, depuis 2019, sous l\u2019autorit\u00e9 du pr\u00e9sident d\u00e9funt B\u00e9ji Ca\u00efd Essebsi, il avait fini, n\u2019ayant pas \u00e9t\u00e9 retenu par son successeur, de se retirer discr\u00e8tement. <a href=\"https:\/\/www.leaders.com.tn\/article\/28568-mohamed-lasaad-ben-lamine\">Mohamed Lassaad Ben Lamine<\/a>, diplomate de carri\u00e8re, sera en effet nomm\u00e9 commissaire g\u00e9n\u00e9ral du Sommet, en d\u00e9cembre 2019, pour un bail de courte dur\u00e9e qui n\u2019a pas \u00e9t\u00e9 prolong\u00e9.<a href=\"https:\/\/www.leaders.com.tn\/article\/29964-le-sommet-de-la-francophonie-repousse-a-2021-et-deplace-a-djerba-une-organisation-exceptionnelle-s-impose\">Initialement pr\u00e9vu les 12 et 13 d\u00e9cembre 2020, \u00e0 Tunis<\/a>, le Sommet a <span class=\"c2\"><strong>repouss\u00e9 au mois de novembre prochain et d\u00e9plac\u00e9 \u00e0 Djerba<\/strong><\/span>.<\/p>\n<p>L\u2019ambassadeur Hafdeh Bejjar devait en fait reprendre ses fonctions il y a quelques mois d\u00e9j\u00e0. Un contretemps en avait retard\u00e9 l\u2019officialisation. Aujourd\u2019hui, c\u2019est chose faite. Les d\u00e9lais, \u00e0 un an seulement de la nouvelle date du sommet, sont cependant extr\u00eamement serr\u00e9s.\u00a0Aussi, plusieurs options sont \u00e0 envisager, selon l\u2019\u00e9volution de la situation \u00e9pid\u00e9miologique, en Tunisie et dans les pays membres de la Francophonie.\u00a0 Entre un sommet pr\u00e9sentiel et une formule par visio-conf\u00e9rence, voire une troisi\u00e8me mixte, toit \u00eatre pens\u00e9, con\u00e7us et mis en \u0153uvre.<\/p>\n<h2>Une mission tr\u00e8s d\u00e9licate<\/h2>\n<p>Il faut reconna\u00eetre que les \u00e9quipes de la Pr\u00e9sidence de la R\u00e9publique (cellule diplomatique, s\u00e9curit\u00e9, protocole, etc.), sont bien r\u00f4d\u00e9es et savent travailler en toute harmonie avec les autres d\u00e9partements minist\u00e9riels, \u00e0 commencer par les Affaires \u00e9trang\u00e8res. Aussi, l\u2019exp\u00e9rience de l\u2019ambassadeur <a href=\"https:\/\/www.leaders.com.tn\/article\/25213-hafedh-bejar\">Hafedh Bejjar<\/a>, qui avait assum\u00e9 les m\u00eames fonctions pour la tenue \u00e0 Tunis, fin mars 2019, du 30\u00e8me sommet arabe, couronn\u00e9 par le succ\u00e8s unanimement reconnu, sera d\u2019un apport consid\u00e9rable. Diplomate de carri\u00e8re, avec comme dernier poste ambassadeur \u00e0 Berne (Suisse), Hafedh Bejjar compte dans son palmar\u00e8s des dizaines de conf\u00e9rences internationales et sommets, durant pr\u00e8s de 30 ans d\u2019une carri\u00e8re r\u00e9ussie.<\/p>\n<p>Calme, discret, efficace, cultivant le sens du leadership et l\u2019esprit du travail en \u00e9quipe, disent de lui ceux qui ont eu l\u2019occasion de travailler avec lui notamment en temps de haute tension, il a toujours fait montre d\u2019organisation, d\u2019anticipation et d\u2019attention \u00e0 tous les d\u00e9tails. Cet, \u00e9narque, doubl\u00e9 de conseiller des services publics, longtemps en charge de la direction g\u00e9n\u00e9rale des affaires administratives et financi\u00e8res, au minist\u00e8re des Affaires \u00e9trang\u00e8res, puis en qualit\u00e9 de conseiller aupr\u00e8s de ministres successifs, est appr\u00e9ci\u00e9 pour ses qualit\u00e9s de diplomate chevronn\u00e9 et de logisticien efficace. La ministre-directeur du cabinet pr\u00e9sidentiel, Nadia Akacha qui l\u2019a choisi pour cette nouvelle mission trouvera en lui, comme l\u2019ensemble des membres des diff\u00e9rentes commissions pr\u00e9paratoires, coordination, r\u00e9solution des difficult\u00e9s et sens de l\u2019aboutissement r\u00e9ussi.<\/p>\n<h2>Tout un dispositif avait \u00e9t\u00e9 mis en place, depuis 2019<\/h2>\n<p>C\u2019est ainsi qu\u2019un d\u00e9cret gouvernemental (n\u00b0 <a href=\"https:\/\/legislation-securite.tn\/fr\/node\/104662\" target=\"_blank\" rel=\"noopener noreferrer\">2019-428 du 20 mai 2019<\/a>), a \u00e9t\u00e9 pris, portant cr\u00e9ation, d\u2019un comit\u00e9 national d\u2019organisation du 18\u00e8me sommet de la francophonie en 2020 \u00e0 Tunis et fixant son organisation et son mode de fonctionnement. En son article premier, il stipule qu\u2019il est cr\u00e9\u00e9 aupr\u00e8s du minist\u00e8re des affaires \u00e9trang\u00e8res un comit\u00e9 national d\u2019organisation du 18\u00e8me sommet de la francophonie, qui se tiendra \u00e0 Tunis en 2020, d\u00e9sign\u00e9 ci-apr\u00e8s \u00ab comit\u00e9 national \u00bb. Le comit\u00e9 national exerce, selon l\u2019article 2, ses attributions sous la supervision du Pr\u00e9sident de la R\u00e9publique. Il constitue le cadre institutionnel l\u00e9gal pour l\u2019ex\u00e9cution des actions li\u00e9es \u00e0 l\u2019organisation du sommet. Aussi, le ministre des affaires \u00e9trang\u00e8res assure la pr\u00e9sidence du comit\u00e9 national qui se compose des membres suivants : &#8211; un repr\u00e9sentant de la Pr\u00e9sidence de la R\u00e9publique, &#8211; le repr\u00e9sentant personnel du Pr\u00e9sident de la R\u00e9publique aupr\u00e8s de l\u2019organisation internationale de la francophonie, &#8211; un repr\u00e9sentant de la Pr\u00e9sidence du gouvernement, ainsi que des d\u00e9partements concern\u00e9s.<\/p>\n<p>De m\u00eame, sont cr\u00e9\u00e9es aupr\u00e8s du comit\u00e9 national les deux structures suivantes : &#8211; le comit\u00e9 ex\u00e9cutif, &#8211; le comit\u00e9 th\u00e9matique et \u00e9v\u00e9nementiel, ainsi qu\u2019un secr\u00e9tariat aupr\u00e8s du comit\u00e9 national. Il exerce ses attributions sous l\u2019autorit\u00e9 et le contr\u00f4le du Pr\u00e9sident du comit\u00e9 national.<\/p>\n<p>Cette architecture est compl\u00e9t\u00e9e par la cr\u00e9ation de six commissions sp\u00e9cialis\u00e9es (arr\u00eat\u00e9s du 12 septembre 2019) charg\u00e9es respectivement de la communication, la s\u00e9curit\u00e9, le protocole et les relations publiques, les affaires administratives et financi\u00e8res, la logistique et la sant\u00e9. La pr\u00e9sidence des cinq premi\u00e8res commissions est assur\u00e9e par la pr\u00e9sidence de la R\u00e9publique alors que celle de la sant\u00e9 est confi\u00e9e au minist\u00e8re de la Sant\u00e9.<br \/>\u00a0<\/p>\n<p>Lire aussi:<\/p>\n<p class=\"c4\" encode=\"\" font-size:=\"\" font-style:=\"\" font-variant-ligatures:=\"\" font-variant-caps:=\"\" font-weight:=\"\" letter-spacing:=\"\" orphans:=\"\" text-align:=\"\" text-indent:=\"\" text-transform:=\"\" white-space:=\"\" widows:=\"\" word-spacing:=\"\" background-color:=\"\" text-decoration-style:=\"\" text-decoration-color:=\"\"><a href=\"https:\/\/www.leaders.com.tn\/article\/25669-tout-sur-le-xviieme-sommet-de-la-francophonie-qui-s-ouvre-ce-jeudi-a-erevan-en-armenie\" target=\"_blank\" class=\"c3\" rel=\"noopener noreferrer\">Tout sur le XVII\u00e8me Sommet de la Francophonie qui s\u2019ouvre ce jeudi \u00e0 Erevan en Arm\u00e9nie<\/a><\/p>\n<p class=\"c4\" encode=\"\" font-size:=\"\" font-style:=\"\" font-variant-ligatures:=\"\" font-variant-caps:=\"\" font-weight:=\"\" letter-spacing:=\"\" orphans:=\"\" text-align:=\"\" text-indent:=\"\" text-transform:=\"\" white-space:=\"\" widows:=\"\" word-spacing:=\"\" background-color:=\"\" text-decoration-style:=\"\" text-decoration-color:=\"\"><a href=\"https:\/\/www.leaders.com.tn\/article\/25663-caid-essebsi-sur-les-traces-de-bourguiba-diori-et-senghor-pour-donner-a-la-francophonie-une-autre-dimension\" target=\"_blank\" class=\"c3\" rel=\"noopener noreferrer\">Ca\u00efd Essebsi, sur les traces de Bourguiba, Diori et Senghor, pour donner \u00e0 la Francophonie une autre dimension<\/a><\/p>\n<p class=\"c4\" encode=\"\" font-size:=\"\" font-style:=\"\" font-variant-ligatures:=\"\" font-variant-caps:=\"\" font-weight:=\"\" letter-spacing:=\"\" orphans:=\"\" text-align:=\"\" text-indent:=\"\" text-transform:=\"\" white-space:=\"\" widows:=\"\" word-spacing:=\"\" background-color:=\"\" text-decoration-style:=\"\" text-decoration-color:=\"\"><a href=\"https:\/\/www.leaders.com.tn\/article\/25678-l-arabie-saoudite-reporte-au-sommet-de-tunis-en-2020-sa-demande-d-adhesion-a-la-francophonie\" target=\"_blank\" class=\"c3\" rel=\"noopener noreferrer\">L\u2019Arabie Saoudite reporte au Sommet de Tunis en 2020 sa demande d&rsquo;adh\u00e9sion \u00e0 la Francophonie<\/a><\/p>\n<p>Auteur:<br \/>\n<a href=\"https:\/\/www.leaders.com.tn\/article\/30711-hafedh-bejar\">Cliquez ici pour lire l&rsquo;article depuis sa source.<\/a><\/p>\n","protected":false},"excerpt":{"rendered":"<p>Le secr\u00e9tariat g\u00e9n\u00e9ral de l\u2019Organisation internationale de la Francophonie (Paris), pousse un grand ouf ! de soulagement. Voici une bonne d\u00e9cision de Carthage qui la rassure.\u00a0Sollicit\u00e9 de nouveau par la Pr\u00e9sidence de la R\u00e9publique, l\u2019ambassadeur (r) Hafedh Bejjar accept\u00e9 de reprendre en main la coordination des pr\u00e9paratifs pour la tenue en novembre prochain \u00e0 Djerba [&hellip;]<\/p>\n","protected":false},"author":1772,"featured_media":0,"comment_status":"closed","ping_status":"closed","sticky":false,"template":"","format":"standard","meta":{"fifu_image_url":"","fifu_image_alt":"","footnotes":""},"categories":[73,55],"tags":[],"class_list":["post-101277","post","type-post","status-publish","format-standard","hentry","category-actualite","category-tunisie"],"_links":{"self":[{"href":"https:\/\/linitiative.ca\/International\/wp-json\/wp\/v2\/posts\/101277","targetHints":{"allow":["GET"]}}],"collection":[{"href":"https:\/\/linitiative.ca\/International\/wp-json\/wp\/v2\/posts"}],"about":[{"href":"https:\/\/linitiative.ca\/International\/wp-json\/wp\/v2\/types\/post"}],"author":[{"embeddable":true,"href":"https:\/\/linitiative.ca\/International\/wp-json\/wp\/v2\/users\/1772"}],"replies":[{"embeddable":true,"href":"https:\/\/linitiative.ca\/International\/wp-json\/wp\/v2\/comments?post=101277"}],"version-history":[{"count":0,"href":"https:\/\/linitiative.ca\/International\/wp-json\/wp\/v2\/posts\/101277\/revisions"}],"wp:attachment":[{"href":"https:\/\/linitiative.ca\/International\/wp-json\/wp\/v2\/media?parent=101277"}],"wp:term":[{"taxonomy":"category","embeddable":true,"href":"https:\/\/linitiative.ca\/International\/wp-json\/wp\/v2\/categories?post=101277"},{"taxonomy":"post_tag","embeddable":true,"href":"https:\/\/linitiative.ca\/International\/wp-json\/wp\/v2\/tags?post=101277"}],"curies":[{"name":"wp","href":"https:\/\/api.w.org\/{rel}","templated":true}]}}