{"id":101280,"date":"2020-10-09T13:29:00","date_gmt":"2020-10-09T17:29:00","guid":{"rendered":"https:\/\/linitiative.ca\/International\/la-tunisie-presidente-du-conseil-de-securite\/"},"modified":"2020-10-09T13:29:00","modified_gmt":"2020-10-09T17:29:00","slug":"la-tunisie-presidente-du-conseil-de-securite","status":"publish","type":"post","link":"https:\/\/linitiative.ca\/International\/la-tunisie-presidente-du-conseil-de-securite\/","title":{"rendered":"La Tunisie, pr\u00e9sidente du Conseil de s\u00e9curit\u00e9"},"content":{"rendered":"<p>Le principe de la rotation mensuelle par ordre alphab\u00e9tique hissera la Tunisie, le 1er janvier prochain, \u00e0 la pr\u00e9sidence du Conseil de s\u00e9curit\u00e9 de l\u2019ONU. Un mois durant, il appartiendra au chef de la d\u00e9l\u00e9gation tunisienne, habituellement le repr\u00e9sentant permanent, mais aussi parfois le ministre des Affaires \u00e9trang\u00e8res, d\u2019organiser les travaux du Conseil (compos\u00e9 de 15 pays membres, dont 5 permanents) et de conduire ses d\u00e9bats. La pr\u00e9sidence est souvent marqu\u00e9e par une s\u00e9rie d\u2019activit\u00e9s parall\u00e8les mettant en relief le pays, sa contribution \u00e0 la paix et la s\u00e9curit\u00e9 et ses positions en mati\u00e8re de relations internationales. L\u2019occasion est ainsi mise \u00e0 profit pour organiser des tables rondes et des d\u00e9bats publics \u00e9largis aux d\u00e9l\u00e9gations des 193 pays membres et des invit\u00e9s.<\/p>\n<p>Apr\u00e8s avoir \u2014 et c\u2019est une premi\u00e8re dans les annales de l\u2019ONU \u2014 chang\u00e9 trois fois de repr\u00e9sentant permanent, en plein mandat au Conseil de s\u00e9curit\u00e9 de surcro\u00eet, la Tunisie peine \u00e0 marquer son passage au sein de cette haute instance. Hormis la r\u00e9solution port\u00e9e conjointement avec la France, relative \u00e0 la solidarit\u00e9 face au Covid-19 et imposant un cessez-le-feu dans les zones de conflits, aucune initiative significative n\u2019est annonc\u00e9e. Quant \u00e0 la r\u00e9solution vot\u00e9e par le Conseil, elle n\u2019est pas assortie jusque-l\u00e0 de m\u00e9canismes de mise en \u0153uvre garantissant le respect de ses dispositions. Pourtant contraignante, elle n\u2019a pas engendr\u00e9 les r\u00e9sultats escompt\u00e9s, ne parvenant pas \u00e0 faire respecter le cessez-le-feu. Mais, c\u2019est l\u00e0 une question qui d\u00e9passe la diplomatie tunisienne\u2026<\/p>\n<p class=\"c2\"><strong><a href=\"https:\/\/www.leaders.com.tn\/le_mensuel_abonnez_vous\" target=\"_blank\" rel=\"noopener noreferrer\"><img loading=\"lazy\" decoding=\"async\" src=\"\/uploads\/FCK_files\/Bandeau-Leaders(1).jpg\" alt=\"\" width=\"500\" vspace=\"5\" hspace=\"5\" height=\"128\" align=\"middle\"\/><\/a><\/strong><\/p>\n<p>Auteur:<br \/>\n<a href=\"https:\/\/www.leaders.com.tn\/article\/30713-la-tunisie-presidente-du-conseil-de-securite\">Cliquez ici pour lire l&rsquo;article depuis sa source.<\/a><\/p>\n","protected":false},"excerpt":{"rendered":"<p>Le principe de la rotation mensuelle par ordre alphab\u00e9tique hissera la Tunisie, le 1er janvier prochain, \u00e0 la pr\u00e9sidence du Conseil de s\u00e9curit\u00e9 de l\u2019ONU. Un mois durant, il appartiendra au chef de la d\u00e9l\u00e9gation tunisienne, habituellement le repr\u00e9sentant permanent, mais aussi parfois le ministre des Affaires \u00e9trang\u00e8res, d\u2019organiser les travaux du Conseil (compos\u00e9 de [&hellip;]<\/p>\n","protected":false},"author":1772,"featured_media":101281,"comment_status":"closed","ping_status":"closed","sticky":false,"template":"","format":"standard","meta":{"fifu_image_url":"","fifu_image_alt":"","footnotes":""},"categories":[73,55],"tags":[],"class_list":["post-101280","post","type-post","status-publish","format-standard","has-post-thumbnail","hentry","category-actualite","category-tunisie"],"_links":{"self":[{"href":"https:\/\/linitiative.ca\/International\/wp-json\/wp\/v2\/posts\/101280","targetHints":{"allow":["GET"]}}],"collection":[{"href":"https:\/\/linitiative.ca\/International\/wp-json\/wp\/v2\/posts"}],"about":[{"href":"https:\/\/linitiative.ca\/International\/wp-json\/wp\/v2\/types\/post"}],"author":[{"embeddable":true,"href":"https:\/\/linitiative.ca\/International\/wp-json\/wp\/v2\/users\/1772"}],"replies":[{"embeddable":true,"href":"https:\/\/linitiative.ca\/International\/wp-json\/wp\/v2\/comments?post=101280"}],"version-history":[{"count":0,"href":"https:\/\/linitiative.ca\/International\/wp-json\/wp\/v2\/posts\/101280\/revisions"}],"wp:featuredmedia":[{"embeddable":true,"href":"https:\/\/linitiative.ca\/International\/wp-json\/"}],"wp:attachment":[{"href":"https:\/\/linitiative.ca\/International\/wp-json\/wp\/v2\/media?parent=101280"}],"wp:term":[{"taxonomy":"category","embeddable":true,"href":"https:\/\/linitiative.ca\/International\/wp-json\/wp\/v2\/categories?post=101280"},{"taxonomy":"post_tag","embeddable":true,"href":"https:\/\/linitiative.ca\/International\/wp-json\/wp\/v2\/tags?post=101280"}],"curies":[{"name":"wp","href":"https:\/\/api.w.org\/{rel}","templated":true}]}}