{"id":101289,"date":"2020-10-09T15:41:42","date_gmt":"2020-10-09T19:41:42","guid":{"rendered":"https:\/\/linitiative.ca\/International\/tunisie-lordre-des-pharmaciens-dement-le-pdg-de-la-pct-nous-navons-pas-recu-les-vaccins-contre-la-grippe\/"},"modified":"2020-10-09T15:41:42","modified_gmt":"2020-10-09T19:41:42","slug":"tunisie-lordre-des-pharmaciens-dement-le-pdg-de-la-pct-nous-navons-pas-recu-les-vaccins-contre-la-grippe","status":"publish","type":"post","link":"https:\/\/linitiative.ca\/International\/tunisie-lordre-des-pharmaciens-dement-le-pdg-de-la-pct-nous-navons-pas-recu-les-vaccins-contre-la-grippe\/","title":{"rendered":"Tunisie \u2013 L\u2019ordre des pharmaciens d\u00e9ment le PDG de la PCT\u00a0: \u00ab\u00a0Nous n\u2019avons pas re\u00e7u les vaccins contre la grippe\u00a0\u00bb"},"content":{"rendered":"<div class=\"post-cont-in left relative\">\n<div id=\"post-info-wrap\" class=\"left relative post-info-out\">\n<div class=\"post-info-img left relative\"><img loading=\"lazy\" decoding=\"async\" alt=\"\" src=\"https:\/\/secure.gravatar.com\/avatar\/047123be9d5e8513774383916ee72db2?s=50&amp;d=mm&amp;r=g\" srcset=\"https:\/\/secure.gravatar.com\/avatar\/047123be9d5e8513774383916ee72db2?s=100&amp;d=mm&amp;r=g 2x\" class=\"avatar avatar-50 photo\" height=\"50\" width=\"50\"\/><\/div>\n<div class=\"post-info-in\">\n<div class=\"post-info-right left relative post-info-name left relative\"><span itemprop=\"author\" itemscope=\"\" itemtype=\"https:\/\/schema.org\/Person\"><span class=\"post-info-text\">Par<\/span> <span class=\"author-name vcard fn author\" itemprop=\"name\"><a href=\"https:\/\/www.tunisienumerique.com\/author\/lm\/\" title=\"Articles par LM\" rel=\"author\">LM<\/a><\/span><\/span> <span class=\"post-date updated\"><time class=\"post-date updated\" itemprop=\"datePublished\" datetime=\"2020-10-09\">\u00a0| Il y a 1 heure<\/time><\/span><\/div>\n<div class=\"left relative\"><button id=\"listenButton1\" class=\"responsivevoice-button\" type=\"button\" value=\"Play\" title=\"&#xC9;coutez l'article\"><span>\ud83d\udd0a \u00c9coutez l&rsquo;article<\/span><\/button> <\/div>\n<\/div>\n<\/div>\n<p>L\u2019ordre des pharmaciens de Tunisie a publi\u00e9, ce vendredi, un communiqu\u00e9 dans lequel il d\u00e9ment les propos tenus hier par le PDG de la Pharmacie Centrale de Tunisie, sur la chaine TV Nationale, en rapport avec la distribution aux officines de la deuxi\u00e8me tranche des vaccins anti grippe, sachant que la premi\u00e8re tranche \u00e0 \u00e9t\u00e9 achet\u00e9e en l\u2019espace de quelques heures. Et sachant que les autorit\u00e9s sanitaires n\u2019ont pas cess\u00e9, depuis quelques semaines \u00e0 harceler les gens pour qu\u2019ils aillent se faire vacciner contre la grippe saisonni\u00e8re.<\/p>\n<div class=\"code-block code-block-1 c4\"><ins class=\"adsbygoogle c3\" data-ad-layout=\"in-article\" data-ad-format=\"fluid\" data-ad-client=\"ca-pub-2102118777505746\" data-ad-slot=\"7301775417\"\/> <\/div>\n<p>L\u2019ordre des pharmaciens assure que ses membres n\u2019ont pas re\u00e7u la quantit\u00e9 annonc\u00e9e et que m\u00eame les grossistes r\u00e9partiteurs de m\u00e9dicaments ont assur\u00e9 n\u2019avoir rien re\u00e7u.<\/p>\n<p>L\u2019ordre des pharmaciens appelle, en cons\u00e9quence, les responsables de la PCT \u00e0 s\u2019assurer de ce qu\u2019ils annoncent pour \u00e9viter de cr\u00e9er une pol\u00e9mique chez les citoyens et g\u00e9n\u00e9rer une tension aupr\u00e8s des officines.<\/p>\n<p>Une anecdote en plus qui vient confirmer que le d\u00e9partement de la sant\u00e9 est \u00e0 la d\u00e9rive. On a l\u2019impression que chacun dans ce minist\u00e8re navigue \u00e0 vue et cherche \u00e0 se d\u00e9barrasser des probl\u00e8mes en les jetant sur les autres. Chacun dit ce qu\u2019il veut, sans se soucier des possibilit\u00e9s de ses coll\u00e8gues au sein du m\u00eame d\u00e9partement. Un navire sans gouvernail, en somme, o\u00f9 il n\u2019y a pas de commandant !<\/p>\n<p><img loading=\"lazy\" decoding=\"async\" class=\"aligncenter size-full wp-image-566372\" src=\"https:\/\/www.tunisienumerique.com\/wp-content\/uploads\/2020\/10\/cnopt.jpg\" alt=\"\" width=\"696\" height=\"960\" srcset=\"https:\/\/www.tunisienumerique.com\/wp-content\/uploads\/2020\/10\/cnopt.jpg 696w, https:\/\/www.tunisienumerique.com\/wp-content\/uploads\/2020\/10\/cnopt-600x828.jpg 600w\" sizes=\"auto, (max-width: 696px) 100vw, 696px\"\/><\/p>\n<div class=\"swp_social_panel swp_horizontal_panel swp_flat_fresh swp_default_full_color swp_individual_full_color swp_other_full_color scale-100 scale-\" data-min-width=\"1100\" data-float-color=\"#ffffff\" data-float=\"bottom\" data-float-mobile=\"bottom\" data-transition=\"slide\">\n<div class=\"nc_tweetContainer swp_share_button total_shares total_sharesalt\"><span class=\"swp_count\">23 <span class=\"swp_label\">Partages<\/span><\/span><\/div>\n<\/div>\n<p><strong>Que se passe-t-il en Tunisie?<\/strong><br \/>Nous expliquons sur notre <a href=\"https:\/\/www.youtube.com\/channel\/UCRzypVq0B_yBad5eGrwBx0Q?sub_confirmation=1\" target=\"_blank\" rel=\"noopener noreferrer\">cha\u00eene YouTube<\/a> . <a href=\"https:\/\/www.youtube.com\/channel\/UCRzypVq0B_yBad5eGrwBx0Q?sub_confirmation=1\" target=\"_blank\" rel=\"noopener noreferrer\">Abonnez-vous!<\/a><\/p>\n<div class=\"mvp-org-wrap mvp-org-logo\" itemprop=\"publisher\" itemscope=\"\" itemtype=\"https:\/\/schema.org\/Organization\"><img decoding=\"async\" src=\"https:\/\/www.tunisienumerique.com\/wp-content\/uploads\/2017\/02\/logo_tunisie_numerique.png\"\/><\/div>\n<div class=\"mvp-related-posts left relative\">\n<h4 class=\"post-header\"><span class=\"post-header\">Lire aussi<\/span><\/h4>\n<\/div>\n<div id=\"article-ad\"><ins class=\"adsbygoogle c5\" data-ad-client=\"ca-pub-2102118777505746\" data-ad-slot=\"6513972734\" data-ad-format=\"auto\" data-full-width-responsive=\"true\"\/> <\/div>\n<\/div>\n<div id=\"post-sidebar-wrap\"><ins class=\"adsbygoogle c5\" data-ad-client=\"ca-pub-2102118777505746\" data-ad-slot=\"6168283410\" data-ad-format=\"auto\" data-full-width-responsive=\"true\"\/> <\/div>\n<p>Auteur: LM<br \/>\n<a href=\"https:\/\/www.tunisienumerique.com\/tunisie-lordre-des-pharmaciens-dement-le-pdg-de-la-pct-nous-navons-pas-recu-les-vaccins-contre-la-grippe\/\">Cliquez ici pour lire l&rsquo;article depuis sa source.<\/a><\/p>\n","protected":false},"excerpt":{"rendered":"<p>Par LM \u00a0| Il y a 1 heure \ud83d\udd0a \u00c9coutez l&rsquo;article L\u2019ordre des pharmaciens de Tunisie a publi\u00e9, ce vendredi, un communiqu\u00e9 dans lequel il d\u00e9ment les propos tenus hier par le PDG de la Pharmacie Centrale de Tunisie, sur la chaine TV Nationale, en rapport avec la distribution aux officines de la deuxi\u00e8me tranche [&hellip;]<\/p>\n","protected":false},"author":1789,"featured_media":0,"comment_status":"closed","ping_status":"closed","sticky":false,"template":"","format":"standard","meta":{"fifu_image_url":"","fifu_image_alt":"","footnotes":""},"categories":[73,55],"tags":[],"class_list":["post-101289","post","type-post","status-publish","format-standard","hentry","category-actualite","category-tunisie"],"_links":{"self":[{"href":"https:\/\/linitiative.ca\/International\/wp-json\/wp\/v2\/posts\/101289","targetHints":{"allow":["GET"]}}],"collection":[{"href":"https:\/\/linitiative.ca\/International\/wp-json\/wp\/v2\/posts"}],"about":[{"href":"https:\/\/linitiative.ca\/International\/wp-json\/wp\/v2\/types\/post"}],"author":[{"embeddable":true,"href":"https:\/\/linitiative.ca\/International\/wp-json\/wp\/v2\/users\/1789"}],"replies":[{"embeddable":true,"href":"https:\/\/linitiative.ca\/International\/wp-json\/wp\/v2\/comments?post=101289"}],"version-history":[{"count":0,"href":"https:\/\/linitiative.ca\/International\/wp-json\/wp\/v2\/posts\/101289\/revisions"}],"wp:attachment":[{"href":"https:\/\/linitiative.ca\/International\/wp-json\/wp\/v2\/media?parent=101289"}],"wp:term":[{"taxonomy":"category","embeddable":true,"href":"https:\/\/linitiative.ca\/International\/wp-json\/wp\/v2\/categories?post=101289"},{"taxonomy":"post_tag","embeddable":true,"href":"https:\/\/linitiative.ca\/International\/wp-json\/wp\/v2\/tags?post=101289"}],"curies":[{"name":"wp","href":"https:\/\/api.w.org\/{rel}","templated":true}]}}