{"id":101292,"date":"2020-10-09T16:44:35","date_gmt":"2020-10-09T20:44:35","guid":{"rendered":"https:\/\/linitiative.ca\/International\/tunisie-et-pendant-ce-temps-notre-ministre-de-la-sante-prend-le-temps-de-savourer-ses-week-ends\/"},"modified":"2020-10-09T16:44:35","modified_gmt":"2020-10-09T20:44:35","slug":"tunisie-et-pendant-ce-temps-notre-ministre-de-la-sante-prend-le-temps-de-savourer-ses-week-ends","status":"publish","type":"post","link":"https:\/\/linitiative.ca\/International\/tunisie-et-pendant-ce-temps-notre-ministre-de-la-sante-prend-le-temps-de-savourer-ses-week-ends\/","title":{"rendered":"Tunisie \u2013 Et pendant ce temps notre ministre de la Sant\u00e9 prend le temps de savourer ses week-ends"},"content":{"rendered":"<div class=\"post-cont-in left relative\">\n<div id=\"post-info-wrap\" class=\"left relative post-info-out\">\n<div class=\"post-info-img left relative\"><img loading=\"lazy\" decoding=\"async\" alt=\"\" src=\"https:\/\/secure.gravatar.com\/avatar\/96253f4a657b482a18e837c1252096c2?s=50&amp;d=mm&amp;r=g\" srcset=\"https:\/\/secure.gravatar.com\/avatar\/96253f4a657b482a18e837c1252096c2?s=100&amp;d=mm&amp;r=g 2x\" class=\"avatar avatar-50 photo\" height=\"50\" width=\"50\"\/><\/div>\n<div class=\"post-info-in\">\n<div class=\"post-info-right left relative post-info-name left relative\"><span itemprop=\"author\" itemscope=\"\" itemtype=\"https:\/\/schema.org\/Person\"><span class=\"post-info-text\">Par<\/span> <span class=\"author-name vcard fn author\" itemprop=\"name\"><a href=\"https:\/\/www.tunisienumerique.com\/author\/saber\/\" title=\"Articles par Saber .\" rel=\"author\">Saber .<\/a><\/span><\/span> <span class=\"post-date updated\"><time class=\"post-date updated\" itemprop=\"datePublished\" datetime=\"2020-10-09\">\u00a0| Il y a 21 minutes<\/time><\/span><\/div>\n<div class=\"left relative\"><button id=\"listenButton1\" class=\"responsivevoice-button\" type=\"button\" value=\"Play\" title=\"&#xC9;coutez l'article\"><span>\ud83d\udd0a \u00c9coutez l&rsquo;article<\/span><\/button> <\/div>\n<\/div>\n<\/div>\n<p>Rien ne marche au minist\u00e8re de la Sant\u00e9. On dirait un navire \u00e0 la d\u00e9rive sans commandant \u00e0 bord, o\u00f9 chacun des matelots man\u0153uvre \u00e0 sa guise et fait en sorte de ne pas trop se fatiguer et de jeter le gros du travail sur les autres.<\/p>\n<div class=\"code-block code-block-1 c4\"><ins class=\"adsbygoogle c3\" data-ad-layout=\"in-article\" data-ad-format=\"fluid\" data-ad-client=\"ca-pub-2102118777505746\" data-ad-slot=\"7301775417\"\/> <\/div>\n<p>Dans ce minist\u00e8re il y a celui qui dit une chose sans savoir si elle est vraie ou si elle est r\u00e9alisable, alors que \u00e7\u00e0 fait partie de ses pr\u00e9rogatives\u2026 Il y a celui qui conseille une chose alors que ses coll\u00e8gues pr\u00e9conisent une approche contraire\u2026 Il y a celui qui ordonne une chose qui n\u2019a rien \u00e0 voir avec la r\u00e9alit\u00e9\u2026 Il y a celui qui d\u00e9cide d\u2019un protocole copi\u00e9 sur des pays voisins, sans se soucier de v\u00e9rifier s\u2019il est applicable sous nos cieux\u2026<\/p>\n<p>Aux derni\u00e8res nouvelles, Nissaf Ben Alaya a d\u00e9cid\u00e9 de faire passer des tests Covid rapides pour toutes les personnes qui devront \u00eatre pr\u00e9sentes au Stade de Rades, \u00e0 l\u2019occasion du match Tunisie-Soudan. Or, les \u00e9quipes qui se sont d\u00e9plac\u00e9es sur place ont eu la mauvaise surprise de ne trouver en leur possession que trop peu de tests pour couvrir tout le monde. Pourtant la personne qui a d\u00e9cid\u00e9 cette action, celle qui a ordonn\u00e9 \u00e0 l\u2019\u00e9quipe m\u00e9dicale de s\u2019acquitter de cette t\u00e2che et celle qui a fourni les tests appartiennent, contrairement \u00e0 ce qu\u2019on aurait pu croire, au m\u00eame d\u00e9partement.<\/p>\n<p>La raison de cet \u00e9tat est simple \u00e0 trouver, puisque le travail d\u2019un d\u00e9partement est tributaire de l\u2019attitude de son chef. L\u2019\u00e9tat du minist\u00e8re de la Sant\u00e9 n\u2019a rien d\u2019\u00e9tonnant quand on sait que m\u00eames les collaborateurs du nouveau ministre de la sant\u00e9 sont \u00ab choqu\u00e9s \u00bb du fait qu\u2019il ne cesse de leur souhaiter, chaque vendredi soir \u00ab Bon Week-end \u00bb !<\/p>\n<p>Oui\u2026 Un ministre de la Sant\u00e9 qui parle de week-end en pleine p\u00e9riode de pand\u00e9mie, au moment de sa phase la plus meurtri\u00e8re!<\/p>\n<div class=\"swp_social_panel swp_horizontal_panel swp_flat_fresh swp_default_full_color swp_individual_full_color swp_other_full_color scale-100 scale-\" data-min-width=\"1100\" data-float-color=\"#ffffff\" data-float=\"bottom\" data-float-mobile=\"bottom\" data-transition=\"slide\">\n<div class=\"nc_tweetContainer swp_share_button total_shares total_sharesalt\"><span class=\"swp_count\">21 <span class=\"swp_label\">Partages<\/span><\/span><\/div>\n<\/div>\n<p><strong>Que se passe-t-il en Tunisie?<\/strong><br \/>Nous expliquons sur notre <a href=\"https:\/\/www.youtube.com\/channel\/UCRzypVq0B_yBad5eGrwBx0Q?sub_confirmation=1\" target=\"_blank\" rel=\"noopener noreferrer\">cha\u00eene YouTube<\/a> . <a href=\"https:\/\/www.youtube.com\/channel\/UCRzypVq0B_yBad5eGrwBx0Q?sub_confirmation=1\" target=\"_blank\" rel=\"noopener noreferrer\">Abonnez-vous!<\/a><\/p>\n<div class=\"mvp-org-wrap mvp-org-logo\" itemprop=\"publisher\" itemscope=\"\" itemtype=\"https:\/\/schema.org\/Organization\"><img decoding=\"async\" src=\"https:\/\/www.tunisienumerique.com\/wp-content\/uploads\/2017\/02\/logo_tunisie_numerique.png\"\/><\/div>\n<div class=\"mvp-related-posts left relative\">\n<h4 class=\"post-header\"><span class=\"post-header\">Lire aussi<\/span><\/h4>\n<\/div>\n<div id=\"article-ad\"><ins class=\"adsbygoogle c5\" data-ad-client=\"ca-pub-2102118777505746\" data-ad-slot=\"6513972734\" data-ad-format=\"auto\" data-full-width-responsive=\"true\"\/> <\/div>\n<\/div>\n<div id=\"post-sidebar-wrap\"><ins class=\"adsbygoogle c5\" data-ad-client=\"ca-pub-2102118777505746\" data-ad-slot=\"6168283410\" data-ad-format=\"auto\" data-full-width-responsive=\"true\"\/> <\/div>\n<p>Auteur: Saber .<br \/>\n<a href=\"https:\/\/www.tunisienumerique.com\/tunisie-et-pendant-ce-temps-notre-ministre-de-la-sante-prend-le-temps-de-savourer-ses-week-ends\/\">Cliquez ici pour lire l&rsquo;article depuis sa source.<\/a><\/p>\n","protected":false},"excerpt":{"rendered":"<p>Par Saber . \u00a0| Il y a 21 minutes \ud83d\udd0a \u00c9coutez l&rsquo;article Rien ne marche au minist\u00e8re de la Sant\u00e9. On dirait un navire \u00e0 la d\u00e9rive sans commandant \u00e0 bord, o\u00f9 chacun des matelots man\u0153uvre \u00e0 sa guise et fait en sorte de ne pas trop se fatiguer et de jeter le gros du [&hellip;]<\/p>\n","protected":false},"author":1789,"featured_media":0,"comment_status":"closed","ping_status":"closed","sticky":false,"template":"","format":"standard","meta":{"fifu_image_url":"","fifu_image_alt":"","footnotes":""},"categories":[73,55],"tags":[],"class_list":["post-101292","post","type-post","status-publish","format-standard","hentry","category-actualite","category-tunisie"],"_links":{"self":[{"href":"https:\/\/linitiative.ca\/International\/wp-json\/wp\/v2\/posts\/101292","targetHints":{"allow":["GET"]}}],"collection":[{"href":"https:\/\/linitiative.ca\/International\/wp-json\/wp\/v2\/posts"}],"about":[{"href":"https:\/\/linitiative.ca\/International\/wp-json\/wp\/v2\/types\/post"}],"author":[{"embeddable":true,"href":"https:\/\/linitiative.ca\/International\/wp-json\/wp\/v2\/users\/1789"}],"replies":[{"embeddable":true,"href":"https:\/\/linitiative.ca\/International\/wp-json\/wp\/v2\/comments?post=101292"}],"version-history":[{"count":0,"href":"https:\/\/linitiative.ca\/International\/wp-json\/wp\/v2\/posts\/101292\/revisions"}],"wp:attachment":[{"href":"https:\/\/linitiative.ca\/International\/wp-json\/wp\/v2\/media?parent=101292"}],"wp:term":[{"taxonomy":"category","embeddable":true,"href":"https:\/\/linitiative.ca\/International\/wp-json\/wp\/v2\/categories?post=101292"},{"taxonomy":"post_tag","embeddable":true,"href":"https:\/\/linitiative.ca\/International\/wp-json\/wp\/v2\/tags?post=101292"}],"curies":[{"name":"wp","href":"https:\/\/api.w.org\/{rel}","templated":true}]}}