{"id":101294,"date":"2020-10-08T18:30:30","date_gmt":"2020-10-08T22:30:30","guid":{"rendered":"https:\/\/linitiative.ca\/International\/la-poste-burkina-faso-les-couleurs-nationales-exaltees\/"},"modified":"2020-10-08T18:30:30","modified_gmt":"2020-10-08T22:30:30","slug":"la-poste-burkina-faso-les-couleurs-nationales-exaltees","status":"publish","type":"post","link":"https:\/\/linitiative.ca\/International\/la-poste-burkina-faso-les-couleurs-nationales-exaltees\/","title":{"rendered":"La Poste Burkina Faso :Les couleurs nationales exalt\u00e9es"},"content":{"rendered":"<div class=\"td-post-featured-image\" readability=\"32\"><a href=\"https:\/\/www.sidwaya.info\/wp-content\/uploads\/2020\/10\/poste.jpg\" data-caption=\"La Poste BF est l&#x2019;op&#xE9;rateur public du service postal au Burkina Faso.\"><img loading=\"lazy\" decoding=\"async\" width=\"696\" height=\"474\" class=\"entry-thumb td-modal-image\" src=\"https:\/\/www.sidwaya.info\/wp-content\/uploads\/2020\/10\/poste-696x474.jpg\" srcset=\"https:\/\/www.sidwaya.info\/wp-content\/uploads\/2020\/10\/poste-696x474.jpg 696w, https:\/\/www.sidwaya.info\/wp-content\/uploads\/2020\/10\/poste-300x204.jpg 300w, https:\/\/www.sidwaya.info\/wp-content\/uploads\/2020\/10\/poste-617x420.jpg 617w, https:\/\/www.sidwaya.info\/wp-content\/uploads\/2020\/10\/poste.jpg 704w\" sizes=\"auto, (max-width: 696px) 100vw, 696px\" alt=\"\" title=\"poste\"\/><\/a>La Poste BF est l\u2019op\u00e9rateur public du service postal au Burkina Faso.<\/div>\n<p><strong>La Poste Burkina Faso (La Poste BF) a organis\u00e9 une c\u00e9r\u00e9monie de lev\u00e9e des couleurs, le mercredi 7 octobre 2020, \u00e0 son si\u00e8ge, \u00e0 Ouagadougou.<\/strong><\/p>\n<p>Les couleurs nationales au sein de La Poste Burkina Faso (La Poste BF) seront d\u00e9sormais honor\u00e9es chaque premier mercredi du mois. Le top de d\u00e9part du respect de cette tradition a \u00e9t\u00e9 donn\u00e9, le mercredi 7 octobre 2020, \u00e0 7h 30 mn au si\u00e8ge de la structure, \u00e0 travers la mont\u00e9e du drapeau national exalt\u00e9 par le personnel. Pour le Directeur g\u00e9n\u00e9ral (DG) de La Poste BF, Bamory Ouattara, il est de coutume dans sa structure de monter les couleurs. \u00ab C\u2019est une activit\u00e9 qui avait \u00e9t\u00e9 interrompue en raison des difficult\u00e9s que la maison a travers\u00e9es. Mais, il fallait renouer avec la s\u00e9r\u00e9nit\u00e9 pour partager les valeurs de patriotisme, d\u2019int\u00e9grit\u00e9, de civisme afin de porter haut le flambeau de La Poste-BF autour des couleurs nationales \u00bb, a-t-il pr\u00e9cis\u00e9.<\/p>\n<h3>Magnifier le m\u00e9tier du postier<\/h3>\n<p><img decoding=\"async\" loading=\"lazy\" class=\"size-medium wp-image-27608\" src=\"https:\/\/www.sidwaya.info\/wp-content\/uploads\/2020\/10\/poste2-210x300.jpg\" alt=\"\" width=\"210\" height=\"300\" srcset=\"https:\/\/www.sidwaya.info\/wp-content\/uploads\/2020\/10\/poste2-210x300.jpg 210w, https:\/\/www.sidwaya.info\/wp-content\/uploads\/2020\/10\/poste2-696x992.jpg 696w, https:\/\/www.sidwaya.info\/wp-content\/uploads\/2020\/10\/poste2-295x420.jpg 295w, https:\/\/www.sidwaya.info\/wp-content\/uploads\/2020\/10\/poste2.jpg 700w\" sizes=\"auto, (max-width: 210px) 100vw, 210px\"\/>Le DG de La Poste BF, Bamory Ouattara, a indiqu\u00e9 que l\u2019entreprise renoue avec les valeurs patriotiques \u00e0 travers la lev\u00e9e des couleurs.<\/p>\n<p>Au cours de la c\u00e9r\u00e9monie, les fanions de l\u2019Union postale universelle (UPU) ont \u00e9galement \u00e9t\u00e9 port\u00e9s en hauteur pour magnifier le m\u00e9tier du postier, selon Bamory Ouattara. Le secr\u00e9taire g\u00e9n\u00e9ral de La Poste BF, Christian Zombr\u00e9, a indiqu\u00e9 que cet acte vient prouver l\u2019appartenance \u00e0 une m\u00eame nation. Apr\u00e8s la r\u00e9cente crise qui a secou\u00e9 La Poste BF, \u00e0 l\u2019entendre, les agents se sont mis d\u2019accord pour travailler \u00e0 offrir de meilleurs services aux clients. Le chef de la division gestion, administration et ressources humaines \u00e0 la Direction des ressources humaines (DRH), Mamoudou Zombr\u00e9, a not\u00e9 que la mont\u00e9e des couleurs est un moment solennel qui rappelle les valeurs patriotiques.<\/p>\n<p>\u00ab Ce moment est important pour tous et rev\u00eat un sens \u00e9lev\u00e9 pour la nation. Il traduit aussi l\u2019appartenance \u00e0 la m\u00eame entreprise \u00bb, a-t-il ajout\u00e9. Il a rassur\u00e9 que le personnel de La Poste BF se tient pr\u00eat pour d\u2019autres mont\u00e9es des couleurs. La directrice des ressources humaines, Marie Ella Kayorgo, s\u2019est r\u00e9jouie de cette initiative qui va renforcer, \u00e0 l\u2019en croire, l\u2019union entre les agents de La Poste BF. La Poste BF est l\u2019op\u00e9rateur public du service postal au Burkina Faso. Elle a pour mission d\u2019offrir des produits accessibles, pratiques et s\u00e9curis\u00e9s contribuant au d\u00e9veloppement de l\u2019Etat, des citoyens et des entreprises. Elle entend assurer le service postal universel dans la vision d\u2019\u00eatre une r\u00e9f\u00e9rence en Afrique des services postaux et financiers, cr\u00e9ateurs de valeur pour le client et la nation \u00e0 l\u2019\u00e8re du num\u00e9rique.<\/p>\n<p class=\"c1\"><strong>Boukary BONKOUNGOU<\/strong><\/p>\n<div class=\"td-a-rec td-a-rec-id-content_bottom tdi_30_150 td_block_template_1\"><img loading=\"lazy\" decoding=\"async\" class=\"aligncenter size-full wp-image-27454\" src=\"https:\/\/www.sidwaya.info\/wp-content\/uploads\/2020\/10\/PUB-Bandeau-paiement-mobile-siteweb.jpg\" alt=\"\" width=\"728\" height=\"90\"\/><\/div>\n<p>Auteur: JK. Sidwaya<br \/>\n<a href=\"https:\/\/www.sidwaya.info\/blog\/2020\/10\/08\/la-poste-burkina-faso-les-couleurs-nationales-exaltees\/\">Cliquez ici pour lire l&rsquo;article depuis sa source.<\/a><\/p>\n","protected":false},"excerpt":{"rendered":"<p>La Poste BF est l\u2019op\u00e9rateur public du service postal au Burkina Faso. La Poste Burkina Faso (La Poste BF) a organis\u00e9 une c\u00e9r\u00e9monie de lev\u00e9e des couleurs, le mercredi 7 octobre 2020, \u00e0 son si\u00e8ge, \u00e0 Ouagadougou. Les couleurs nationales au sein de La Poste Burkina Faso (La Poste BF) seront d\u00e9sormais honor\u00e9es chaque premier [&hellip;]<\/p>\n","protected":false},"author":1816,"featured_media":101295,"comment_status":"closed","ping_status":"closed","sticky":false,"template":"","format":"standard","meta":{"fifu_image_url":"","fifu_image_alt":"","footnotes":""},"categories":[73,81],"tags":[],"class_list":["post-101294","post","type-post","status-publish","format-standard","has-post-thumbnail","hentry","category-actualite","category-burkina-faso"],"_links":{"self":[{"href":"https:\/\/linitiative.ca\/International\/wp-json\/wp\/v2\/posts\/101294","targetHints":{"allow":["GET"]}}],"collection":[{"href":"https:\/\/linitiative.ca\/International\/wp-json\/wp\/v2\/posts"}],"about":[{"href":"https:\/\/linitiative.ca\/International\/wp-json\/wp\/v2\/types\/post"}],"author":[{"embeddable":true,"href":"https:\/\/linitiative.ca\/International\/wp-json\/wp\/v2\/users\/1816"}],"replies":[{"embeddable":true,"href":"https:\/\/linitiative.ca\/International\/wp-json\/wp\/v2\/comments?post=101294"}],"version-history":[{"count":0,"href":"https:\/\/linitiative.ca\/International\/wp-json\/wp\/v2\/posts\/101294\/revisions"}],"wp:featuredmedia":[{"embeddable":true,"href":"https:\/\/linitiative.ca\/International\/wp-json\/"}],"wp:attachment":[{"href":"https:\/\/linitiative.ca\/International\/wp-json\/wp\/v2\/media?parent=101294"}],"wp:term":[{"taxonomy":"category","embeddable":true,"href":"https:\/\/linitiative.ca\/International\/wp-json\/wp\/v2\/categories?post=101294"},{"taxonomy":"post_tag","embeddable":true,"href":"https:\/\/linitiative.ca\/International\/wp-json\/wp\/v2\/tags?post=101294"}],"curies":[{"name":"wp","href":"https:\/\/api.w.org\/{rel}","templated":true}]}}