{"id":101296,"date":"2020-10-08T18:36:02","date_gmt":"2020-10-08T22:36:02","guid":{"rendered":"https:\/\/linitiative.ca\/International\/nuit-de-lentrepreneur-touristique-les-prix-seront-decernes-le-16-octobre-2020\/"},"modified":"2020-10-08T18:36:02","modified_gmt":"2020-10-08T22:36:02","slug":"nuit-de-lentrepreneur-touristique-les-prix-seront-decernes-le-16-octobre-2020","status":"publish","type":"post","link":"https:\/\/linitiative.ca\/International\/nuit-de-lentrepreneur-touristique-les-prix-seront-decernes-le-16-octobre-2020\/","title":{"rendered":"Nuit de l\u2019entrepreneur touristique : Les prix  seront d\u00e9cern\u00e9s le 16 octobre 2020"},"content":{"rendered":"<div class=\"td-post-featured-image\" readability=\"34\"><a href=\"https:\/\/www.sidwaya.info\/wp-content\/uploads\/2020\/10\/cul.jpg\" data-caption=\"Le SG du minist&#xE8;re en charge de la culture, Lassina Simpor&#xE9; (milieu) : &#xAB;L&#x2019;&#xE9;v&#xE8;nement vise &#xE0; valoriser le travail des acteurs de l'industrie touristique burkinab&#xE8;&#xBB;.\"><img loading=\"lazy\" decoding=\"async\" width=\"696\" height=\"312\" class=\"entry-thumb td-modal-image\" src=\"https:\/\/www.sidwaya.info\/wp-content\/uploads\/2020\/10\/cul-696x312.jpg\" srcset=\"https:\/\/www.sidwaya.info\/wp-content\/uploads\/2020\/10\/cul-696x312.jpg 696w, https:\/\/www.sidwaya.info\/wp-content\/uploads\/2020\/10\/cul-300x135.jpg 300w, https:\/\/www.sidwaya.info\/wp-content\/uploads\/2020\/10\/cul.jpg 700w\" sizes=\"auto, (max-width: 696px) 100vw, 696px\" alt=\"\" title=\"cul\"\/><\/a>Le SG du minist\u00e8re en charge de la culture, Lassina Simpor\u00e9 (milieu) : \u00abL\u2019\u00e9v\u00e8nement vise \u00e0 valoriser le travail des acteurs de l&rsquo;industrie touristique burkinab\u00e8\u00bb.<\/div>\n<p><strong>Le minist\u00e8re de la Culture, des Arts et du Tourisme a organis\u00e9, le mardi 6 octobre 2020, une conf\u00e9rence de presse pour annoncer la tenue de la deuxi\u00e8me Nuit de l\u2019entrepreneur touristique, le 16 octobre 2020.<\/strong><\/p>\n<p>Initi\u00e9e en 2019, la \u00ab\u00a0Nuit de l\u2019entrepreneur touristique\u00a0\u00bb vise \u00e0 encourager et am\u00e9liorer, entre autres, la qualit\u00e9 des services fournis par les acteurs du tourisme et valoriser le m\u00e9tier des travailleurs de l\u2019industrie touristique. La deuxi\u00e8me \u00e9dition de l\u2019\u00e9v\u00e9nement aura lieu le 16 octobre 2020 \u00e0 la salle des f\u00eates de Ouaga 2000. L\u2019annonce a \u00e9t\u00e9 faite, par les organisateurs, le mardi 6 octobre 2020 \u00e0 Ouagadougou, au cours d\u2019une conf\u00e9rence de presse.<\/p>\n<p>Selon le secr\u00e9taire g\u00e9n\u00e9ral du minist\u00e8re de la Culture, des Arts et du Tourisme, Dr Lassina Simpor\u00e9, 165 candidatures issues des secteurs de l\u2019h\u00f4tellerie, de la restauration, des agences de voyage et des guides touristiques ont \u00e9t\u00e9 examin\u00e9s par le Jury de cette 2e \u00e9dition. \u00ab 19 \u00e9tablissements d\u2019h\u00e9bergement, 15 restaurants, 10 agences de voyages et 21 guides touristiques ont \u00e9t\u00e9 retenus pour \u00eatre r\u00e9compens\u00e9s au cours de cette soir\u00e9e, soit 39,39% du total des entreprises touristiques inscrites \u00bb, a-t-il estim\u00e9. Il a pr\u00e9cis\u00e9 que le montant allou\u00e9 aux diff\u00e9rents prix va de 500 000 F CFA \u00e0 1 000 000 F CFA.<\/p>\n<p>Le rendement financier, la responsabilit\u00e9 soci\u00e9tale, la gestion ax\u00e9e sur les principes du d\u00e9veloppement durable sont, a-t-il dit, les principaux crit\u00e8res. \u00ab\u00a0Outre les laur\u00e9ats, le jury d\u00e9signera les gagnants des prix de l\u2019h\u00f4tel vert et du plus jeune promoteur d\u2019une entreprise touristique. Ils recevront \u00e9galement des prix en nature et en esp\u00e8ces. Ces nouvelles r\u00e9compenses sont l\u2019une des innovations de la pr\u00e9sente \u00e9dition\u00a0\u00bb, a fait savoir M. Simpor\u00e9. A l\u2019entendre, le secteur du tourisme n\u2019est gu\u00e8re reluisant au Burkina Faso.<\/p>\n<p>Cet \u00e9v\u00e8nement suscitera donc, sans doute, \u00e0 son avis, un engouement au niveau des acteurs \u0153uvrant dans ce domaine, et constituera un acte de relance du secteur. La \u00ab\u00a0Nuit de l\u2019entrepreneur touristique\u00a0\u00bb 2020 est plac\u00e9e sous le patronage du ministre en charge de la culture, Abdoul Karim Sango, sous le parrainage de son coll\u00e8gue de la jeunesse, Salifo Tiemtor\u00e9 et le coparrainage du Pr\u00e9sident-directeur g\u00e9n\u00e9ral P-DG des h\u00f4tels Pacific, C\u00e9lestin Zoungrana.<\/p>\n<p class=\"c1\"><strong>Mamourou BENAO<\/strong><br \/>(Collaborateur)<\/p>\n<div class=\"td-a-rec td-a-rec-id-content_bottom tdi_30_dea td_block_template_1\"><img loading=\"lazy\" decoding=\"async\" class=\"aligncenter size-full wp-image-27454\" src=\"https:\/\/www.sidwaya.info\/wp-content\/uploads\/2020\/10\/PUB-Bandeau-paiement-mobile-siteweb.jpg\" alt=\"\" width=\"728\" height=\"90\"\/><\/div>\n<p>Auteur: JK. Sidwaya<br \/>\n<a href=\"https:\/\/www.sidwaya.info\/blog\/2020\/10\/08\/nuit-de-lentrepreneur-touristique-les-prix-seront-decernes-le-16-octobre-2020\/\">Cliquez ici pour lire l&rsquo;article depuis sa source.<\/a><\/p>\n","protected":false},"excerpt":{"rendered":"<p>Le SG du minist\u00e8re en charge de la culture, Lassina Simpor\u00e9 (milieu) : \u00abL\u2019\u00e9v\u00e8nement vise \u00e0 valoriser le travail des acteurs de l&rsquo;industrie touristique burkinab\u00e8\u00bb. Le minist\u00e8re de la Culture, des Arts et du Tourisme a organis\u00e9, le mardi 6 octobre 2020, une conf\u00e9rence de presse pour annoncer la tenue de la deuxi\u00e8me Nuit de [&hellip;]<\/p>\n","protected":false},"author":1816,"featured_media":101297,"comment_status":"closed","ping_status":"closed","sticky":false,"template":"","format":"standard","meta":{"fifu_image_url":"","fifu_image_alt":"","footnotes":""},"categories":[73,81],"tags":[],"class_list":["post-101296","post","type-post","status-publish","format-standard","has-post-thumbnail","hentry","category-actualite","category-burkina-faso"],"_links":{"self":[{"href":"https:\/\/linitiative.ca\/International\/wp-json\/wp\/v2\/posts\/101296","targetHints":{"allow":["GET"]}}],"collection":[{"href":"https:\/\/linitiative.ca\/International\/wp-json\/wp\/v2\/posts"}],"about":[{"href":"https:\/\/linitiative.ca\/International\/wp-json\/wp\/v2\/types\/post"}],"author":[{"embeddable":true,"href":"https:\/\/linitiative.ca\/International\/wp-json\/wp\/v2\/users\/1816"}],"replies":[{"embeddable":true,"href":"https:\/\/linitiative.ca\/International\/wp-json\/wp\/v2\/comments?post=101296"}],"version-history":[{"count":0,"href":"https:\/\/linitiative.ca\/International\/wp-json\/wp\/v2\/posts\/101296\/revisions"}],"wp:featuredmedia":[{"embeddable":true,"href":"https:\/\/linitiative.ca\/International\/wp-json\/"}],"wp:attachment":[{"href":"https:\/\/linitiative.ca\/International\/wp-json\/wp\/v2\/media?parent=101296"}],"wp:term":[{"taxonomy":"category","embeddable":true,"href":"https:\/\/linitiative.ca\/International\/wp-json\/wp\/v2\/categories?post=101296"},{"taxonomy":"post_tag","embeddable":true,"href":"https:\/\/linitiative.ca\/International\/wp-json\/wp\/v2\/tags?post=101296"}],"curies":[{"name":"wp","href":"https:\/\/api.w.org\/{rel}","templated":true}]}}