{"id":101298,"date":"2020-10-08T18:41:19","date_gmt":"2020-10-08T22:41:19","guid":{"rendered":"https:\/\/linitiative.ca\/International\/plan-dindustrialisation-acceleree-le-ministere-du-commerce-expose-les-avantages\/"},"modified":"2020-10-08T18:41:19","modified_gmt":"2020-10-08T22:41:19","slug":"plan-dindustrialisation-acceleree-le-ministere-du-commerce-expose-les-avantages","status":"publish","type":"post","link":"https:\/\/linitiative.ca\/International\/plan-dindustrialisation-acceleree-le-ministere-du-commerce-expose-les-avantages\/","title":{"rendered":"Plan d\u2019industrialisation acc\u00e9l\u00e9r\u00e9e : Le minist\u00e8re  du Commerce expose  les avantages"},"content":{"rendered":"<div class=\"td-post-featured-image\" readability=\"35\"><a href=\"https:\/\/www.sidwaya.info\/wp-content\/uploads\/2020\/10\/ecoo.jpg\" data-caption=\"Le secr&#xE9;taire technique charg&#xE9; de la mise en &#x153;uvre du PIA, M. Thiombiano (milieu) : &#xAB; Nous allons tenir des ateliers dans les chefs-lieux de r&#xE9;gion pour partager la strat&#xE9;gie nationale d&#x2019;industrialisation &#xBB;.\"><img loading=\"lazy\" decoding=\"async\" width=\"696\" height=\"464\" class=\"entry-thumb td-modal-image\" src=\"https:\/\/www.sidwaya.info\/wp-content\/uploads\/2020\/10\/ecoo-696x464.jpg\" srcset=\"https:\/\/www.sidwaya.info\/wp-content\/uploads\/2020\/10\/ecoo-696x464.jpg 696w, https:\/\/www.sidwaya.info\/wp-content\/uploads\/2020\/10\/ecoo-300x200.jpg 300w, https:\/\/www.sidwaya.info\/wp-content\/uploads\/2020\/10\/ecoo-630x420.jpg 630w, https:\/\/www.sidwaya.info\/wp-content\/uploads\/2020\/10\/ecoo.jpg 700w\" sizes=\"auto, (max-width: 696px) 100vw, 696px\" alt=\"\" title=\"ecoo\"\/><\/a>Le secr\u00e9taire technique charg\u00e9 de la mise en \u0153uvre du PIA, M. Thiombiano (milieu) : \u00ab Nous allons tenir des ateliers dans les chefs-lieux de r\u00e9gion pour partager la strat\u00e9gie nationale d\u2019industrialisation \u00bb.<\/div>\n<p>Le minist\u00e8re du Commerce, de l\u2019Industrie et de l\u2019Artisanat a lanc\u00e9 une s\u00e9rie d\u2019ateliers de diffusion du plan d\u2019industrialisation acc\u00e9l\u00e9r\u00e9e, le 8 octobre 2020 \u00e0 Ouagadougou. Il s\u2019agit de favoriser la cr\u00e9ation d\u2019unit\u00e9s industrielles dans les fili\u00e8res b\u00e9tails-viande, coton textile, carri\u00e8re et mat\u00e9riaux de construction, dans le cadre de la strat\u00e9gie nationale d\u2019industrialisation.<\/p>\n<p>L\u2019heure est \u00e0 la mobilisation des acteurs priv\u00e9s, des structures publiques d\u2019appui aux secteurs priv\u00e9s et des partenaires techniques et financiers autour du Plan d\u2019industrialisation acc\u00e9l\u00e9r\u00e9e (PIA). Le ton a \u00e9t\u00e9 donn\u00e9 \u00e0 travers le lancement d\u2019une s\u00e9rie d\u2019ateliers de diffusion, le jeudi 8 octobre 2020 \u00e0 Ouagadougou. Le PIA est un plan-pilote qui se focalise sur trois fili\u00e8res \u00e0 savoir b\u00e9tail-viande, coton-textile, carri\u00e8re et mat\u00e9riaux de construction pour d\u00e9velopper des unit\u00e9s industrielles.<\/p>\n<p>Il s\u2019inscrit dans le cadre de la strat\u00e9gie nationale d\u2019industrialisation, dont l\u2019objectif global est de d\u00e9velopper une masse critique d\u2019industries afin de transformer localement les mati\u00e8res premi\u00e8res du Burkina \u00e0 l\u2019horizon 2023. Selon le secr\u00e9taire technique charg\u00e9 de la mise en \u0153uvre du PIA, principal animateur de l\u2019atelier, le choix des trois fili\u00e8res a \u00e9t\u00e9 fait sur la base d\u2019une \u00e9tude diagnostique. \u00ab L\u2019\u00e9tude a montr\u00e9 que le Burkina Faso a des avantages comparatifs sur les fili\u00e8res b\u00e9tail-viande, coton-textile ainsi que carri\u00e8res et mat\u00e9riaux de construction par rapport aux autres pays de la sous-r\u00e9gion ouest africaine \u00bb, a-t-il poursuivi.<\/p>\n<p>Pour lui, la volont\u00e9 du gouvernement de d\u00e9velopper l\u2019industrie manufacturi\u00e8re, en faisant passer sa contribution \u00e0 la formation de 6,6% en 2016 \u00e0 12% en 2022, se traduit \u00e0 travers les efforts pour am\u00e9liorer le climat des affaires et les avantages accord\u00e9s par le Code des investissements aux promoteurs qui vont s\u2019int\u00e9resser aux fili\u00e8res porteuses. \u00abL\u2019Etat procure aussi un accompagnement technique \u00e0 travers les structures publiques d\u2019appui aux secteurs priv\u00e9s. De plus, le minist\u00e8re de l\u2019Economie, des Finances et du D\u00e9veloppement offre des possibilit\u00e9s en mati\u00e8re de s\u00fbret\u00e9 et de garantie aux investisseurs \u00bb, a cit\u00e9 M. Thiombiano, pour illustrer l\u2019engagement du gouvernement \u00e0 d\u00e9velopper l\u2019industrie burkinab\u00e8.<\/p>\n<p class=\"c1\"><strong>Nad\u00e8ge YE<\/strong><\/p>\n<div class=\"td-a-rec td-a-rec-id-content_bottom tdi_30_9d5 td_block_template_1\"><img loading=\"lazy\" decoding=\"async\" class=\"aligncenter size-full wp-image-27454\" src=\"https:\/\/www.sidwaya.info\/wp-content\/uploads\/2020\/10\/PUB-Bandeau-paiement-mobile-siteweb.jpg\" alt=\"\" width=\"728\" height=\"90\"\/><\/div>\n<p>Auteur: JK. Sidwaya<br \/>\n<a href=\"https:\/\/www.sidwaya.info\/blog\/2020\/10\/08\/plan-dindustrialisation-acceleree-le-ministere-du-commerce-expose-les-avantages\/\">Cliquez ici pour lire l&rsquo;article depuis sa source.<\/a><\/p>\n","protected":false},"excerpt":{"rendered":"<p>Le secr\u00e9taire technique charg\u00e9 de la mise en \u0153uvre du PIA, M. Thiombiano (milieu) : \u00ab Nous allons tenir des ateliers dans les chefs-lieux de r\u00e9gion pour partager la strat\u00e9gie nationale d\u2019industrialisation \u00bb. Le minist\u00e8re du Commerce, de l\u2019Industrie et de l\u2019Artisanat a lanc\u00e9 une s\u00e9rie d\u2019ateliers de diffusion du plan d\u2019industrialisation acc\u00e9l\u00e9r\u00e9e, le 8 [&hellip;]<\/p>\n","protected":false},"author":1816,"featured_media":101299,"comment_status":"closed","ping_status":"closed","sticky":false,"template":"","format":"standard","meta":{"fifu_image_url":"","fifu_image_alt":"","footnotes":""},"categories":[73,81],"tags":[],"class_list":["post-101298","post","type-post","status-publish","format-standard","has-post-thumbnail","hentry","category-actualite","category-burkina-faso"],"_links":{"self":[{"href":"https:\/\/linitiative.ca\/International\/wp-json\/wp\/v2\/posts\/101298","targetHints":{"allow":["GET"]}}],"collection":[{"href":"https:\/\/linitiative.ca\/International\/wp-json\/wp\/v2\/posts"}],"about":[{"href":"https:\/\/linitiative.ca\/International\/wp-json\/wp\/v2\/types\/post"}],"author":[{"embeddable":true,"href":"https:\/\/linitiative.ca\/International\/wp-json\/wp\/v2\/users\/1816"}],"replies":[{"embeddable":true,"href":"https:\/\/linitiative.ca\/International\/wp-json\/wp\/v2\/comments?post=101298"}],"version-history":[{"count":0,"href":"https:\/\/linitiative.ca\/International\/wp-json\/wp\/v2\/posts\/101298\/revisions"}],"wp:featuredmedia":[{"embeddable":true,"href":"https:\/\/linitiative.ca\/International\/wp-json\/"}],"wp:attachment":[{"href":"https:\/\/linitiative.ca\/International\/wp-json\/wp\/v2\/media?parent=101298"}],"wp:term":[{"taxonomy":"category","embeddable":true,"href":"https:\/\/linitiative.ca\/International\/wp-json\/wp\/v2\/categories?post=101298"},{"taxonomy":"post_tag","embeddable":true,"href":"https:\/\/linitiative.ca\/International\/wp-json\/wp\/v2\/tags?post=101298"}],"curies":[{"name":"wp","href":"https:\/\/api.w.org\/{rel}","templated":true}]}}