{"id":101303,"date":"2020-10-09T16:18:03","date_gmt":"2020-10-09T20:18:03","guid":{"rendered":"https:\/\/linitiative.ca\/International\/le-discours-royal-douverture-du-parlement-un-cap-et-une-feuille-de-route-nationale-pour-les-prochaines-annees\/"},"modified":"2020-10-09T16:18:03","modified_gmt":"2020-10-09T20:18:03","slug":"le-discours-royal-douverture-du-parlement-un-cap-et-une-feuille-de-route-nationale-pour-les-prochaines-annees","status":"publish","type":"post","link":"https:\/\/linitiative.ca\/International\/le-discours-royal-douverture-du-parlement-un-cap-et-une-feuille-de-route-nationale-pour-les-prochaines-annees\/","title":{"rendered":"Le Discours royal d\u2019ouverture du parlement : un cap et une feuille de route nationale pour les prochaines ann\u00e9es"},"content":{"rendered":"<p>Le Roi Mohammed VI a adress\u00e9, vendredi \u00e0 partir du palais Royal de Rabat, un discours au parlement \u00e0 l\u2019occasion de l\u2019ouverture de la session parlementaire d\u2019automne.Dans ce discours le Souverain a fix\u00e9 le cap global de l\u2019action et d\u00e9fini les grandes priorit\u00e9s autour desquelles la collectivit\u00e9 nationale est appel\u00e9e \u00e0 se mobiliser.<\/p>\n<p>\u00ab Notre souci a toujours \u00e9t\u00e9 que la dynamique de d\u00e9veloppement \u00e9conomique soit articul\u00e9e \u00e0 la promotion du secteur social, \u00e0 l\u2019am\u00e9lioration des conditions de vie des citoyens \u00bb, a-t-il dit.<\/p>\n<p>Ainsi, le Roi a appel\u00e9 \u00e0 la g\u00e9n\u00e9ralisation de la couverture sociale au profit de tous les Marocains, un projet national majeur, d\u2019une nature in\u00e9dite, d\u00e9clinant ce projet en quatre axes-cl\u00e9s :<\/p>\n<p>Premi\u00e8rement, il s\u2019agit d\u2019\u00e9tendre, d\u2019ici la fin 2022 au plus tard, la couverture m\u00e9dicale obligatoire, de sorte que 22 millions de b\u00e9n\u00e9ficiaires additionnels acc\u00e8dent \u00e0 l\u2019Assurance maladie de base qui couvre les frais de soins, de m\u00e9dicaments, d\u2019hospitalisation et de traitement.<\/p>\n<p>Deuxi\u00e8mement, ce projet se propose de g\u00e9n\u00e9raliser les allocations familiales qui b\u00e9n\u00e9ficieront ainsi \u00e0 pr\u00e8s de sept millions d\u2019enfants en \u00e2ge de scolarit\u00e9, au profit de trois millions de familles.<\/p>\n<p>Troisi\u00e8mement, il consiste \u00e0 \u00e9largir la base d\u2019adh\u00e9rents au syst\u00e8me de retraite en y incorporant environ cinq millions de Marocains parmi la population active non titulaire d\u2019un droit \u00e0 une pension et quatri\u00e8mement de g\u00e9n\u00e9raliser l\u2019acc\u00e8s \u00e0 l\u2019indemnit\u00e9 pour perte d\u2019emploi au profit des Marocains ayant un emploi r\u00e9gulier.<\/p>\n<p>A cette fin, le Souverain a appel\u00e9 \u00e0 une \u00ab concertation \u00e9largie avec l\u2019ensemble des partenaires et \u00e0 la mise en place d\u2019un pilotage innovant et efficace de ce projet soci\u00e9tal, dans la perspective de cr\u00e9er un organe unifi\u00e9 charg\u00e9 de coordonner et de superviser les r\u00e9gimes de protection sociale \u00bb.<\/p>\n<p>\u00ab Ind\u00e9pendamment de ses objectifs, la r\u00e9ussite de tout plan ou projet est tributaire de l\u2019adoption des principes de bonne gouvernance et de reddition des comptes \u00bb, fait-il observer.<\/p>\n<p>A cet \u00e9gard, les institutions de l\u2019\u00c9tat et les entreprises publiques doivent montrer une attitude exemplaire et agir comme un levier de d\u00e9veloppement, et non comme un frein, a insist\u00e9 le Roi Mohammed VI, appelant \u00e0 une red\u00e9finition substantielle et \u00e9quilibr\u00e9e du secteur.<\/p>\n<p>Par ailleurs, le Souverain forme le v\u0153u que l\u2019Agence charg\u00e9e de la supervision des participations de l\u2019\u00c9tat et du suivi de leurs performances joue un r\u00f4le-cl\u00e9 dans ce domaine.<\/p>\n<p>En effet, dans le combat en faveur des int\u00e9r\u00eats de la patrie et des citoyens, il importe de rappeler que, comme la responsabilit\u00e9, le succ\u00e8s doit \u00eatre partag\u00e9 ; il est l\u2019affaire de tous, de chacun de nous, ou il n\u2019est pas.<\/p>\n<p>Pour ce qui est de la relance \u00e9conomique, il repose sur le Fonds d\u2019Investissement strat\u00e9gique, baptis\u00e9 \u00ab Fonds Mohammed VI pour l\u2019investissement \u00bb, qui est plac\u00e9 en t\u00eate des priorit\u00e9s de l\u2019\u00e9tape actuelle, et vise \u00e0 soutenir les secteurs productifs, notamment le tissu des petites et moyennes entreprises, a affirm\u00e9 le Souverain.<\/p>\n<p>\u00ab Nous pla\u00e7ons le plan de relance \u00e9conomique en t\u00eate des priorit\u00e9s de l\u2019\u00e9tape actuelle \u00bb, a dit le Souverain dans ce discours avant de pr\u00e9ciser que ce plan vise \u00e0 soutenir les secteurs productifs, notamment le tissu des petites et moyennes entreprises.<\/p>\n<p>Le plan a pour objet de rehausser la capacit\u00e9 des secteurs productifs \u00e0 investir, \u00e0 cr\u00e9er des emplois et \u00e0 pr\u00e9server les sources de revenu, a-t-il pr\u00e9cis\u00e9, soulignant qu\u2019afin de garantir la r\u00e9ussite de ce plan, l\u2019accent a \u00e9t\u00e9 port\u00e9 sur la n\u00e9cessit\u00e9 de mener \u00e0 bien son op\u00e9rationnalisation dans un cadre contractuel national, impliquant l\u2019Etat ainsi que les partenaires \u00e9conomiques et sociaux et se fondant sur le principe de corr\u00e9lation entre droits et obligations.<\/p>\n<p>Dans ce cadre, le Souverain a rappel\u00e9 que le soutien apport\u00e9 aux entreprises marocaines \u00e0 l\u2019aide du dispositif des pr\u00eats garantis par l\u2019Etat a b\u00e9n\u00e9fici\u00e9 \u00e0 plus de 20 mille d\u2019entre elles, avec un montant avoisinant les 26,1 milliards de dirhams (1 euro = 10,8 DH).<\/p>\n<p>Les entit\u00e9s b\u00e9n\u00e9ficiaires de ce soutien ont prouv\u00e9 leur r\u00e9silience face \u00e0 la crise dont elles sont parvenues \u00e0 att\u00e9nuer les effets en pr\u00e9servant les emplois, s\u2019est r\u00e9joui le Roi, soulignant que ces efforts doivent se poursuivre, tant de la part du secteur bancaire et de la Caisse Centrale de Garantie que du c\u00f4t\u00e9 des entreprises et de leurs associations professionnelles.<\/p>\n<p>Dans ce contexte, le Souverain a souhait\u00e9 que le Fonds Mohammed VI pour l\u2019Investissement \u00ab joue un r\u00f4le de premier plan dans la promotion de l\u2019investissement et le rel\u00e8vement des capacit\u00e9s de l\u2019\u00e9conomie nationale \u00bb, notant que cette structure interviendra pour doter les secteurs productifs du soutien n\u00e9cessaire et pour financer et accompagner les grands projets envisag\u00e9s, dans le cadre de partenariats public-priv\u00e9.<\/p>\n<p>L\u2019appui apport\u00e9 au Plan de relance permettra d\u2019en amplifier l\u2019impact \u00e9conomique, social et environnemental, a pr\u00e9cis\u00e9 le Souverain, notant que selon les domaines jug\u00e9s prioritaires \u00e0 chaque \u00e9tape et, en fonction des besoins de chaque secteur, le Fonds s\u2019appuiera, dans ses interventions, sur des fonds sectoriels sp\u00e9cialis\u00e9s qui lui sont rattach\u00e9s.<\/p>\n<p>Parmi ces domaines, le Souverain a cit\u00e9 la restructuration industrielle, l\u2019innovation et les activit\u00e9s \u00e0 fort potentiel, les petites et moyennes entreprises, les infrastructures, l\u2019agriculture et le tourisme.<\/p>\n<p>Auteur: APA News<br \/>\n<a href=\"https:\/\/www.journalducameroun.com\/le-discours-royal-douverture-du-parlement-un-cap-et-une-feuille-de-route-nationale-pour-les-prochaines-annees\/\">Cliquez ici pour lire l&rsquo;article depuis sa source.<\/a><\/p>\n","protected":false},"excerpt":{"rendered":"<p>Le Roi Mohammed VI a adress\u00e9, vendredi \u00e0 partir du palais Royal de Rabat, un discours au parlement \u00e0 l\u2019occasion de l\u2019ouverture de la session parlementaire d\u2019automne.Dans ce discours le Souverain a fix\u00e9 le cap global de l\u2019action et d\u00e9fini les grandes priorit\u00e9s autour desquelles la collectivit\u00e9 nationale est appel\u00e9e \u00e0 se mobiliser. \u00ab Notre [&hellip;]<\/p>\n","protected":false},"author":1965,"featured_media":0,"comment_status":"closed","ping_status":"closed","sticky":false,"template":"","format":"standard","meta":{"fifu_image_url":"","fifu_image_alt":"","footnotes":""},"categories":[73,82],"tags":[],"class_list":["post-101303","post","type-post","status-publish","format-standard","hentry","category-actualite","category-cameroun"],"_links":{"self":[{"href":"https:\/\/linitiative.ca\/International\/wp-json\/wp\/v2\/posts\/101303","targetHints":{"allow":["GET"]}}],"collection":[{"href":"https:\/\/linitiative.ca\/International\/wp-json\/wp\/v2\/posts"}],"about":[{"href":"https:\/\/linitiative.ca\/International\/wp-json\/wp\/v2\/types\/post"}],"author":[{"embeddable":true,"href":"https:\/\/linitiative.ca\/International\/wp-json\/wp\/v2\/users\/1965"}],"replies":[{"embeddable":true,"href":"https:\/\/linitiative.ca\/International\/wp-json\/wp\/v2\/comments?post=101303"}],"version-history":[{"count":0,"href":"https:\/\/linitiative.ca\/International\/wp-json\/wp\/v2\/posts\/101303\/revisions"}],"wp:attachment":[{"href":"https:\/\/linitiative.ca\/International\/wp-json\/wp\/v2\/media?parent=101303"}],"wp:term":[{"taxonomy":"category","embeddable":true,"href":"https:\/\/linitiative.ca\/International\/wp-json\/wp\/v2\/categories?post=101303"},{"taxonomy":"post_tag","embeddable":true,"href":"https:\/\/linitiative.ca\/International\/wp-json\/wp\/v2\/tags?post=101303"}],"curies":[{"name":"wp","href":"https:\/\/api.w.org\/{rel}","templated":true}]}}