{"id":101317,"date":"2020-10-10T07:00:33","date_gmt":"2020-10-10T11:00:33","guid":{"rendered":"https:\/\/linitiative.ca\/International\/un-artiste-photographe-francais-expose-ses-oeuvres-a-marrakech-sur-le-theme-du-patrimoine-hydraulique\/"},"modified":"2020-10-10T07:00:33","modified_gmt":"2020-10-10T11:00:33","slug":"un-artiste-photographe-francais-expose-ses-oeuvres-a-marrakech-sur-le-theme-du-patrimoine-hydraulique","status":"publish","type":"post","link":"https:\/\/linitiative.ca\/International\/un-artiste-photographe-francais-expose-ses-oeuvres-a-marrakech-sur-le-theme-du-patrimoine-hydraulique\/","title":{"rendered":"Un artiste-photographe fran\u00e7ais  expose ses \u0153uvres \u00e0 Marrakech sur le th\u00e8me du patrimoine hydraulique"},"content":{"rendered":"<header>\n<\/header>\n<div class=\"entry-content clearfix\" readability=\"53\"><img decoding=\"async\" class=\"post_layout_5_img\" src=\"http:\/\/aujourdhui.ma\/wp-content\/uploads\/2020\/10\/Lartiste-photographe-francais-Olivier-Monge.jpg\" alt=\"Un artiste-photographe fran&#xE7;ais expose ses &#x153;uvres &#xE0; Marrakech sur le th&#xE8;me du patrimoine hydraulique\"\/><\/p>\n<p><span class=\"c6\"><span class=\"c5\"><strong>L\u2019artiste-photographe fran\u00e7ais Olivier Monge expose ses \u0153uvres \u00e0 Marrakech du 22 novembre au 17 janvier prochains, sous le th\u00e8me \u00abWater Please\u00bb (De l\u2019eau s\u2019il vous pla\u00eet).<\/strong><\/span> <span id=\"more-357441\"\/><\/span><\/p>\n<p>Visible aux cimaises du Jardin Rouge, r\u00e9sidence artistique de la Fondation Montresso, cette exposition pr\u00e9sente une s\u00e9rie d\u2019images \u00e0 la limite du visible portant sur les \u00e9l\u00e9ments majeurs de la ma\u00eetrise de l\u2019eau dans la cit\u00e9 ocre. Il s\u2019agit de la Palmeraie, le pont de l\u2019oued Tensift ou encore les \u00abkhettaras\u00bb, qui repr\u00e9sentent un v\u00e9ritable patrimoine immat\u00e9riel et un ing\u00e9nieux savoir-faire ancestral de drainage des eaux souterraines, qui a jou\u00e9 \u00e0 travers l\u2019histoire un r\u00f4le primordial dans le d\u00e9veloppement de la cit\u00e9 ocre et a accompagn\u00e9 son essor historique.<\/p>\n<p>L\u2019\u0153uvre de cet artiste fran\u00e7ais traite essentiellement de la repr\u00e9sentation du territoire et de l\u2019impact de l\u2019Homme sur son milieu. En r\u00e9sidence \u00e0 Jardin Rouge, Olivier Monge, membre de l\u2019agence photographique MYOP (Paris), s\u2019int\u00e9resse tout particuli\u00e8rement au patrimoine hydraulique ing\u00e9nieux, riche et vari\u00e9 de Marrakech.<\/p>\n<\/div>\n<p>Auteur: ALM<br \/>\n<a href=\"https:\/\/aujourdhui.ma\/culture\/un-artiste-photographe-francais-expose-ses-oeuvres-a-marrakech-sur-le-theme-du-patrimoine-hydraulique\">Cliquez ici pour lire l&rsquo;article depuis sa source.<\/a><\/p>\n","protected":false},"excerpt":{"rendered":"<p>L\u2019artiste-photographe fran\u00e7ais Olivier Monge expose ses \u0153uvres \u00e0 Marrakech du 22 novembre au 17 janvier prochains, sous le th\u00e8me \u00abWater Please\u00bb (De l\u2019eau s\u2019il vous pla\u00eet). Visible aux cimaises du Jardin Rouge, r\u00e9sidence artistique de la Fondation Montresso, cette exposition pr\u00e9sente une s\u00e9rie d\u2019images \u00e0 la limite du visible portant sur les \u00e9l\u00e9ments majeurs de [&hellip;]<\/p>\n","protected":false},"author":1759,"featured_media":101318,"comment_status":"closed","ping_status":"closed","sticky":false,"template":"","format":"standard","meta":{"fifu_image_url":"","fifu_image_alt":"","footnotes":""},"categories":[73,54],"tags":[],"class_list":["post-101317","post","type-post","status-publish","format-standard","has-post-thumbnail","hentry","category-actualite","category-maroc"],"_links":{"self":[{"href":"https:\/\/linitiative.ca\/International\/wp-json\/wp\/v2\/posts\/101317","targetHints":{"allow":["GET"]}}],"collection":[{"href":"https:\/\/linitiative.ca\/International\/wp-json\/wp\/v2\/posts"}],"about":[{"href":"https:\/\/linitiative.ca\/International\/wp-json\/wp\/v2\/types\/post"}],"author":[{"embeddable":true,"href":"https:\/\/linitiative.ca\/International\/wp-json\/wp\/v2\/users\/1759"}],"replies":[{"embeddable":true,"href":"https:\/\/linitiative.ca\/International\/wp-json\/wp\/v2\/comments?post=101317"}],"version-history":[{"count":0,"href":"https:\/\/linitiative.ca\/International\/wp-json\/wp\/v2\/posts\/101317\/revisions"}],"wp:featuredmedia":[{"embeddable":true,"href":"https:\/\/linitiative.ca\/International\/wp-json\/"}],"wp:attachment":[{"href":"https:\/\/linitiative.ca\/International\/wp-json\/wp\/v2\/media?parent=101317"}],"wp:term":[{"taxonomy":"category","embeddable":true,"href":"https:\/\/linitiative.ca\/International\/wp-json\/wp\/v2\/categories?post=101317"},{"taxonomy":"post_tag","embeddable":true,"href":"https:\/\/linitiative.ca\/International\/wp-json\/wp\/v2\/tags?post=101317"}],"curies":[{"name":"wp","href":"https:\/\/api.w.org\/{rel}","templated":true}]}}