{"id":101324,"date":"2020-10-10T09:22:00","date_gmt":"2020-10-10T13:22:00","guid":{"rendered":"https:\/\/linitiative.ca\/International\/hrw-appelle-lalgerie-a-mettre-fin-aux-expulsions-collectives\/"},"modified":"2020-10-10T09:22:00","modified_gmt":"2020-10-10T13:22:00","slug":"hrw-appelle-lalgerie-a-mettre-fin-aux-expulsions-collectives","status":"publish","type":"post","link":"https:\/\/linitiative.ca\/International\/hrw-appelle-lalgerie-a-mettre-fin-aux-expulsions-collectives\/","title":{"rendered":"HRW appelle l\u2019Alg\u00e9rie \u00e0 mettre fin aux expulsions collectives"},"content":{"rendered":"<div id=\"originalText\" readability=\"102\">\n<p>L\u2019ONG Human Right Watch a \u00e9pingl\u00e9 les autorit\u00e9s alg\u00e9riennes suite \u00e0 l\u2019expulsion, au cours des derni\u00e8res semaines, de \u00ab\u00a0milliers de migrants et de demandeurs d\u2019asile vers le Niger lors de rafles en s\u00e9rie de personnes de plusieurs nationalit\u00e9s, pour la plupart des Africains subsahariens\u00a0\u00bb, dans un communiqu\u00e9, rendu public hier sur son site.<\/p>\n<p>\u00ab\u00a0Depuis le d\u00e9but du mois de septembre, l\u2019Alg\u00e9rie a expuls\u00e9 plus de 3 400 migrants d\u2019au moins 20 nationalit\u00e9s diff\u00e9rentes vers le Niger, dont 430 enfants et 240 femmes, selon des organisations humanitaires travaillant au Niger\u00a0\u00bb, indique le communiqu\u00e9 en soulignant que \u00ab\u00a0les autorit\u00e9s alg\u00e9riennes ont regroup\u00e9 la plupart des Nig\u00e9riens \u00e0 bords de camions ou de bus bond\u00e9s, avant de les remettre \u00e0 l\u2019arm\u00e9e nig\u00e9rienne, dans le cadre de convois de rapatriement \u00ab officiels \u00bb ; d\u2019autres, dans des convois dont les passagers \u00e9taient de nationalit\u00e9s mixtes, ont \u00e9t\u00e9 abandonn\u00e9s en plein d\u00e9sert, pr\u00e8s de la fronti\u00e8re\u00a0\u00bb.<\/p>\n<p>L\u2019ONG a affirm\u00e9 s\u2019\u00eatre entretenue avec six migrants, qui lui ont apport\u00e9 des t\u00e9moignages frappants pendant leur expulsion, \u00ab\u00a0les forces de s\u00e9curit\u00e9 ont s\u00e9par\u00e9 des enfants de leurs familles lors d\u2019arrestations de masse, d\u00e9pouill\u00e9 les adultes de leurs biens, les emp\u00eachant de contester leur expulsion et refusant de v\u00e9rifier leur \u00e9ligibilit\u00e9 au statut de r\u00e9fugi\u00e9s\u00a0\u00bb, est-il mentionn\u00e9.<\/p>\n<p>\u00ab L\u2019Alg\u00e9rie a certes le droit de prot\u00e9ger ses fronti\u00e8res, mais pas de placer en d\u00e9tention arbitraire et d\u2019expulser collectivement des migrants, dont des enfants et des demandeurs d\u2019asile, en l\u2019absence de proc\u00e9dure r\u00e9guli\u00e8re \u00bb, a d\u00e9clar\u00e9 Lauren Seibert, chercheuse aupr\u00e8s de la division Droits des r\u00e9fugi\u00e9s et migrants de Human Rights Watch. \u00ab Avant d\u2019expulser quiconque, les autorit\u00e9s devraient v\u00e9rifier individuellement le statut des personnes en vertu des lois relatives \u00e0 l\u2019immigration ou \u00e0 l\u2019asile et veiller \u00e0 ce que chaque demande soit examin\u00e9e individuellement par les tribunaux \u00bb.<\/p>\n<p>Selon le rapport de HRW, \u00ab\u00a0les r\u00e9centes rafles et expulsions marquent la plus forte hausse de ce type d\u2019op\u00e9rations depuis le d\u00e9but de la pand\u00e9mie de Covid-19 en mars\u00a0\u00bb, soulignant que \u00ab\u00a0l\u2019Alg\u00e9rie n\u2019a jamais compl\u00e8tement cess\u00e9 d\u2019expulser des migrants vers le Niger, m\u00eame apr\u00e8s la fermeture officielle des fronti\u00e8res en mars, ont assur\u00e9 des migrants et des travailleurs humanitaires\u00a0\u00bb.<\/p>\n<p>Pour Human Right Watch, \u00ab\u00a0le traitement des migrants par l\u2019Alg\u00e9rie constitue une violation de ses obligations en tant qu\u2019\u00c9tat partie \u00e0 la Convention internationale sur la protection des droits de tous les travailleurs migrants, qui interdit les expulsions collectives et exige que chaque cas soit examin\u00e9 individuellement\u00a0\u00bb.<\/p>\n<p>Pour rappel, le 1er octobre, le Ministre de l\u2019int\u00e9rieur, Karim Beldjoud, avait annonc\u00e9 une nouvelle op\u00e9ration de lutte contre la \u00ab migration clandestine \u00bb, affirmant qu\u2019elle respectait \u00ab\u00a0les trait\u00e9s internationaux sign\u00e9s par l&rsquo;Alg\u00e9rie, notamment en ce qui concerne le respect des droits de l&rsquo;Homme et de la dignit\u00e9 des migrants\u00a0\u00bb.<\/p>\n<p class=\"c6\"><strong>Sihem Benmalek<\/strong><\/p>\n<\/div>\n<div id=\"text_core\" readability=\"102\">\n<p>L\u2019ONG Human Right Watch a \u00e9pingl\u00e9 les autorit\u00e9s alg\u00e9riennes suite \u00e0 l\u2019expulsion, au cours des derni\u00e8res semaines, de \u00ab\u00a0milliers de migrants et de demandeurs d\u2019asile vers le Niger lors de rafles en s\u00e9rie de personnes de plusieurs nationalit\u00e9s, pour la plupart des Africains subsahariens\u00a0\u00bb, dans un communiqu\u00e9, rendu public hier sur son site.<\/p>\n<p>\u00ab\u00a0Depuis le d\u00e9but du mois de septembre, l\u2019Alg\u00e9rie a expuls\u00e9 plus de 3 400 migrants d\u2019au moins 20 nationalit\u00e9s diff\u00e9rentes vers le Niger, dont 430 enfants et 240 femmes, selon des organisations humanitaires travaillant au Niger\u00a0\u00bb, indique le communiqu\u00e9 en soulignant que \u00ab\u00a0les autorit\u00e9s alg\u00e9riennes ont regroup\u00e9 la plupart des Nig\u00e9riens \u00e0 bords de camions ou de bus bond\u00e9s, avant de les remettre \u00e0 l\u2019arm\u00e9e nig\u00e9rienne, dans le cadre de convois de rapatriement \u00ab officiels \u00bb ; d\u2019autres, dans des convois dont les passagers \u00e9taient de nationalit\u00e9s mixtes, ont \u00e9t\u00e9 abandonn\u00e9s en plein d\u00e9sert, pr\u00e8s de la fronti\u00e8re\u00a0\u00bb.<\/p>\n<p>L\u2019ONG a affirm\u00e9 s\u2019\u00eatre entretenue avec six migrants, qui lui ont apport\u00e9 des t\u00e9moignages frappants pendant leur expulsion, \u00ab\u00a0les forces de s\u00e9curit\u00e9 ont s\u00e9par\u00e9 des enfants de leurs familles lors d\u2019arrestations de masse, d\u00e9pouill\u00e9 les adultes de leurs biens, les emp\u00eachant de contester leur expulsion et refusant de v\u00e9rifier leur \u00e9ligibilit\u00e9 au statut de r\u00e9fugi\u00e9s\u00a0\u00bb, est-il mentionn\u00e9.<\/p>\n<p>\u00ab L\u2019Alg\u00e9rie a certes le droit de prot\u00e9ger ses fronti\u00e8res, mais pas de placer en d\u00e9tention arbitraire et d\u2019expulser collectivement des migrants, dont des enfants et des demandeurs d\u2019asile, en l\u2019absence de proc\u00e9dure r\u00e9guli\u00e8re \u00bb, a d\u00e9clar\u00e9 Lauren Seibert, chercheuse aupr\u00e8s de la division Droits des r\u00e9fugi\u00e9s et migrants de Human Rights Watch. \u00ab Avant d\u2019expulser quiconque, les autorit\u00e9s devraient v\u00e9rifier individuellement le statut des personnes en vertu des lois relatives \u00e0 l\u2019immigration ou \u00e0 l\u2019asile et veiller \u00e0 ce que chaque demande soit examin\u00e9e individuellement par les tribunaux \u00bb.<\/p>\n<p>Selon le rapport de HRW, \u00ab\u00a0les r\u00e9centes rafles et expulsions marquent la plus forte hausse de ce type d\u2019op\u00e9rations depuis le d\u00e9but de la pand\u00e9mie de Covid-19 en mars\u00a0\u00bb, soulignant que \u00ab\u00a0l\u2019Alg\u00e9rie n\u2019a jamais compl\u00e8tement cess\u00e9 d\u2019expulser des migrants vers le Niger, m\u00eame apr\u00e8s la fermeture officielle des fronti\u00e8res en mars, ont assur\u00e9 des migrants et des travailleurs humanitaires\u00a0\u00bb.<\/p>\n<p>Pour Human Right Watch, \u00ab\u00a0le traitement des migrants par l\u2019Alg\u00e9rie constitue une violation de ses obligations en tant qu\u2019\u00c9tat partie \u00e0 la Convention internationale sur la protection des droits de tous les travailleurs migrants, qui interdit les expulsions collectives et exige que chaque cas soit examin\u00e9 individuellement\u00a0\u00bb.<\/p>\n<p>Pour rappel, le 1er octobre, le Ministre de l\u2019int\u00e9rieur, Karim Beldjoud, avait annonc\u00e9 une nouvelle op\u00e9ration de lutte contre la \u00ab migration clandestine \u00bb, affirmant qu\u2019elle respectait \u00ab\u00a0les trait\u00e9s internationaux sign\u00e9s par l&rsquo;Alg\u00e9rie, notamment en ce qui concerne le respect des droits de l&rsquo;Homme et de la dignit\u00e9 des migrants\u00a0\u00bb.<\/p>\n<p class=\"c6\"><strong>Sihem Benmalek<\/strong><\/p>\n<\/div>\n<p>Auteur:<br \/>\n<a href=\"https:\/\/www.liberte-algerie.com\/actualite\/hrw-appelle-lalgerie-a-mettre-fin-aux-expulsions-collectives-347025\">Cliquez ici pour lire l&rsquo;article depuis sa source.<\/a><\/p>\n","protected":false},"excerpt":{"rendered":"<p>L\u2019ONG Human Right Watch a \u00e9pingl\u00e9 les autorit\u00e9s alg\u00e9riennes suite \u00e0 l\u2019expulsion, au cours des derni\u00e8res semaines, de \u00ab\u00a0milliers de migrants et de demandeurs d\u2019asile vers le Niger lors de rafles en s\u00e9rie de personnes de plusieurs nationalit\u00e9s, pour la plupart des Africains subsahariens\u00a0\u00bb, dans un communiqu\u00e9, rendu public hier sur son site. \u00ab\u00a0Depuis le [&hellip;]<\/p>\n","protected":false},"author":1742,"featured_media":0,"comment_status":"closed","ping_status":"closed","sticky":false,"template":"","format":"standard","meta":{"fifu_image_url":"","fifu_image_alt":"","footnotes":""},"categories":[73,53],"tags":[],"class_list":["post-101324","post","type-post","status-publish","format-standard","hentry","category-actualite","category-algerie"],"_links":{"self":[{"href":"https:\/\/linitiative.ca\/International\/wp-json\/wp\/v2\/posts\/101324","targetHints":{"allow":["GET"]}}],"collection":[{"href":"https:\/\/linitiative.ca\/International\/wp-json\/wp\/v2\/posts"}],"about":[{"href":"https:\/\/linitiative.ca\/International\/wp-json\/wp\/v2\/types\/post"}],"author":[{"embeddable":true,"href":"https:\/\/linitiative.ca\/International\/wp-json\/wp\/v2\/users\/1742"}],"replies":[{"embeddable":true,"href":"https:\/\/linitiative.ca\/International\/wp-json\/wp\/v2\/comments?post=101324"}],"version-history":[{"count":0,"href":"https:\/\/linitiative.ca\/International\/wp-json\/wp\/v2\/posts\/101324\/revisions"}],"wp:attachment":[{"href":"https:\/\/linitiative.ca\/International\/wp-json\/wp\/v2\/media?parent=101324"}],"wp:term":[{"taxonomy":"category","embeddable":true,"href":"https:\/\/linitiative.ca\/International\/wp-json\/wp\/v2\/categories?post=101324"},{"taxonomy":"post_tag","embeddable":true,"href":"https:\/\/linitiative.ca\/International\/wp-json\/wp\/v2\/tags?post=101324"}],"curies":[{"name":"wp","href":"https:\/\/api.w.org\/{rel}","templated":true}]}}