{"id":101328,"date":"2020-10-09T17:24:33","date_gmt":"2020-10-09T21:24:33","guid":{"rendered":"https:\/\/linitiative.ca\/International\/enrayer-la-covid-19-passe-par-la-stimulation-de-lactivite-economique\/"},"modified":"2020-10-09T17:24:33","modified_gmt":"2020-10-09T21:24:33","slug":"enrayer-la-covid-19-passe-par-la-stimulation-de-lactivite-economique","status":"publish","type":"post","link":"https:\/\/linitiative.ca\/International\/enrayer-la-covid-19-passe-par-la-stimulation-de-lactivite-economique\/","title":{"rendered":"Enrayer la Covid-19 passe par la stimulation de l\u2019activit\u00e9 \u00e9conomique"},"content":{"rendered":"<div readability=\"37\">\n<p>Marrakech \u2013 Le Discours Royal prononc\u00e9 par SM le Roi Mohammed VI \u00e0 l\u2019occasion de l\u2019ouverture de la 1\u00e8re session de la 5\u00e8me ann\u00e9e l\u00e9gislative de la 10\u00e8me L\u00e9gislature met clairement en \u00e9vidence le fait qu\u2019enrayer les effets de la pand\u00e9mie de la Covid-19 passe par la stimulation de l\u2019activit\u00e9 \u00e9conomique et le renforcement de la protection sociale, a affirm\u00e9 M. Mohamed Bentalha Doukkali, politologue et professeur des sciences politiques \u00e0 l\u2019Universit\u00e9 Cadi Ayyad (UCA) \u00e0 Marrakech.<\/p>\n<\/div>\n<div readability=\"83\">\n<p>Dans une d\u00e9claration \u00e0 la MAP, M. Doukkali a soulign\u00e9 que le Discours Royal adress\u00e9 par le Souverain aux parlementaires en ces circonstances exceptionnelles a \u00e9t\u00e9 marqu\u00e9 du sceau de l\u2019audace et de la franchise apr\u00e8s avoir appel\u00e9 \u00e0 apporter un soutien ind\u00e9fectible au secteur sanitaire, tout en oeuvrant concomitamment \u00e0 la stimulation de l\u2019activit\u00e9 \u00e9conomique et au renforcement de la protection sociale.<\/p>\n<p>Le politologue a indiqu\u00e9 que la crise sanitaire actuelle a r\u00e9v\u00e9l\u00e9 un ensemble de dysfonctionnements et de d\u00e9ficits et a eu un impact n\u00e9gatif sur l\u2019\u00e9conomie nationale, notant que SM le Roi a rappel\u00e9, dans ce sens, le lancement d\u2019un plan ambitieux de relance \u00e9conomique nationale et d\u2019un grand projet d\u2019universalisation de la couverture sociale.<\/p>\n<p>Et de relever que l\u2019op\u00e9rationnalisation de ces r\u00e9formes structurelles n\u00e9cessite la mutualisation des efforts de l\u2019Etat et des partenaires \u00e9conomiques dans un cadre contractuel national, permettant la r\u00e9silience des entreprises et la pr\u00e9servation des emplois, tout en faisant preuve d\u2019une opini\u00e2tre vigilance et d\u2019un engagement r\u00e9solu pour pr\u00e9server la sant\u00e9 et la s\u00e9curit\u00e9 des citoyens.<\/p>\n<p>Afin de r\u00e9aliser la relance \u00e9conomique souhait\u00e9e, M. Doukkali a pr\u00e9cis\u00e9 que le \u00ab\u00a0Fonds Mohammed VI pour l\u2019investissement\u00a0\u00bb, auquel seront allou\u00e9s des fonds de l\u2019ordre de 15 milliards de DH, sera dot\u00e9 de la personnalit\u00e9 morale de mani\u00e8re \u00e0 ce qu\u2019il s\u2019impose comme un mod\u00e8le de bonne gouvernance, d\u2019efficience et de transparence, et joue un r\u00f4le de premier plan dans le rel\u00e8vement des capacit\u00e9s de l\u2019\u00e9conomie nationale et l\u2019accompagnement des grands projets nationaux.<\/p>\n<p>S\u2019agissant du secteur social, l\u2019universitaire a rappel\u00e9 l\u2019appel de SM le Roi \u00e0 la g\u00e9n\u00e9ralisation de la couverture sociale au profit de tous les Marocains, en tant qu\u2019important indicateur de la r\u00e9alisation du bien-\u00eatre et de la prosp\u00e9rit\u00e9 au vu des changements d\u00e9mographiques et sociaux.<\/p>\n<p>En ce qui concerne les politiques sectorielles, M. Doukkali a estim\u00e9 que la prochaine \u00e9tape exige de mener une r\u00e9flexion pour le d\u00e9veloppement du monde rural et l\u2019am\u00e9lioration des conditions de vie de l\u2019agriculteur marocain, pr\u00e9cisant que le Souverain a appel\u00e9 \u00e0 accorder une grande importance \u00e0 la modernisation et \u00e0 la rationalisation du secteur agricole dans le cadre de la mise en \u0153uvre des programmes et des strat\u00e9gies en la mati\u00e8re.<\/p>\n<p>Et de conclure que la r\u00e9ussite de ce projet soci\u00e9tal demeure tributaire d\u2019une mobilisation nationale responsable ayant pour fondements l\u2019esprit de citoyennet\u00e9 positive, la bonne gouvernance et la reddition des comptes, afin que le Royaume puisse relever tous les d\u00e9fis induits par la pand\u00e9mie de la Covid-19.<\/p>\n<\/div>\n<p>Auteur: Meriem IGASS<br \/>\n<a href=\"http:\/\/www.mapmarrakech.ma\/fr\/enrayer-les-effets-de-la-covid-19-passe-par-la-stimulation-de-lactivite-economique\/\">Cliquez ici pour lire l&rsquo;article depuis sa source.<\/a><\/p>\n","protected":false},"excerpt":{"rendered":"<p>Marrakech \u2013 Le Discours Royal prononc\u00e9 par SM le Roi Mohammed VI \u00e0 l\u2019occasion de l\u2019ouverture de la 1\u00e8re session de la 5\u00e8me ann\u00e9e l\u00e9gislative de la 10\u00e8me L\u00e9gislature met clairement en \u00e9vidence le fait qu\u2019enrayer les effets de la pand\u00e9mie de la Covid-19 passe par la stimulation de l\u2019activit\u00e9 \u00e9conomique et le renforcement de [&hellip;]<\/p>\n","protected":false},"author":1788,"featured_media":0,"comment_status":"closed","ping_status":"closed","sticky":false,"template":"","format":"standard","meta":{"fifu_image_url":"","fifu_image_alt":"","footnotes":""},"categories":[54,76],"tags":[],"class_list":["post-101328","post","type-post","status-publish","format-standard","hentry","category-maroc","category-regions"],"_links":{"self":[{"href":"https:\/\/linitiative.ca\/International\/wp-json\/wp\/v2\/posts\/101328","targetHints":{"allow":["GET"]}}],"collection":[{"href":"https:\/\/linitiative.ca\/International\/wp-json\/wp\/v2\/posts"}],"about":[{"href":"https:\/\/linitiative.ca\/International\/wp-json\/wp\/v2\/types\/post"}],"author":[{"embeddable":true,"href":"https:\/\/linitiative.ca\/International\/wp-json\/wp\/v2\/users\/1788"}],"replies":[{"embeddable":true,"href":"https:\/\/linitiative.ca\/International\/wp-json\/wp\/v2\/comments?post=101328"}],"version-history":[{"count":0,"href":"https:\/\/linitiative.ca\/International\/wp-json\/wp\/v2\/posts\/101328\/revisions"}],"wp:attachment":[{"href":"https:\/\/linitiative.ca\/International\/wp-json\/wp\/v2\/media?parent=101328"}],"wp:term":[{"taxonomy":"category","embeddable":true,"href":"https:\/\/linitiative.ca\/International\/wp-json\/wp\/v2\/categories?post=101328"},{"taxonomy":"post_tag","embeddable":true,"href":"https:\/\/linitiative.ca\/International\/wp-json\/wp\/v2\/tags?post=101328"}],"curies":[{"name":"wp","href":"https:\/\/api.w.org\/{rel}","templated":true}]}}