{"id":101329,"date":"2020-10-09T17:51:13","date_gmt":"2020-10-09T21:51:13","guid":{"rendered":"https:\/\/linitiative.ca\/International\/une-charte-darchitecture-pour-le-centre-dimlil\/"},"modified":"2020-10-09T17:51:13","modified_gmt":"2020-10-09T21:51:13","slug":"une-charte-darchitecture-pour-le-centre-dimlil","status":"publish","type":"post","link":"https:\/\/linitiative.ca\/International\/une-charte-darchitecture-pour-le-centre-dimlil\/","title":{"rendered":"Une charte d\u2019architecture pour le centre d\u2019Imlil"},"content":{"rendered":"<div class=\"single-featured\"><img alt=\"\" data-src=\"http:\/\/www.mapmarrakech.ma\/map\/uploads\/2020\/10\/charte-darchitecture-Imlil-copier.jpg\"\/><\/div>\n<div class=\"single-post-excerpt post-excerpt-bc\" readability=\"37\">\n<p>Commune Asni (province d\u2019Al Haouz) \u2013 Le Centre d\u2019Imlil relevant de la commune d\u2019Asni (province d\u2019Al Haouz) vient de se doter d\u2019une Charte d\u2019architecture, un document destin\u00e9, entre autres, \u00e0 renforcer l\u2019attractivit\u00e9 touristique de ce Site.<\/p>\n<\/div>\n<div class=\"entry-content clearfix single-post-content\" readability=\"66\">\n<p>Cette Charte pr\u00e9par\u00e9e et adopt\u00e9e par l\u2019Agence Urbaine de Marrakech, a \u00e9t\u00e9 adopt\u00e9e par le Conseil communal d\u2019Asni r\u00e9uni, r\u00e9cemment, en session ordinaire au titre du mois d\u2019octobre courant.<\/p>\n<p>Elle vise \u00e0 renforcer l\u2019attractivit\u00e9 touristique du centre d\u2019Imlil, et \u00e0 pr\u00e9server et mettre en valeur ses sp\u00e9cificit\u00e9s architecturales et urbanistiques authentiques.<\/p>\n<p>La Charte d\u2019Architecture du Centre d\u2019Imlil constitue, en outre, une r\u00e9f\u00e9rence et une ligne directrice mise \u00e0 la disposition de tous les acteurs et intervenants du domaine de l\u2019urbanisme afin d\u2019encadrer les projets de construction mais aussi, de restauration et de r\u00e9novation en la mati\u00e8re.<\/p>\n<p>Ce document, qui s\u2019inscrit dans le cadre de la strat\u00e9gie adopt\u00e9e par l\u2019Agence Urbaine de Marrakech pour la promotion du monde rural, sera un instrument n\u00e9cessaire \u00e0 m\u00eame de rendre ce centre plus harmonieux sur le plan architectural et urbanistique.<\/p>\n<p>Perch\u00e9 au milieu des montagnes du Haut Atlas et situ\u00e9 au c\u0153ur du Parc National du Toubkal, le centre d\u2019Imlil est la porte d\u2019entr\u00e9e pour les randonneurs et visiteurs d\u00e9sirant faire la d\u00e9couverte et l\u2019ascension du mont Toubkal, rappelle-t-on.<\/p>\n<p>Ce petit village est devenu une v\u00e9ritable zone touristique qui rayonne aux niveaux r\u00e9gional, national et international et une destination tr\u00e8s pris\u00e9e de touristes en provenance des quatre coins du monde parmi les amoureux des randonn\u00e9es.<\/p>\n<\/div>\n<p>Auteur: Meriem IGASS<br \/>\n<a href=\"http:\/\/www.mapmarrakech.ma\/fr\/une-charte-darchitecture-pour-le-centre-dimlil\/\">Cliquez ici pour lire l&rsquo;article depuis sa source.<\/a><\/p>\n","protected":false},"excerpt":{"rendered":"<p>Commune Asni (province d\u2019Al Haouz) \u2013 Le Centre d\u2019Imlil relevant de la commune d\u2019Asni (province d\u2019Al Haouz) vient de se doter d\u2019une Charte d\u2019architecture, un document destin\u00e9, entre autres, \u00e0 renforcer l\u2019attractivit\u00e9 touristique de ce Site. Cette Charte pr\u00e9par\u00e9e et adopt\u00e9e par l\u2019Agence Urbaine de Marrakech, a \u00e9t\u00e9 adopt\u00e9e par le Conseil communal d\u2019Asni r\u00e9uni, [&hellip;]<\/p>\n","protected":false},"author":1788,"featured_media":101330,"comment_status":"closed","ping_status":"closed","sticky":false,"template":"","format":"standard","meta":{"fifu_image_url":"","fifu_image_alt":"","footnotes":""},"categories":[54,76],"tags":[],"class_list":["post-101329","post","type-post","status-publish","format-standard","has-post-thumbnail","hentry","category-maroc","category-regions"],"_links":{"self":[{"href":"https:\/\/linitiative.ca\/International\/wp-json\/wp\/v2\/posts\/101329","targetHints":{"allow":["GET"]}}],"collection":[{"href":"https:\/\/linitiative.ca\/International\/wp-json\/wp\/v2\/posts"}],"about":[{"href":"https:\/\/linitiative.ca\/International\/wp-json\/wp\/v2\/types\/post"}],"author":[{"embeddable":true,"href":"https:\/\/linitiative.ca\/International\/wp-json\/wp\/v2\/users\/1788"}],"replies":[{"embeddable":true,"href":"https:\/\/linitiative.ca\/International\/wp-json\/wp\/v2\/comments?post=101329"}],"version-history":[{"count":0,"href":"https:\/\/linitiative.ca\/International\/wp-json\/wp\/v2\/posts\/101329\/revisions"}],"wp:featuredmedia":[{"embeddable":true,"href":"https:\/\/linitiative.ca\/International\/wp-json\/"}],"wp:attachment":[{"href":"https:\/\/linitiative.ca\/International\/wp-json\/wp\/v2\/media?parent=101329"}],"wp:term":[{"taxonomy":"category","embeddable":true,"href":"https:\/\/linitiative.ca\/International\/wp-json\/wp\/v2\/categories?post=101329"},{"taxonomy":"post_tag","embeddable":true,"href":"https:\/\/linitiative.ca\/International\/wp-json\/wp\/v2\/tags?post=101329"}],"curies":[{"name":"wp","href":"https:\/\/api.w.org\/{rel}","templated":true}]}}