{"id":101335,"date":"2020-10-10T12:28:23","date_gmt":"2020-10-10T16:28:23","guid":{"rendered":"https:\/\/linitiative.ca\/International\/ade-chlef-accord-avec-27-micro-entreprises-pour-la-prise-en-charge-des-fuites-deau\/"},"modified":"2020-10-10T12:28:23","modified_gmt":"2020-10-10T16:28:23","slug":"ade-chlef-accord-avec-27-micro-entreprises-pour-la-prise-en-charge-des-fuites-deau","status":"publish","type":"post","link":"https:\/\/linitiative.ca\/International\/ade-chlef-accord-avec-27-micro-entreprises-pour-la-prise-en-charge-des-fuites-deau\/","title":{"rendered":"ADE Chlef: accord avec 27 micro-entreprises pour la prise en charge des fuites d\u2019eau"},"content":{"rendered":"<div readability=\"36\">\n<p><strong>CHLEF &#8211; L\u2019entreprise de l\u2019Alg\u00e9rienne des Eaux (ADE) de la wilaya de Chlef a sign\u00e9, samedi, des accords de partenariat avec 27 micro-entreprises sp\u00e9cialis\u00e9es en plomberie pour la r\u00e9paration des fuites d\u2019eau et l&rsquo;entretien du r\u00e9seau de distribution d&rsquo;eau potable.<\/strong><\/p>\n<\/div>\n<div readability=\"103.76923076923\">\n<p>Ces accords, qui ont \u00e9t\u00e9 sign\u00e9s lors d&rsquo;une c\u00e9r\u00e9monie en pr\u00e9sence du ministre des Ressources en eau, Arezki Berraki, et des autorit\u00e9s locales, s&rsquo;inscrivent dans le cadre de la promotion et de l&rsquo;am\u00e9lioration du service public de l&rsquo;eau.<\/p>\n<blockquote readability=\"15\">\n<p><em><strong>Dans son intervention \u00e0 l\u2019occasion, le ministre a soulign\u00e9 l\u2019inscription de cette op\u00e9ration, au titre d\u2019un \u00ab\u00a0programme national visant \u00e0 impliquer pr\u00e9s de 400 micro-entreprises, au niveau national, dans l&rsquo;am\u00e9lioration du service public de l&rsquo;eau\u00a0\u00bb, \u00e0 travers entre autres, la prise en charge des fuites sur les r\u00e9seaux, la r\u00e9paration rapide des pannes et l&rsquo;installation des compteurs.<\/strong><\/em><\/p>\n<\/blockquote>\n<p>\u00ab\u00a0Outre la cr\u00e9ation de nouveaux postes d\u2019emploi, cette op\u00e9ration est de nature, a ajout\u00e9 Arezki Barraki, \u00e0 soutenir les efforts de l\u2019ADE en vue de l\u2019\u00e9radication des fuites d\u2019eau, \u00e0 l\u2019origine de pertes d&rsquo;eau estim\u00e9es \u00e0 1,8 milliard M3\/an\u00a0\u00bb, a-t-il d\u00e9plor\u00e9.<\/p>\n<p>Il a indiqu\u00e9, \u00e0 ce propos, que son d\u00e9partement minist\u00e9riel s\u2019est fix\u00e9 pour objectif \u00ab\u00a0d\u2019\u00e9radiquer un taux de 7 \u00e0 8% des fuites d\u2019eau, \u00e0 la fin de l\u2019ann\u00e9e en cours, pour porter ce chiffre \u00e0 18, voire 20%, \u00e0 la fin 2024\u00a0\u00bb, a-t-il dit.<\/p>\n<hr\/>\n<p><strong>Lire aussi:<\/strong>\u00a0<a href=\"\/proxy\/26abd73f\/http\/www.aps.dz\/economie\/100235-algerienne-des-eaux-une-vision-prospective-pour-le-debut-de-juin-prochain\">Alg\u00e9rienne des eaux: Une vision prospective pour le d\u00e9but de juin prochain<\/a><\/p>\n<hr\/>\n<p>Cette c\u00e9r\u00e9monie a \u00e9t\u00e9, \u00e9galement, marqu\u00e9e par la signature d\u2019une convention pour la gestion du r\u00e9servoir d&rsquo;eau du bassin (centre) de Chlef, par les diff\u00e9rentes parties concern\u00e9es par la rationalisation de l\u2019exploitation et la sauvegarde de cette ressource naturelle.<\/p>\n<blockquote readability=\"14\">\n<p><em><strong>Selon les explications fournies au ministre, cette convention a pour objectif de \u00ab\u00a0pr\u00e9server les eaux souterraines, \u00e0 travers un suivi du niveau de ces eaux et du degr\u00e9 de leur pollution, ainsi que de l\u2019impact de l\u2019irrigation sur les r\u00e9serves d\u2019eau\u00a0\u00bb, est-il signal\u00e9. Elle vise \u00e9galement la pr\u00e9servation du r\u00e9servoir d\u2019eau du bassin de Chlef, parall\u00e8lement \u00e0 une \u00e9valuation r\u00e9guli\u00e8re des actions r\u00e9alis\u00e9es sur le terrain, \u00e0 cet effet.<\/strong><\/em><\/p>\n<\/blockquote>\n<p>\u00ab\u00a0Les micro-entreprises signataires de ces accords auront notamment pour tache de proc\u00e9der au montage des compteurs des nouveaux abonn\u00e9s, et la prise en charge des fuites d\u2019eau sur les r\u00e9seaux AEP du pays\u00a0\u00bb, a d\u00e9clar\u00e9, pour sa part, le directeur g\u00e9n\u00e9ral de l\u2019ADE, Smail Amirouche, saluant l\u2019engouement des micro-entreprises, dont le nombre a d\u00e9pass\u00e9 les 400, \u00e0 ce programme.<\/p>\n<p>Il a signal\u00e9 la r\u00e9ception par les services de l&rsquo;ADE, \u00ab\u00a0avant la fin de l\u2019ann\u00e9e en cours\u00a0\u00bb de pr\u00e9s de 400.000 compteurs, dans le cadre d\u2019une convention sign\u00e9e avec l\u2019usine des compteurs d\u2019El Eulma (S\u00e9tif).<\/p>\n<p>La visite du ministre des Ressources en eau, Arezki Berraki se poursuit toujours dans la wilaya, o\u00f9 il inspectera le projet d\u2019alimentation en eau potable des zones rurales d\u2019Oum Droue (10 km \u00e0 l\u2019est de Chlef), avant de se rendre \u00e0 la station de dessalement d\u2019eau de mer de T\u00e9n\u00e8s (52 km au nord) et \u00e0 la station monobloc de Beni Haoua (95 km au nord est).<\/p>\n<\/div>\n<p>Auteur:<br \/>\n<a href=\"http:\/\/www.aps.dz\/regions\/110812-ade-chlef-accord-avec-27-micro-entreprises-pour-la-prise-en-charge-des-fuites-d-eau\">Cliquez ici pour lire l&rsquo;article depuis sa source.<\/a><\/p>\n","protected":false},"excerpt":{"rendered":"<p>CHLEF &#8211; L\u2019entreprise de l\u2019Alg\u00e9rienne des Eaux (ADE) de la wilaya de Chlef a sign\u00e9, samedi, des accords de partenariat avec 27 micro-entreprises sp\u00e9cialis\u00e9es en plomberie pour la r\u00e9paration des fuites d\u2019eau et l&rsquo;entretien du r\u00e9seau de distribution d&rsquo;eau potable. Ces accords, qui ont \u00e9t\u00e9 sign\u00e9s lors d&rsquo;une c\u00e9r\u00e9monie en pr\u00e9sence du ministre des Ressources [&hellip;]<\/p>\n","protected":false},"author":1790,"featured_media":0,"comment_status":"closed","ping_status":"closed","sticky":false,"template":"","format":"standard","meta":{"fifu_image_url":"","fifu_image_alt":"","footnotes":""},"categories":[53,76],"tags":[],"class_list":["post-101335","post","type-post","status-publish","format-standard","hentry","category-algerie","category-regions"],"_links":{"self":[{"href":"https:\/\/linitiative.ca\/International\/wp-json\/wp\/v2\/posts\/101335","targetHints":{"allow":["GET"]}}],"collection":[{"href":"https:\/\/linitiative.ca\/International\/wp-json\/wp\/v2\/posts"}],"about":[{"href":"https:\/\/linitiative.ca\/International\/wp-json\/wp\/v2\/types\/post"}],"author":[{"embeddable":true,"href":"https:\/\/linitiative.ca\/International\/wp-json\/wp\/v2\/users\/1790"}],"replies":[{"embeddable":true,"href":"https:\/\/linitiative.ca\/International\/wp-json\/wp\/v2\/comments?post=101335"}],"version-history":[{"count":0,"href":"https:\/\/linitiative.ca\/International\/wp-json\/wp\/v2\/posts\/101335\/revisions"}],"wp:attachment":[{"href":"https:\/\/linitiative.ca\/International\/wp-json\/wp\/v2\/media?parent=101335"}],"wp:term":[{"taxonomy":"category","embeddable":true,"href":"https:\/\/linitiative.ca\/International\/wp-json\/wp\/v2\/categories?post=101335"},{"taxonomy":"post_tag","embeddable":true,"href":"https:\/\/linitiative.ca\/International\/wp-json\/wp\/v2\/tags?post=101335"}],"curies":[{"name":"wp","href":"https:\/\/api.w.org\/{rel}","templated":true}]}}