{"id":101339,"date":"2020-10-10T15:13:14","date_gmt":"2020-10-10T19:13:14","guid":{"rendered":"https:\/\/linitiative.ca\/International\/equipe-dalgerie-belkebla-gagne-des-points-precieux\/"},"modified":"2020-10-10T15:13:14","modified_gmt":"2020-10-10T19:13:14","slug":"equipe-dalgerie-belkebla-gagne-des-points-precieux","status":"publish","type":"post","link":"https:\/\/linitiative.ca\/International\/equipe-dalgerie-belkebla-gagne-des-points-precieux\/","title":{"rendered":"Equipe d&rsquo;Alg\u00e9rie : Belkebla gagne des points pr\u00e9cieux !"},"content":{"rendered":"<div readability=\"32\">\n<p>Auteur : <span>Moumen A.<\/span> <span class=\"time\">samedi 10 octobre 2020 17:28<\/span><\/p>\n<\/div>\n<div id=\"post_core\" readability=\"51\">\n<p>Dans un poste o\u00f9 il est tr\u00e8s difficile de gagner une place, le milieu de terrain alg\u00e9rien du stade Brestois Haris Belkebla a su se montrer \u00e0 la hauteur des esp\u00e9rances et de la confiance, plac\u00e9es en lui par le s\u00e9lectionneur national Djamel Belmadi. Il est vrai que la concurrence ne s\u2019annonce pas de tout repos\u00a0 en la pr\u00e9sence de Sofiane Feghouli et Ismael Bennacer dans ce r\u00f4le de milieu de terrain travailleur mais Belkebla a montr\u00e9 qu\u2019il avait le niveau de postuler \u00e0 jouer plus souvent et surtout apte \u00e0 prendre sa place dans cette \u00e9quipe type de l\u2019entraineur Belmadi. Tr\u00e8s propre\u00a0 techniquement et ne manquant pas de courage et de bravoure face aux robustes\u00a0 milieux de terrain nig\u00e9rians, Haris\u00a0 a\u00a0 gagn\u00e9 plusieurs duels,\u00a0 gagnant m\u00eame l\u2019estime du coach Belmadi qui ne tarissait pas d\u2019\u00e9loges sur sa performance en fin de rencontre.<\/p>\n<p><strong>Belmadi \u00ab\u00a0Belkebla et Abeid ont \u00e9t\u00e9 \u00e9normes. Techniquement ils \u00e9taient\u00a0 tr\u00e8s propres\u00a0\u00bb<\/strong><\/p>\n<p>Quand il s\u2019agit de faire une critique d\u2019un match Djamel Belmadi est toujours pr\u00e9cis dans ses lectures et ses analyses. Interpell\u00e9 au sujet du duo Belkebla et Abeid, align\u00e9s ensemble \u00e0 la r\u00e9cup\u00e9ration contre le Nigeria, Djamel\u00a0 r\u00e9pond : \u00ab\u00a0Belkebla et Abeid ont \u00e9t\u00e9 \u00e9normes au milieu de terrain. Dans le pressing, harc\u00e8lement et le d\u00e9fi physique. Techniquement ils \u00e9taient \u00e9galement tr\u00e8s propres.\u00a0\u00bb.<\/p>\n<p><strong>Moumen A.<\/strong><\/p>\n<p><strong>Publi\u00e9 dans :<\/strong> <span>haris belkebla<\/span> <span>Belmadi Djamel.<\/span><\/p>\n<\/div>\n<p>Auteur:<br \/>\n<a href=\"http:\/\/www.lebuteur.com\/article\/detail?titre=belkebla-gagne-des-points-precieux&#038;id=97562&#038;utm_source=feedburner&#038;utm_medium=feed&#038;utm_campaign=Feed%3A+GalerieFArtciles+%28Les+derniers+articles++-+lebuteur.com%29\">Cliquez ici pour lire l&rsquo;article depuis sa source.<\/a><\/p>\n","protected":false},"excerpt":{"rendered":"<p>Auteur : Moumen A. samedi 10 octobre 2020 17:28 Dans un poste o\u00f9 il est tr\u00e8s difficile de gagner une place, le milieu de terrain alg\u00e9rien du stade Brestois Haris Belkebla a su se montrer \u00e0 la hauteur des esp\u00e9rances et de la confiance, plac\u00e9es en lui par le s\u00e9lectionneur national Djamel Belmadi. Il est [&hellip;]<\/p>\n","protected":false},"author":1738,"featured_media":101340,"comment_status":"closed","ping_status":"closed","sticky":false,"template":"","format":"standard","meta":{"fifu_image_url":"","fifu_image_alt":"","footnotes":""},"categories":[53,75],"tags":[],"class_list":["post-101339","post","type-post","status-publish","format-standard","has-post-thumbnail","hentry","category-algerie","category-sport"],"_links":{"self":[{"href":"https:\/\/linitiative.ca\/International\/wp-json\/wp\/v2\/posts\/101339","targetHints":{"allow":["GET"]}}],"collection":[{"href":"https:\/\/linitiative.ca\/International\/wp-json\/wp\/v2\/posts"}],"about":[{"href":"https:\/\/linitiative.ca\/International\/wp-json\/wp\/v2\/types\/post"}],"author":[{"embeddable":true,"href":"https:\/\/linitiative.ca\/International\/wp-json\/wp\/v2\/users\/1738"}],"replies":[{"embeddable":true,"href":"https:\/\/linitiative.ca\/International\/wp-json\/wp\/v2\/comments?post=101339"}],"version-history":[{"count":0,"href":"https:\/\/linitiative.ca\/International\/wp-json\/wp\/v2\/posts\/101339\/revisions"}],"wp:featuredmedia":[{"embeddable":true,"href":"https:\/\/linitiative.ca\/International\/wp-json\/"}],"wp:attachment":[{"href":"https:\/\/linitiative.ca\/International\/wp-json\/wp\/v2\/media?parent=101339"}],"wp:term":[{"taxonomy":"category","embeddable":true,"href":"https:\/\/linitiative.ca\/International\/wp-json\/wp\/v2\/categories?post=101339"},{"taxonomy":"post_tag","embeddable":true,"href":"https:\/\/linitiative.ca\/International\/wp-json\/wp\/v2\/tags?post=101339"}],"curies":[{"name":"wp","href":"https:\/\/api.w.org\/{rel}","templated":true}]}}