{"id":101372,"date":"2020-10-10T07:18:03","date_gmt":"2020-10-10T11:18:03","guid":{"rendered":"https:\/\/linitiative.ca\/International\/parlement-economie-et-education-au-menu-des-quotidiens-et-hebdomadaires-marocains\/"},"modified":"2020-10-10T07:18:03","modified_gmt":"2020-10-10T11:18:03","slug":"parlement-economie-et-education-au-menu-des-quotidiens-et-hebdomadaires-marocains","status":"publish","type":"post","link":"https:\/\/linitiative.ca\/International\/parlement-economie-et-education-au-menu-des-quotidiens-et-hebdomadaires-marocains\/","title":{"rendered":"Parlement, \u00e9conomie et \u00e9ducation au menu des quotidiens et hebdomadaires marocains"},"content":{"rendered":"<div readability=\"32\">\n<p>Publi\u00e9 le 10.10.2020 \u00e0 12h18 par APA News<\/p>\n<\/div>\n<div readability=\"145\">\n<p>Le discours royal prononc\u00e9 \u00e0 l\u2019ouverture de la session parlementaire d\u2019automne, la r\u00e9vision de l\u2019accord de libre-\u00e9change entre le Maroc et la Turquie, le syst\u00e8me \u00e9ducatif national et l\u2019importance des touristes \u00e9trangers sont les principaux sujets abord\u00e9s par les quotidiens et hebdomadaires marocains.+Le Matin+ rapporte que le plan de relance \u00e9conomique, qui repose sur le Fonds d\u2019Investissement strat\u00e9gique, baptis\u00e9 \u00ab Fonds Mohammed VI pour l\u2019investissement \u00bb, est plac\u00e9 en t\u00eate des priorit\u00e9s de l\u2019\u00e9tape actuelle, et vise \u00e0 soutenir les secteurs productifs, notamment le tissu des petites et moyennes entreprises, a affirm\u00e9 le Roi Mohammed VI.<\/p>\n<p>Le Souverain a pr\u00e9cis\u00e9 que ce plan vise \u00e0 soutenir les secteurs productifs, notamment le tissu des petites et moyennes entreprises. Le plan repose sur le Fonds d\u2019investissement strat\u00e9gique \u00ab dont Nous avons pr\u00e9conis\u00e9 la cr\u00e9ation et auquel Nous avons d\u00e9cid\u00e9 de donner le nom de Fonds Mohammed VI pour l\u2019Investissement \u00bb, a ajout\u00e9 SM le Roi dans son discours prononc\u00e9 vendredi \u00e0 l\u2019occasion de l\u2019ouverture de la session parlementaire d\u2019automne.<\/p>\n<p>Sur le m\u00eame registre, +Lib\u00e9ration+ indique que le Roi Mohammed VI a appel\u00e9 le gouvernement \u00e0 \u00ab op\u00e9rer une r\u00e9vision profonde des crit\u00e8res et des proc\u00e9dures de nomination aux postes sup\u00e9rieurs, afin d\u2019inciter les comp\u00e9tences nationales \u00e0 int\u00e9grer la fonction publique et \u00e0 la rendre, in fine, plus attractive \u00bb.<\/p>\n<p>\u00ab Le succ\u00e8s du plan de relance \u00e9conomique et la mise en place d\u2019un nouveau contrat social n\u00e9cessitent une \u00e9volution r\u00e9elle des mentalit\u00e9s et un v\u00e9ritable changement dans le niveau de performance des \u00e9tablissements publics \u00bb, a affirm\u00e9 le Souverain dans un discours adress\u00e9 au parlement, \u00e0 partir du Palais Royal de Rabat, \u00e0 l\u2019occasion de l\u2019ouverture de la session parlementaire d\u2019automne.<\/p>\n<p>Le Souverain a rappel\u00e9 qu\u2019\u00ab ind\u00e9pendamment de ses objectifs, la r\u00e9ussite de tout plan ou projet est tributaire de l\u2019adoption des principes de bonne gouvernance et de reddition des comptes \u00bb, soulignant l\u2019imp\u00e9ratif pour les institutions de l\u2019Etat et les entreprises publiques de montrer une attitude exemplaire et agir comme un levier de d\u00e9veloppement, et non comme un frein.<\/p>\n<p>Pour sa part, +La Vie Eco+ \u00e9crit que la r\u00e9vision de l\u2019accord de libre-\u00e9change avec la Turquie peut servir d\u2019enseignement pour l\u2019avenir, rappelant que le Maroc a fait le choix irr\u00e9versible d\u2019une \u00e9conomie ouverte et connect\u00e9e au monde.<\/p>\n<p>Aujourd\u2019hui, le Royaume est impliqu\u00e9 dans des projets de libre-\u00e9change, notamment celui continental, la Zone de libre-\u00e9change continentale africaine (ZLECA), ou encore celui r\u00e9gional avec les pays de l\u2019Afrique de l\u2019Ouest, regroup\u00e9s au sein de la CEDEAO, poursuit l\u2019hebdomadaire, soulignant qu\u2019au-dessus de tout, il y a une seule consid\u00e9ration qui prime : l\u2019int\u00e9r\u00eat national.<\/p>\n<p>\u00ab Dans un environnement mondial qui sera davantage perturb\u00e9 et impr\u00e9visible \u00e0 l\u2019avenir, l\u2019enjeu pour un d\u00e9cideur public n\u2019est pas de tout pr\u00e9voir mais d\u2019avoir la capacit\u00e9 d\u2019adaptation et d\u2019\u00eatre agile en concevant des solutions efficaces dans le pr\u00e9sent mais \u00e9volutives et modelables pour le long terme \u00bb, estime-t-il.<\/p>\n<p>De son c\u00f4t\u00e9, +Finances News Hebdo+ estime qu\u2019il va falloir composer avec le coronavirus. Et c\u2019est, aujourd\u2019hui, le d\u00e9fi que devra surmonter le syst\u00e8me \u00e9ducatif, notant que le corps enseignant devra s\u2019adapter \u00e0 cette r\u00e9alit\u00e9 impos\u00e9e par la crise sanitaire et s\u2019approprier les outils technologiques mis \u00e0 sa disposition, tout en sachant \u00eatre p\u00e9dagogue.<\/p>\n<p>Le retour des enfants sur les bancs de l\u2019\u00e9cole est synonyme de risques d\u2019apparition de clusters, pr\u00e9vient la publication, relevant que les \u00e9l\u00e8ves devront accepter cette situation incongrue et s\u2019accrocher pour \u00e9viter le d\u00e9crochage scolaire.<\/p>\n<p>+La Nouvelle Tribune+, rappelle ue la production de vaccins ou de traitements anti-Covid ne se r\u00e9alisera pas avant plusieurs mois ! A cet effet, l\u2019ouverture des fronti\u00e8res, et notamment le ciel marocain, permettrait assur\u00e9ment d\u2019assurer le red\u00e9marrage des secteurs concern\u00e9s (plus d\u2019un million de salari\u00e9s, toutes activit\u00e9s confondues), explique le journal, notant que cette d\u00e9cision est de nature \u00e0 redonner \u00e0 la compagnie a\u00e9rienne nationale, Royal Air Maroc, la possibilit\u00e9 d\u2019un retour progressif \u00e0 la normale et, de surcro\u00eet, le come-back des touristes \u00e9trangers, surtout europ\u00e9ens, dans nos villes touristiques aujourd\u2019hui exsangues.<\/p>\n<p>D\u00e8s lors, les mesures de pr\u00e9vention sanitaires seraient appliqu\u00e9es par des touristes habitu\u00e9s \u00e0 les respecter dans leurs propres pays, ajoute-t-il, relevant que les autorit\u00e9s veilleraient sur l\u2019application des strictes mesures sanitaires par les h\u00f4tels, les restaurants, les taxis et les commer\u00e7ants.<\/p>\n<\/div>\n<p>Auteur: APA News<br \/>\n<a href=\"https:\/\/www.journalducameroun.com\/parlement-economie-et-education-au-menu-des-quotidiens-et-hebdomadaires-marocains\/\">Cliquez ici pour lire l&rsquo;article depuis sa source.<\/a><\/p>\n","protected":false},"excerpt":{"rendered":"<p>Publi\u00e9 le 10.10.2020 \u00e0 12h18 par APA News Le discours royal prononc\u00e9 \u00e0 l\u2019ouverture de la session parlementaire d\u2019automne, la r\u00e9vision de l\u2019accord de libre-\u00e9change entre le Maroc et la Turquie, le syst\u00e8me \u00e9ducatif national et l\u2019importance des touristes \u00e9trangers sont les principaux sujets abord\u00e9s par les quotidiens et hebdomadaires marocains.+Le Matin+ rapporte que le [&hellip;]<\/p>\n","protected":false},"author":1965,"featured_media":0,"comment_status":"closed","ping_status":"closed","sticky":false,"template":"","format":"standard","meta":{"fifu_image_url":"","fifu_image_alt":"","footnotes":""},"categories":[73,82],"tags":[],"class_list":["post-101372","post","type-post","status-publish","format-standard","hentry","category-actualite","category-cameroun"],"_links":{"self":[{"href":"https:\/\/linitiative.ca\/International\/wp-json\/wp\/v2\/posts\/101372","targetHints":{"allow":["GET"]}}],"collection":[{"href":"https:\/\/linitiative.ca\/International\/wp-json\/wp\/v2\/posts"}],"about":[{"href":"https:\/\/linitiative.ca\/International\/wp-json\/wp\/v2\/types\/post"}],"author":[{"embeddable":true,"href":"https:\/\/linitiative.ca\/International\/wp-json\/wp\/v2\/users\/1965"}],"replies":[{"embeddable":true,"href":"https:\/\/linitiative.ca\/International\/wp-json\/wp\/v2\/comments?post=101372"}],"version-history":[{"count":0,"href":"https:\/\/linitiative.ca\/International\/wp-json\/wp\/v2\/posts\/101372\/revisions"}],"wp:attachment":[{"href":"https:\/\/linitiative.ca\/International\/wp-json\/wp\/v2\/media?parent=101372"}],"wp:term":[{"taxonomy":"category","embeddable":true,"href":"https:\/\/linitiative.ca\/International\/wp-json\/wp\/v2\/categories?post=101372"},{"taxonomy":"post_tag","embeddable":true,"href":"https:\/\/linitiative.ca\/International\/wp-json\/wp\/v2\/tags?post=101372"}],"curies":[{"name":"wp","href":"https:\/\/api.w.org\/{rel}","templated":true}]}}