{"id":101375,"date":"2020-10-10T14:18:02","date_gmt":"2020-10-10T18:18:02","guid":{"rendered":"https:\/\/linitiative.ca\/International\/covid-19-legere-reprise-de-leconomie-sud-africaine-banque\/"},"modified":"2020-10-10T14:18:02","modified_gmt":"2020-10-10T18:18:02","slug":"covid-19-legere-reprise-de-leconomie-sud-africaine-banque","status":"publish","type":"post","link":"https:\/\/linitiative.ca\/International\/covid-19-legere-reprise-de-leconomie-sud-africaine-banque\/","title":{"rendered":"Covid-19 : l\u00e9g\u00e8re reprise de l\u2019\u00e9conomie sud-africaine (Banque)"},"content":{"rendered":"<div readability=\"32\">\n<p>Publi\u00e9 le 10.10.2020 \u00e0 19h18 par APA News<\/p>\n<\/div>\n<div readability=\"65\">\n<p>La reprise \u00e9conomique en Afrique du Sud progresse lentement mais s\u00fbrement face aux d\u00e9fis de la pand\u00e9mie de Covid-19, a d\u00e9clar\u00e9 le gouverneur de la Banque de r\u00e9serve sud-africaine Lesetja Kganyago au Comit\u00e9 permanent des finances du Parlement au Cap.Selon la note publi\u00e9e jeudi par Kganyago, la reprise \u00e9conomique du pays a \u00e9t\u00e9 lente dans certains secteurs, tandis que d\u2019autres ont repris \u00e0 des niveaux pr\u00e9-pand\u00e9miques.\u00a0<\/p>\n<p>Elle explique que des secteurs comme les mines, le tourisme, la fabrication, les ventes de v\u00e9hicules int\u00e9rieurs et les exportations de marchandises partaient d\u2019un point bas dans le processus de reprise.<\/p>\n<p>Cependant, les secteurs de l\u2019alimentation et des boissons, ainsi que ceux du fitness, de la sant\u00e9, de la beaut\u00e9 et du commerce de d\u00e9tail ont montr\u00e9 que leur reprise avait atteint les niveaux d\u2019avant Covid-19, a-t-il ajout\u00e9.<\/p>\n<p>Kganyago a ajout\u00e9 que le ch\u00f4mage resterait un d\u00e9fi \u00e0 long terme pour le pays, avec deux millions d\u2019emplois perdus au deuxi\u00e8me trimestre de l\u2019ann\u00e9e.<\/p>\n<p>Dans l\u2019ensemble, la reprise \u00e9conomique devrait \u00eatre relativement lente, malgr\u00e9 le plan de relance de plusieurs milliards de dollars distribu\u00e9 \u00e0 certains secteurs et populations vuln\u00e9rables, a conclu le Gouverneur.<\/p>\n<\/div>\n<p>Auteur: APA News<br \/>\n<a href=\"https:\/\/www.journalducameroun.com\/covid-19-legere-reprise-de-leconomie-sud-africaine-banque\/\">Cliquez ici pour lire l&rsquo;article depuis sa source.<\/a><\/p>\n","protected":false},"excerpt":{"rendered":"<p>Publi\u00e9 le 10.10.2020 \u00e0 19h18 par APA News La reprise \u00e9conomique en Afrique du Sud progresse lentement mais s\u00fbrement face aux d\u00e9fis de la pand\u00e9mie de Covid-19, a d\u00e9clar\u00e9 le gouverneur de la Banque de r\u00e9serve sud-africaine Lesetja Kganyago au Comit\u00e9 permanent des finances du Parlement au Cap.Selon la note publi\u00e9e jeudi par Kganyago, la [&hellip;]<\/p>\n","protected":false},"author":1965,"featured_media":0,"comment_status":"closed","ping_status":"closed","sticky":false,"template":"","format":"standard","meta":{"fifu_image_url":"","fifu_image_alt":"","footnotes":""},"categories":[73,82],"tags":[],"class_list":["post-101375","post","type-post","status-publish","format-standard","hentry","category-actualite","category-cameroun"],"_links":{"self":[{"href":"https:\/\/linitiative.ca\/International\/wp-json\/wp\/v2\/posts\/101375","targetHints":{"allow":["GET"]}}],"collection":[{"href":"https:\/\/linitiative.ca\/International\/wp-json\/wp\/v2\/posts"}],"about":[{"href":"https:\/\/linitiative.ca\/International\/wp-json\/wp\/v2\/types\/post"}],"author":[{"embeddable":true,"href":"https:\/\/linitiative.ca\/International\/wp-json\/wp\/v2\/users\/1965"}],"replies":[{"embeddable":true,"href":"https:\/\/linitiative.ca\/International\/wp-json\/wp\/v2\/comments?post=101375"}],"version-history":[{"count":0,"href":"https:\/\/linitiative.ca\/International\/wp-json\/wp\/v2\/posts\/101375\/revisions"}],"wp:attachment":[{"href":"https:\/\/linitiative.ca\/International\/wp-json\/wp\/v2\/media?parent=101375"}],"wp:term":[{"taxonomy":"category","embeddable":true,"href":"https:\/\/linitiative.ca\/International\/wp-json\/wp\/v2\/categories?post=101375"},{"taxonomy":"post_tag","embeddable":true,"href":"https:\/\/linitiative.ca\/International\/wp-json\/wp\/v2\/tags?post=101375"}],"curies":[{"name":"wp","href":"https:\/\/api.w.org\/{rel}","templated":true}]}}