{"id":101376,"date":"2020-10-10T18:04:07","date_gmt":"2020-10-10T22:04:07","guid":{"rendered":"https:\/\/linitiative.ca\/International\/presidentielle-ivoirienne-bedie-appelle-lonu-a-se-saisir-du-dossier-pour-la-mise-en-place-dun-organe-electoral-independant\/"},"modified":"2020-10-10T18:04:07","modified_gmt":"2020-10-10T22:04:07","slug":"presidentielle-ivoirienne-bedie-appelle-lonu-a-se-saisir-du-dossier-pour-la-mise-en-place-dun-organe-electoral-independant","status":"publish","type":"post","link":"https:\/\/linitiative.ca\/International\/presidentielle-ivoirienne-bedie-appelle-lonu-a-se-saisir-du-dossier-pour-la-mise-en-place-dun-organe-electoral-independant\/","title":{"rendered":"Pr\u00e9sidentielle ivoirienne: B\u00e9di\u00e9 appelle l\u2019Onu \u00e0 se saisir du dossier pour la mise en place d\u2019un \u00ab\u00a0organe \u00e9lectoral ind\u00e9pendant\u00a0\u00bb"},"content":{"rendered":"<p>Le pr\u00e9sident du Parti d\u00e9mocratique de C\u00f4te d\u2019Ivoire (Pdci, ex-alli\u00e9 au pouvoir), Henri Konan B\u00e9di\u00e9, a appel\u00e9 samedi l\u2019ONU \u00e0 \u00ab\u00a0se saisir du dossier ivoirien pour la mise en place d\u2019un organe \u00e9lectoral, v\u00e9ritablement ind\u00e9pendant et cr\u00e9dible, avant l\u2019\u00e9lection pr\u00e9sidentielle pr\u00e9vue le 31 Octobre 2020\u2033, lors d\u2019un meeting de l\u2019opposition.\u00a0\u00bbJe demande, ici solennellement, au secr\u00e9taire g\u00e9n\u00e9ral des Nations Unies, M. Antonio Guteres de se saisir du dossier ivoirien pour la mise en place d\u2019un organe \u00e9lectoral, v\u00e9ritablement ind\u00e9pendant et cr\u00e9dible, avant l\u2019\u00e9lection pr\u00e9sidentielle pr\u00e9vue le 31 Octobre 2020\u00a0\u00bb, a dit M. B\u00e9di\u00e9, lors d\u2019un meeting de l\u2019opposition au stade F\u00e9lix Houphou\u00ebt-Boigny d\u2019Abidjan.<\/p>\n<p>Et, \u00ab\u00a0face \u00e0 la menace d\u2019agressions perceptibles des tenants du pouvoir RHDP unifi\u00e9 contre les personnalit\u00e9s de l\u2019opposition ivoirienne et l\u2019incapacit\u00e9 de la CEI d\u2019organiser un scrutin pr\u00e9sidentiel juste, cr\u00e9dible et transparent\u00a0\u00bb, a-t-il justifi\u00e9.<\/p>\n<p>Les leaders de l\u2019opposition ivoirienne dont l\u2019ex-pr\u00e9sident Henri Konan B\u00e9di\u00e9 et l\u2019ex-Premi\u00e8re dame Simone Gbagbo \u00e9taient rassembl\u00e9s, samedi, \u00e0 un meeting au stade F\u00e9lix Houphou\u00ebt-Boigny d\u2019Abidjan pour dire \u00ab\u00a0non\u00a0\u00bb \u00e0 un \u00ab\u00a0troisi\u00e8me mandat\u00a0\u00bb de Alassane Ouattara, \u00e0 la pr\u00e9sidentielle du 31 octobre 2020.<\/p>\n<p>M. B\u00e9di\u00e9, 86 ans, le doyen des leaders de l\u2019opposition et pr\u00e9sident du Parti d\u00e9mocratique de C\u00f4te d\u2019Ivoire (Pdci, ex-alli\u00e9 au pouvoir) est arriv\u00e9 au stade Houphou\u00ebt-Boigny d\u2019Abidjan-Plateau autour de 14h GMT (heure locale), en raison d\u2019un d\u00e9fi de mobilisation.<\/p>\n<p>Jusque dans l\u2019apr\u00e8s-midi, les gradins et les si\u00e8ges install\u00e9s sur la pelouse n\u2019affichaient pas complet. Des points \u00e9taient quelque peu clairsem\u00e9s. L\u2019opposition a accus\u00e9 les forces de l\u2019ordre de faire entrave au rassemblement tout en d\u00e9non\u00e7ant des man\u0153uvres du pouvoir.<\/p>\n<p>Le stade Houphou\u00ebt-Boigny comprend 45.000 si\u00e8ges. Seulement quelques si\u00e8ges \u00e9taient visiblement libres dans les tribunes lat\u00e9rales et sur la pelouse. Mais, le cumul des personnes dans l\u2019ensemble des tribunes et de la pelouse exc\u00e9dait toutefois 45.000 individus, la capacit\u00e9 du stade. \u00a0\u00a0<\/p>\n<p>Au Plateau, le centre des Affaires d\u2019Abidjan, abritant le stade et ailleurs, \u00ab\u00a0des gens ont emp\u00each\u00e9\u00a0\u00bb les populations qui se sont en d\u00e9pit de cela rassembl\u00e9es, a d\u00e9clar\u00e9 M. B\u00e9di\u00e9, pr\u00e9sident de la plateforme de l\u2019opposition d\u00e9nomm\u00e9e Coalition pour la d\u00e9mocratie, la r\u00e9conciliation et la paix (Cdrp).<\/p>\n<p>\u00c9voquant les griefs de l\u2019opposition, M. Henri Konan B\u00e9di\u00e9 a dit \u00ab\u00a0non au troisi\u00e8me mandat, non \u00e0 la violation de la Constitution, non \u00e0 la CEI (Commission \u00e9lectorale ind\u00e9pendante) inf\u00e9od\u00e9e (de membres du pouvoir), non au Conseil constitutionnel et non \u00e0 la liste \u00e9lectorale infest\u00e9e\u00a0\u00bb.<\/p>\n<p>Il a toutefois laiss\u00e9 entendre que gr\u00e2ce \u00e0 la mobilisation des Ivoiriens la \u00ab\u00a0dictature\u00a0\u00bb du pouvoir sera \u00ab\u00a0vaincue dans quelques jours ou dans quelques semaines\u00a0\u00bb, sans pr\u00e9ciser si cela allait se faire dans les urnes.\u00a0<\/p>\n<p>\u00ab\u00a0En mouvement pour une d\u00e9sob\u00e9issance civile r\u00e9ussie\u00a0\u00bb, a-t-il r\u00e9it\u00e9r\u00e9 cet appel, endoss\u00e9 par les autres leaders de l\u2019opposition ivoirienne. Candidat retenu \u00e0 l\u2019\u00e9lection pr\u00e9sidentielle, M. B\u00e9di\u00e9 affrontera M. Ouattara, M. Affi Nguessan et Kouadio Konan Bertin \u00ab\u00a0KKB\u00a0\u00bb, son ex-pr\u00e9sident de la jeunesse.<\/p>\n<p>M. Affi Nguessan, pr\u00e9sident du Front populaire ivoirien (FPI), le parti de Laurent Gbagbo, a affirm\u00e9 que \u00ab\u00a0M. Alassane Ouattara a d\u00e9pass\u00e9 les bornes (\u2026) de la division, de la violation des textes de la loi fondamentale\u00a0\u00bb.<\/p>\n<p>M. Affi, le chef du FPI, contest\u00e9 par une autre frange de sa formation qui reconna\u00eet M. Gbagbo comme son r\u00e9f\u00e9rent politique, a appel\u00e9 \u00e0 une \u00ab\u00a0r\u00e9forme en profondeur de la CEI, du Conseil constitutionnel et le retrait de la candidature de Alassane Ouattara\u00a0\u00bb.<\/p>\n<p>Pour lui, \u00ab\u00a0le mot d\u2019ordre \u00e0 la d\u00e9sob\u00e9issance civile vise \u00e0 obtenir la transaction politique\u00a0\u00bb. Or, le Conseil constitutionnel a d\u00e9j\u00e0 valid\u00e9 la candidature de M. Ouattara, le pr\u00e9sident sortant, et m\u00eame si le scrutin n\u2019avait pas lieu, la Constitution lui permet de diriger le pays jusqu\u2019\u00e0 l\u2019\u00e9lection d\u2019un nouveau pr\u00e9sident.<\/p>\n<p>L\u2019ex-chef de la diplomatie de M. Ouattara, Marcel Amon-Tanoh, dont le dossier de candidature \u00e0 l\u2019\u00e9lection pr\u00e9sidentielle a \u00e9t\u00e9 rejet\u00e9 par le Conseil constitutionnel, a soutenu que \u00ab\u00a0ce troisi\u00e8me mandat est anti-constitutionnel\u00a0\u00bb.<\/p>\n<p>Proche de l\u2019actuel chef de l\u2019Etat ivoirien durant 26 ans, M. Amon-Tanoh a t\u00e9moign\u00e9 que M. Ouattara \u00ab\u00a0lui-m\u00eame nous a dit en 2016 au moment du vote de cette Constitution, \u00a0qu\u2019elle ne l\u2019autorisait pas \u00e0 se pr\u00e9senter \u00e0 un troisi\u00e8me mandat\u00a0\u00bb.<\/p>\n<p>\u00ab\u00a0Et nous avons fait campagne avec ce slogan. Cette Constitution ne permet pas au pr\u00e9sident Ouattara de faire un troisi\u00e8me mandat\u00a0\u00bb, a-t-il insist\u00e9, \u00a0avant de relever que \u00ab\u00a0cette Constitution \u00a0(adopt\u00e9e en 2016) n\u2019annule pas la disposition pr\u00e9c\u00e9dente\u00a0\u00bb sur la limitation des mandats \u00e0 deux quinquennats. \u00a0<\/p>\n<p>\u00ab\u00a0Je vous le dis, il a peur que cette C\u00f4te d\u2019Ivoire que nous repr\u00e9sentons, il a peur de la C\u00f4te d\u2019Ivoire de la majorit\u00e9 et de la C\u00f4te d\u2019Ivoire plurielle\u00a0\u00bb, a lanc\u00e9 M. Amon-Tanoh, qui a admis une \u00ab\u00a0d\u00e9sob\u00e9issance civile pacifique\u00a0\u00bb.<\/p>\n<p>Quant \u00e0 Mamadou Koulibaly, un autre candidat recal\u00e9, il a montr\u00e9 que M. Ouattara a pour art \u00ab\u00a0de diviser pour r\u00e9gner\u00a0\u00bb, avant d\u2019ajouter \u00ab\u00a0il nous a \u00e9ject\u00e9 sans explication\u00a0\u00bb de la course \u00e0 la pr\u00e9sidentielle, en allusion \u00e0 la d\u00e9cision du Conseil constitutionnel.<\/p>\n<p>A ce meeting, Mme Simone Gbagbo n\u2019a fait aucune d\u00e9claration. Sa pr\u00e9sence affichait ostensiblement sa solidarit\u00e9 \u00e0 la d\u00e9marche de l\u2019opposition qui r\u00e9fute un troisi\u00e8me mandat de Alassane Ouattara \u00e0 ces joutes \u00e9lectorales.<\/p>\n<p>\u00c9lu en 2010 et r\u00e9\u00e9lu en 2015, le Conseil constitutionnel a valid\u00e9 la candidature de M. Ouattara, \u00a0expliquant que la C\u00f4te d\u2019Ivoire, avec la Constitution de 2016 est entr\u00e9e dans la llle R\u00e9publique, lui donnant droit de faire son premier mandat de la 3e R\u00e9publique.<\/p>\n<p>Auteur: APA News<br \/>\n<a href=\"https:\/\/www.journalducameroun.com\/presidentielle-ivoirienne-bedie-appelle-lonu-a-se-saisir-du-dossier-pour-la-mise-en-place-dun-organe-electoral-independant\/\">Cliquez ici pour lire l&rsquo;article depuis sa source.<\/a><\/p>\n","protected":false},"excerpt":{"rendered":"<p>Le pr\u00e9sident du Parti d\u00e9mocratique de C\u00f4te d\u2019Ivoire (Pdci, ex-alli\u00e9 au pouvoir), Henri Konan B\u00e9di\u00e9, a appel\u00e9 samedi l\u2019ONU \u00e0 \u00ab\u00a0se saisir du dossier ivoirien pour la mise en place d\u2019un organe \u00e9lectoral, v\u00e9ritablement ind\u00e9pendant et cr\u00e9dible, avant l\u2019\u00e9lection pr\u00e9sidentielle pr\u00e9vue le 31 Octobre 2020\u2033, lors d\u2019un meeting de l\u2019opposition.\u00a0\u00bbJe demande, ici solennellement, au secr\u00e9taire [&hellip;]<\/p>\n","protected":false},"author":1965,"featured_media":0,"comment_status":"closed","ping_status":"closed","sticky":false,"template":"","format":"standard","meta":{"fifu_image_url":"","fifu_image_alt":"","footnotes":""},"categories":[73,82],"tags":[],"class_list":["post-101376","post","type-post","status-publish","format-standard","hentry","category-actualite","category-cameroun"],"_links":{"self":[{"href":"https:\/\/linitiative.ca\/International\/wp-json\/wp\/v2\/posts\/101376","targetHints":{"allow":["GET"]}}],"collection":[{"href":"https:\/\/linitiative.ca\/International\/wp-json\/wp\/v2\/posts"}],"about":[{"href":"https:\/\/linitiative.ca\/International\/wp-json\/wp\/v2\/types\/post"}],"author":[{"embeddable":true,"href":"https:\/\/linitiative.ca\/International\/wp-json\/wp\/v2\/users\/1965"}],"replies":[{"embeddable":true,"href":"https:\/\/linitiative.ca\/International\/wp-json\/wp\/v2\/comments?post=101376"}],"version-history":[{"count":0,"href":"https:\/\/linitiative.ca\/International\/wp-json\/wp\/v2\/posts\/101376\/revisions"}],"wp:attachment":[{"href":"https:\/\/linitiative.ca\/International\/wp-json\/wp\/v2\/media?parent=101376"}],"wp:term":[{"taxonomy":"category","embeddable":true,"href":"https:\/\/linitiative.ca\/International\/wp-json\/wp\/v2\/categories?post=101376"},{"taxonomy":"post_tag","embeddable":true,"href":"https:\/\/linitiative.ca\/International\/wp-json\/wp\/v2\/tags?post=101376"}],"curies":[{"name":"wp","href":"https:\/\/api.w.org\/{rel}","templated":true}]}}