{"id":101380,"date":"2020-10-10T12:24:13","date_gmt":"2020-10-10T16:24:13","guid":{"rendered":"https:\/\/linitiative.ca\/International\/universite-dete-a-rabat-jeunes-et-participation-politique-au-maroc-en-debat\/"},"modified":"2020-10-10T12:24:13","modified_gmt":"2020-10-10T16:24:13","slug":"universite-dete-a-rabat-jeunes-et-participation-politique-au-maroc-en-debat","status":"publish","type":"post","link":"https:\/\/linitiative.ca\/International\/universite-dete-a-rabat-jeunes-et-participation-politique-au-maroc-en-debat\/","title":{"rendered":"Universit\u00e9 d\u2019\u00e9t\u00e9 \u00e0 Rabat : Jeunes et participation politique au Maroc en d\u00e9bat"},"content":{"rendered":"<p><img decoding=\"async\" class=\"post_layout_5_img\" src=\"http:\/\/aujourdhui.ma\/wp-content\/uploads\/2019\/12\/Etudiant-universite-Te\u0301touan.jpg\" alt=\"Universit&#xE9; d&#x2019;&#xE9;t&#xE9; &#xE0; Rabat : Jeunes et participation politique au Maroc en d&#xE9;bat\"\/><\/p>\n<p><strong>Le Rabat Social Studies Institute (RSSI) organise en partenariat avec la Fondation Heinrich B\u00f6ll Rabat, la 3\u00e8me \u00e9dition de son universit\u00e9 d\u2019\u00e9t\u00e9 sur l\u2019analyse des politiques publiques.<\/strong><span id=\"more-357545\"\/> Selon les initiateurs, cette \u00e9dition sera plac\u00e9e sous le th\u00e8me \u00abJeunes et participation politique au Maroc: D\u00e9fis et perspectives\u00bb,\u00a0et ce du 13 au 17 octobre 2020. \u00a0\u00abLe choix de la participation politique des jeunes comme th\u00e8me de cette 3\u00e8me \u00e9dition est \u00e9troitement li\u00e9 \u00e0 l\u2019importance que le RSSI accorde aux politiques publiques de la jeunesse et \u00e0 sa volont\u00e9 d\u2019agir pour une soci\u00e9t\u00e9 inclusive.<\/p>\n<p>D\u2019o\u00f9 l\u2019int\u00e9r\u00eat d\u2019impliquer les jeunes dans la r\u00e9flexion sur les d\u00e9fis et les solutions \u00e0 apporter pour promouvoir la participation politique des jeunes au Maroc aussi bien au niveau des textes, de la pratique politique que des politiques publiques\u00bb, d\u00e9clare \u00e0 ce sujet Saloua Zerhouni, pr\u00e9sidente du RSSI. Et d\u2019ajouter \u00abnous souhaitons contribuer au d\u00e9bat national sur la participation politique des jeunes \u00e0 la veille des \u00e9lections de 2021. Le tout dans un esprit de co-construction en vue de d\u00e9velopper des recommandations faites par les jeunes et pour les jeunes pour une meilleure inclusion politique\u00bb.<\/p>\n<p>Pour sa 3\u00e8me \u00e9dition qui b\u00e9n\u00e9ficie de l\u2019appui du Minist\u00e8re de la Culture, de la Jeunesse et des Sports, l\u2019universit\u00e9 d\u2019\u00e9t\u00e9 accueillera des \u00e9tudiant de diff\u00e9rentes universit\u00e9s et r\u00e9gions du Maroc de La\u00e2youne \u00e0 Souk Sebt, de Selouane \u00e0 Zagoura ainsi que de jeunes engag\u00e9s dans des partis politiques, associations et mouvements de tous bords. Des jeunes cadres de certains minist\u00e8res et institutions publiques participeront \u00e9galement \u00e0 cette formation. \u00abTout au long des 5 jours de formation, 30 jeunes participants suivront des cours th\u00e9oriques, des ateliers pratiques et des panels anim\u00e9s par une \u00e9quipe hautement qualifi\u00e9e de professeur, expert et praticien du Maroc et de l\u2019\u00e9tranger.<\/p>\n<p>Compte tenu de la conjoncture sanitaire exceptionnelle due \u00e0 la pand\u00e9mie du Covid-19, le RSSI organise l\u2019Universit\u00e9 d\u2019\u00e9t\u00e9 cette ann\u00e9e, sous un format digital\u00bb, indique la m\u00eame source. Pour noter, l\u2019universit\u00e9 d\u2019\u00e9t\u00e9 du RSSI est un rendez-vous annuel qui a pour objectif de renforcer les comp\u00e9tences des participant en mati\u00e8re d\u2019analyse des politiques publiques et du policy writing. A travers les d\u00e9bats et les panels organis\u00e9s sur des th\u00e9matiques en relation avec les politiques publiques de la jeunesse, le contexte de la participation et les d\u00e9fis auxquels les jeunes sont confront\u00e9s, l\u2019universit\u00e9 d\u2019\u00e9t\u00e9 vise \u00e0 promouvoir le d\u00e9bat et l\u2019\u00e9change entre les jeunes, les acad\u00e9miciens et les acteurs institutionnels, politiques et associatifs.<\/p>\n<p>Auteur: ALM<br \/>\n<a href=\"https:\/\/aujourdhui.ma\/actualite\/universite-dete-a-rabat-jeunes-et-participation-politique-au-maroc-en-debat\">Cliquez ici pour lire l&rsquo;article depuis sa source.<\/a><\/p>\n","protected":false},"excerpt":{"rendered":"<p>Le Rabat Social Studies Institute (RSSI) organise en partenariat avec la Fondation Heinrich B\u00f6ll Rabat, la 3\u00e8me \u00e9dition de son universit\u00e9 d\u2019\u00e9t\u00e9 sur l\u2019analyse des politiques publiques. Selon les initiateurs, cette \u00e9dition sera plac\u00e9e sous le th\u00e8me \u00abJeunes et participation politique au Maroc: D\u00e9fis et perspectives\u00bb,\u00a0et ce du 13 au 17 octobre 2020. \u00a0\u00abLe choix [&hellip;]<\/p>\n","protected":false},"author":1759,"featured_media":101381,"comment_status":"closed","ping_status":"closed","sticky":false,"template":"","format":"standard","meta":{"fifu_image_url":"","fifu_image_alt":"","footnotes":""},"categories":[73,54],"tags":[],"class_list":["post-101380","post","type-post","status-publish","format-standard","has-post-thumbnail","hentry","category-actualite","category-maroc"],"_links":{"self":[{"href":"https:\/\/linitiative.ca\/International\/wp-json\/wp\/v2\/posts\/101380","targetHints":{"allow":["GET"]}}],"collection":[{"href":"https:\/\/linitiative.ca\/International\/wp-json\/wp\/v2\/posts"}],"about":[{"href":"https:\/\/linitiative.ca\/International\/wp-json\/wp\/v2\/types\/post"}],"author":[{"embeddable":true,"href":"https:\/\/linitiative.ca\/International\/wp-json\/wp\/v2\/users\/1759"}],"replies":[{"embeddable":true,"href":"https:\/\/linitiative.ca\/International\/wp-json\/wp\/v2\/comments?post=101380"}],"version-history":[{"count":0,"href":"https:\/\/linitiative.ca\/International\/wp-json\/wp\/v2\/posts\/101380\/revisions"}],"wp:featuredmedia":[{"embeddable":true,"href":"https:\/\/linitiative.ca\/International\/wp-json\/"}],"wp:attachment":[{"href":"https:\/\/linitiative.ca\/International\/wp-json\/wp\/v2\/media?parent=101380"}],"wp:term":[{"taxonomy":"category","embeddable":true,"href":"https:\/\/linitiative.ca\/International\/wp-json\/wp\/v2\/categories?post=101380"},{"taxonomy":"post_tag","embeddable":true,"href":"https:\/\/linitiative.ca\/International\/wp-json\/wp\/v2\/tags?post=101380"}],"curies":[{"name":"wp","href":"https:\/\/api.w.org\/{rel}","templated":true}]}}