{"id":101382,"date":"2020-10-10T13:24:39","date_gmt":"2020-10-10T17:24:39","guid":{"rendered":"https:\/\/linitiative.ca\/International\/la-situation-epidemiologique-au-10-octobre-18h\/"},"modified":"2020-10-10T13:24:39","modified_gmt":"2020-10-10T17:24:39","slug":"la-situation-epidemiologique-au-10-octobre-18h","status":"publish","type":"post","link":"https:\/\/linitiative.ca\/International\/la-situation-epidemiologique-au-10-octobre-18h\/","title":{"rendered":"La situation \u00e9pid\u00e9miologique au 10 octobre 18H"},"content":{"rendered":"<div>\n<p><img decoding=\"async\" width=\"300\" height=\"153\" src=\"https:\/\/aujourdhui.ma\/wp-content\/uploads\/2020\/09\/Coronavirus-Covid-19-Hopital-300x153.jpg\" class=\"attachment-medium size-medium wp-post-image\" alt=\"\" loading=\"lazy\" srcset=\"\/\/aujourdhui.ma\/wp-content\/uploads\/2020\/09\/Coronavirus-Covid-19-Hopital-300x153.jpg 300w, \/\/aujourdhui.ma\/wp-content\/uploads\/2020\/09\/Coronavirus-Covid-19-Hopital-274x140.jpg 274w, \/\/aujourdhui.ma\/wp-content\/uploads\/2020\/09\/Coronavirus-Covid-19-Hopital.jpg 746w, \/\/aujourdhui.ma\/wp-content\/uploads\/2020\/09\/Coronavirus-Covid-19-Hopital-165x84.jpg 165w, \/\/aujourdhui.ma\/wp-content\/uploads\/2020\/09\/Coronavirus-Covid-19-Hopital-702x358.jpg 702w\" sizes=\"auto, (max-width: 300px) 100vw, 300px\"><\/p>\n<p><strong>Entre hier \u00e0 18H00 et aujourd\u2019hui \u00e0 18H00 3.443 nouveaux cas soit un cumul de 149.841 cas \u00e0 ce jour 1.832 gu\u00e9risons soit un cumul de 124.854 \u00e0 ce jour 42 nouveaux d\u00e9c\u00e8s donc un cumul de 2.572 \u00e0 ce jour.<\/strong><span id=\"more-357547\"><\/span><\/p>\n<p><a href=\"https:\/\/aujourdhui.ma\/wp-content\/uploads\/2020\/10\/corona-7.jpeg\"><img decoding=\"async\" loading=\"lazy\" class=\"aligncenter size-full wp-image-357551\" src=\"https:\/\/aujourdhui.ma\/wp-content\/uploads\/2020\/10\/corona-7.jpeg\" alt=\"\" width=\"970\" height=\"1280\" srcset=\"\/\/aujourdhui.ma\/wp-content\/uploads\/2020\/10\/corona-7.jpeg 970w, \/\/aujourdhui.ma\/wp-content\/uploads\/2020\/10\/corona-7-227x300.jpeg 227w, \/\/aujourdhui.ma\/wp-content\/uploads\/2020\/10\/corona-7-776x1024.jpeg 776w, \/\/aujourdhui.ma\/wp-content\/uploads\/2020\/10\/corona-7-768x1013.jpeg 768w\" sizes=\"auto, (max-width: 970px) 100vw, 970px\"><\/a><\/p>\n<p><a href=\"https:\/\/aujourdhui.ma\/wp-content\/uploads\/2020\/10\/corona-6-1.jpeg\"><img decoding=\"async\" loading=\"lazy\" class=\"aligncenter size-full wp-image-357550\" src=\"https:\/\/aujourdhui.ma\/wp-content\/uploads\/2020\/10\/corona-6-1.jpeg\" alt=\"\" width=\"961\" height=\"1280\" srcset=\"\/\/aujourdhui.ma\/wp-content\/uploads\/2020\/10\/corona-6-1.jpeg 961w, \/\/aujourdhui.ma\/wp-content\/uploads\/2020\/10\/corona-6-1-225x300.jpeg 225w, \/\/aujourdhui.ma\/wp-content\/uploads\/2020\/10\/corona-6-1-769x1024.jpeg 769w, \/\/aujourdhui.ma\/wp-content\/uploads\/2020\/10\/corona-6-1-768x1023.jpeg 768w\" sizes=\"auto, (max-width: 961px) 100vw, 961px\"><\/a><\/p>\n<p><a href=\"https:\/\/aujourdhui.ma\/wp-content\/uploads\/2020\/10\/corona-5-1.jpeg\"><img decoding=\"async\" loading=\"lazy\" class=\"aligncenter size-full wp-image-357549\" src=\"https:\/\/aujourdhui.ma\/wp-content\/uploads\/2020\/10\/corona-5-1.jpeg\" alt=\"\" width=\"951\" height=\"1280\" srcset=\"\/\/aujourdhui.ma\/wp-content\/uploads\/2020\/10\/corona-5-1.jpeg 951w, \/\/aujourdhui.ma\/wp-content\/uploads\/2020\/10\/corona-5-1-223x300.jpeg 223w, \/\/aujourdhui.ma\/wp-content\/uploads\/2020\/10\/corona-5-1-761x1024.jpeg 761w, \/\/aujourdhui.ma\/wp-content\/uploads\/2020\/10\/corona-5-1-768x1034.jpeg 768w\" sizes=\"auto, (max-width: 951px) 100vw, 951px\"><\/a><\/p>\n<p><a href=\"https:\/\/aujourdhui.ma\/wp-content\/uploads\/2020\/10\/corona-4-1.jpeg\"><img decoding=\"async\" loading=\"lazy\" class=\"aligncenter size-full wp-image-357548\" src=\"https:\/\/aujourdhui.ma\/wp-content\/uploads\/2020\/10\/corona-4-1.jpeg\" alt=\"\" width=\"1028\" height=\"628\" srcset=\"\/\/aujourdhui.ma\/wp-content\/uploads\/2020\/10\/corona-4-1.jpeg 1028w, \/\/aujourdhui.ma\/wp-content\/uploads\/2020\/10\/corona-4-1-300x183.jpeg 300w, \/\/aujourdhui.ma\/wp-content\/uploads\/2020\/10\/corona-4-1-1024x626.jpeg 1024w, \/\/aujourdhui.ma\/wp-content\/uploads\/2020\/10\/corona-4-1-768x469.jpeg 768w\" sizes=\"auto, (max-width: 1028px) 100vw, 1028px\"><\/a><\/p>\n<\/div>\n<p>Auteur: ALM<br \/>\n<a href=\"https:\/\/aujourdhui.ma\/actualite\/la-situation-epidemiologique-au-10-octobre-18h\">Cliquez ici pour lire l&rsquo;article depuis sa source.<\/a><\/p>\n","protected":false},"excerpt":{"rendered":"<p>Entre hier \u00e0 18H00 et aujourd\u2019hui \u00e0 18H00 3.443 nouveaux cas soit un cumul de 149.841 cas \u00e0 ce jour 1.832 gu\u00e9risons soit un cumul de 124.854 \u00e0 ce jour 42 nouveaux d\u00e9c\u00e8s donc un cumul de 2.572 \u00e0 ce jour. Auteur: ALM Cliquez ici pour lire l&rsquo;article depuis sa source.<\/p>\n","protected":false},"author":1759,"featured_media":101383,"comment_status":"closed","ping_status":"closed","sticky":false,"template":"","format":"standard","meta":{"fifu_image_url":"","fifu_image_alt":"","footnotes":""},"categories":[73,54],"tags":[],"class_list":["post-101382","post","type-post","status-publish","format-standard","has-post-thumbnail","hentry","category-actualite","category-maroc"],"_links":{"self":[{"href":"https:\/\/linitiative.ca\/International\/wp-json\/wp\/v2\/posts\/101382","targetHints":{"allow":["GET"]}}],"collection":[{"href":"https:\/\/linitiative.ca\/International\/wp-json\/wp\/v2\/posts"}],"about":[{"href":"https:\/\/linitiative.ca\/International\/wp-json\/wp\/v2\/types\/post"}],"author":[{"embeddable":true,"href":"https:\/\/linitiative.ca\/International\/wp-json\/wp\/v2\/users\/1759"}],"replies":[{"embeddable":true,"href":"https:\/\/linitiative.ca\/International\/wp-json\/wp\/v2\/comments?post=101382"}],"version-history":[{"count":0,"href":"https:\/\/linitiative.ca\/International\/wp-json\/wp\/v2\/posts\/101382\/revisions"}],"wp:featuredmedia":[{"embeddable":true,"href":"https:\/\/linitiative.ca\/International\/wp-json\/"}],"wp:attachment":[{"href":"https:\/\/linitiative.ca\/International\/wp-json\/wp\/v2\/media?parent=101382"}],"wp:term":[{"taxonomy":"category","embeddable":true,"href":"https:\/\/linitiative.ca\/International\/wp-json\/wp\/v2\/categories?post=101382"},{"taxonomy":"post_tag","embeddable":true,"href":"https:\/\/linitiative.ca\/International\/wp-json\/wp\/v2\/tags?post=101382"}],"curies":[{"name":"wp","href":"https:\/\/api.w.org\/{rel}","templated":true}]}}