{"id":101384,"date":"2020-10-10T15:11:02","date_gmt":"2020-10-10T19:11:02","guid":{"rendered":"https:\/\/linitiative.ca\/International\/tanger-ouverture-du-marche-de-gros-des-fruits-et-legumes\/"},"modified":"2020-10-10T15:11:02","modified_gmt":"2020-10-10T19:11:02","slug":"tanger-ouverture-du-marche-de-gros-des-fruits-et-legumes","status":"publish","type":"post","link":"https:\/\/linitiative.ca\/International\/tanger-ouverture-du-marche-de-gros-des-fruits-et-legumes\/","title":{"rendered":"Tanger : Ouverture du march\u00e9 de gros des fruits et l\u00e9gumes"},"content":{"rendered":"<header>\n<\/header>\n<div class=\"entry-content clearfix\" readability=\"52\"><img decoding=\"async\" class=\"post_layout_5_img\" src=\"http:\/\/aujourdhui.ma\/wp-content\/uploads\/2017\/09\/marche-degros-Casablanca.jpg\" alt=\"Tanger : Ouverture du march&#xE9; de gros des fruits et l&#xE9;gumes\"\/><\/p>\n<p>Tr\u00e8s attendu, le march\u00e9 de gros des fruits et l\u00e9gumes ouvre ses portes officiellement, ce samedi 10 octobre. <span id=\"more-357554\"\/>S\u2019\u00e9tendant sur une superficie totale de 11 ha, ce projet, qui a n\u00e9cessit\u00e9 une enveloppe budg\u00e9taire de 124 millions de dirhams, s\u2019inscrit dans le cadre du programme Tanger-M\u00e9tropole.<\/p>\n<p>Il est compos\u00e9 d\u2019une halle aux l\u00e9gumes de 5.520 m2, une deuxi\u00e8me de m\u00eame surface, consacr\u00e9e aux fruits, puis une troisi\u00e8me de vente de 2.500 m2. Et \u00e0 l\u2019instar des grands march\u00e9s de gros, des espaces ont \u00e9t\u00e9 am\u00e9nag\u00e9s pour y accueillir, entre autres, des installations frigorifiques de 1.200 m2, des caf\u00e9s-restaurants de 260 m2 et des bureaux administratifs de 260 m2.<\/p>\n<\/div>\n<p>Auteur: ALM<br \/>\n<a href=\"https:\/\/aujourdhui.ma\/actualite\/tanger-ouverture-du-marche-de-gros-des-fruits-et-legumes\">Cliquez ici pour lire l&rsquo;article depuis sa source.<\/a><\/p>\n","protected":false},"excerpt":{"rendered":"<p>Tr\u00e8s attendu, le march\u00e9 de gros des fruits et l\u00e9gumes ouvre ses portes officiellement, ce samedi 10 octobre. S\u2019\u00e9tendant sur une superficie totale de 11 ha, ce projet, qui a n\u00e9cessit\u00e9 une enveloppe budg\u00e9taire de 124 millions de dirhams, s\u2019inscrit dans le cadre du programme Tanger-M\u00e9tropole. Il est compos\u00e9 d\u2019une halle aux l\u00e9gumes de 5.520 [&hellip;]<\/p>\n","protected":false},"author":1759,"featured_media":101385,"comment_status":"closed","ping_status":"closed","sticky":false,"template":"","format":"standard","meta":{"fifu_image_url":"","fifu_image_alt":"","footnotes":""},"categories":[73,54],"tags":[],"class_list":["post-101384","post","type-post","status-publish","format-standard","has-post-thumbnail","hentry","category-actualite","category-maroc"],"_links":{"self":[{"href":"https:\/\/linitiative.ca\/International\/wp-json\/wp\/v2\/posts\/101384","targetHints":{"allow":["GET"]}}],"collection":[{"href":"https:\/\/linitiative.ca\/International\/wp-json\/wp\/v2\/posts"}],"about":[{"href":"https:\/\/linitiative.ca\/International\/wp-json\/wp\/v2\/types\/post"}],"author":[{"embeddable":true,"href":"https:\/\/linitiative.ca\/International\/wp-json\/wp\/v2\/users\/1759"}],"replies":[{"embeddable":true,"href":"https:\/\/linitiative.ca\/International\/wp-json\/wp\/v2\/comments?post=101384"}],"version-history":[{"count":0,"href":"https:\/\/linitiative.ca\/International\/wp-json\/wp\/v2\/posts\/101384\/revisions"}],"wp:featuredmedia":[{"embeddable":true,"href":"https:\/\/linitiative.ca\/International\/wp-json\/"}],"wp:attachment":[{"href":"https:\/\/linitiative.ca\/International\/wp-json\/wp\/v2\/media?parent=101384"}],"wp:term":[{"taxonomy":"category","embeddable":true,"href":"https:\/\/linitiative.ca\/International\/wp-json\/wp\/v2\/categories?post=101384"},{"taxonomy":"post_tag","embeddable":true,"href":"https:\/\/linitiative.ca\/International\/wp-json\/wp\/v2\/tags?post=101384"}],"curies":[{"name":"wp","href":"https:\/\/api.w.org\/{rel}","templated":true}]}}