{"id":101388,"date":"2020-10-10T15:17:18","date_gmt":"2020-10-10T19:17:18","guid":{"rendered":"https:\/\/linitiative.ca\/International\/equipe-nationale-el-mezraoui-rejoint-les-lions-ziyech-quitte-le-stage\/"},"modified":"2020-10-10T15:17:18","modified_gmt":"2020-10-10T19:17:18","slug":"equipe-nationale-el-mezraoui-rejoint-les-lions-ziyech-quitte-le-stage","status":"publish","type":"post","link":"https:\/\/linitiative.ca\/International\/equipe-nationale-el-mezraoui-rejoint-les-lions-ziyech-quitte-le-stage\/","title":{"rendered":"\u00c9quipe nationale: El Mezraoui rejoint les Lions, Ziyech quitte le stage"},"content":{"rendered":"<header>\n<div class=\"entry-post-meta\">\n<div class=\"author-link\">Publi\u00e9 par <a itemprop=\"author\" itemscope=\"\" itemtype=\"https:\/\/schema.org\/Person\" href=\"https:\/\/aujourdhui.ma\/author\/alm\" rel=\"author\"><span itemprop=\"name\">ALM<\/span><\/a><\/div>\n<p>Date\u00a0:<time content=\"2020-10-10T20:17:18+01:00\" class=\"entry-date updated\" datetime=\"2020-10-10T20:17:18+01:00\">octobre 10, 2020<\/time><\/p>\n<div class=\"entry-cat\">dans:<a href=\"https:\/\/aujourdhui.ma\/category\/sports\" rel=\"category tag\">Sports<\/a>, <a href=\"https:\/\/aujourdhui.ma\/category\/une\" rel=\"category tag\">Une<\/a><\/div>\n<p>430Vues<\/p>\n<\/div>\n<\/header>\n<div class=\"entry-content clearfix\" readability=\"41\"><img decoding=\"async\" class=\"post_layout_5_img\" src=\"http:\/\/aujourdhui.ma\/wp-content\/uploads\/2016\/08\/Hakim-Ziyech.jpg\" alt=\"&#xC9;quipe nationale: El Mezraoui rejoint les Lions, Ziyech quitte le stage\"\/><\/p>\n<p>Le d\u00e9fenseur de l\u2019Ajax Amsterdam, Noussair El Mezraoui, a rejoint le stage de concentration des Lions de l\u2019Atlas au Complexe Mohammed VI \u00e0 Ma\u00e2moura<span id=\"more-357558\"\/>, tandis que l\u2019attaquant de Chelsea Hakim Ziyech quitte la s\u00e9lection, a annonc\u00e9 samedi la F\u00e9d\u00e9ration royale marocaine de football (FRMF). L\u2019attaquant de Chelsea a quitt\u00e9 le stage de l\u2019\u00c9quipe nationale \u00ab\u00a0afin de poursuivre son programme m\u00e9dical comme convenu pr\u00e9c\u00e9demment entre les staffs m\u00e9dicaux de l\u2019\u00c9quipe Nationale et le club anglais\u00a0\u00bb, a soulign\u00e9 la FRMF dans un communiqu\u00e9 publi\u00e9 sur son site internet. A noter que la s\u00e9lection nationale A s\u2019est impos\u00e9e face \u00e0 son homologue s\u00e9n\u00e9galaise (3-1), en match amical disput\u00e9 vendredi soir au Complexe sportif Prince Moulay Abdellah \u00e0 Rabat.<\/p>\n<\/div>\n<p>Auteur: ALM<br \/>\n<a href=\"https:\/\/aujourdhui.ma\/une\/equipe-nationale-el-mezraoui-rejoint-les-lions-ziyech-quitte-le-stage\">Cliquez ici pour lire l&rsquo;article depuis sa source.<\/a><\/p>\n","protected":false},"excerpt":{"rendered":"<p>Publi\u00e9 par ALM Date\u00a0:octobre 10, 2020 dans:Sports, Une 430Vues Le d\u00e9fenseur de l\u2019Ajax Amsterdam, Noussair El Mezraoui, a rejoint le stage de concentration des Lions de l\u2019Atlas au Complexe Mohammed VI \u00e0 Ma\u00e2moura, tandis que l\u2019attaquant de Chelsea Hakim Ziyech quitte la s\u00e9lection, a annonc\u00e9 samedi la F\u00e9d\u00e9ration royale marocaine de football (FRMF). L\u2019attaquant de [&hellip;]<\/p>\n","protected":false},"author":1759,"featured_media":101389,"comment_status":"closed","ping_status":"closed","sticky":false,"template":"","format":"standard","meta":{"fifu_image_url":"","fifu_image_alt":"","footnotes":""},"categories":[73,54],"tags":[],"class_list":["post-101388","post","type-post","status-publish","format-standard","has-post-thumbnail","hentry","category-actualite","category-maroc"],"_links":{"self":[{"href":"https:\/\/linitiative.ca\/International\/wp-json\/wp\/v2\/posts\/101388","targetHints":{"allow":["GET"]}}],"collection":[{"href":"https:\/\/linitiative.ca\/International\/wp-json\/wp\/v2\/posts"}],"about":[{"href":"https:\/\/linitiative.ca\/International\/wp-json\/wp\/v2\/types\/post"}],"author":[{"embeddable":true,"href":"https:\/\/linitiative.ca\/International\/wp-json\/wp\/v2\/users\/1759"}],"replies":[{"embeddable":true,"href":"https:\/\/linitiative.ca\/International\/wp-json\/wp\/v2\/comments?post=101388"}],"version-history":[{"count":0,"href":"https:\/\/linitiative.ca\/International\/wp-json\/wp\/v2\/posts\/101388\/revisions"}],"wp:featuredmedia":[{"embeddable":true,"href":"https:\/\/linitiative.ca\/International\/wp-json\/"}],"wp:attachment":[{"href":"https:\/\/linitiative.ca\/International\/wp-json\/wp\/v2\/media?parent=101388"}],"wp:term":[{"taxonomy":"category","embeddable":true,"href":"https:\/\/linitiative.ca\/International\/wp-json\/wp\/v2\/categories?post=101388"},{"taxonomy":"post_tag","embeddable":true,"href":"https:\/\/linitiative.ca\/International\/wp-json\/wp\/v2\/tags?post=101388"}],"curies":[{"name":"wp","href":"https:\/\/api.w.org\/{rel}","templated":true}]}}