{"id":101390,"date":"2020-10-11T09:36:44","date_gmt":"2020-10-11T13:36:44","guid":{"rendered":"https:\/\/linitiative.ca\/International\/levenementiel-en-detresse\/"},"modified":"2020-10-11T09:36:44","modified_gmt":"2020-10-11T13:36:44","slug":"levenementiel-en-detresse","status":"publish","type":"post","link":"https:\/\/linitiative.ca\/International\/levenementiel-en-detresse\/","title":{"rendered":"L\u2019\u00e9v\u00e9nementiel en d\u00e9tresse"},"content":{"rendered":"<p class=\"has-text-color c2\"><strong>Les acteurs de l\u2019\u00e9v\u00e9nementiel, toutes branches \u00a0confondues, montent au cr\u00e9neau, des derniers tells. Leur rogne est si tendue qu\u2019ils sortent vomir leur malheur dans la rue. Il est vrai que ce secteur est atrocement ruin\u00e9, apr\u00e8s plus de sept mois d\u2019arr\u00eat de leurs activit\u00e9s diverses en raison du confinement, puis des mesures drastiques auxquels ils sont toujours soumis.<\/strong><\/p>\n<p>En d\u00e9pit du r\u00e9cent geste des pouvoirs publics \u00e0 leur \u00e9gard que la plupart consid\u00e8rent trop s\u00e9lective puisque l\u2019appui est partiellement en faveur d\u2019une cat\u00e9gorie, ils estiment \u00eatre l\u00e9s\u00e9s de fond en comble. Dans le m\u00eame sillage, ils ne comprennent pas pourquoi d\u2019autres sont autoris\u00e9s \u00e0 reprendre leur labeur, en pleine crue pand\u00e9mique, alors que, eux, continuent \u00e0 moisir dans l\u2019inertie mortif\u00e8re. Et pourtant, d\u00e9plorent-ils, un contrat-programme a \u00e9t\u00e9 r\u00e9cemment sign\u00e9 par les professionnels du secteur et le d\u00e9partement de tutelle, lors de la r\u00e9union du Comit\u00e9 de Veille \u00c9conomique (CVE) pour la reprise de la besogne, dans le contexte li\u00e9 \u00e0 la Covid 19.<\/p>\n<p>Le lendemain, fut tenu un topo de simulation dans l\u2019ambiance r\u00e9elle au sein d\u2019un grand palace de Casablanca afin de diagnostiquer les aptitudes sanitaires \u00e0 mettre en \u0153uvre dans une telle similitude, avant de mettre en fonction le protocole de sant\u00e9 d\u00e9j\u00e0 sugg\u00e9r\u00e9 au mois de juillet par le Groupement Professionnel des Prestataires de l\u2019Ev\u00e9nementiel (GPPE). Mais, \u00e0 croire les constatations des op\u00e9rateurs, le protocole sanitaire en question est rest\u00e9 sans suite, il y a de cela, plus de trois mois. Surtout que leurs homologues cafetiers et restaurateurs dont l\u2019action fut lib\u00e9r\u00e9e, la rentament dans des conditions quasiment identiques.<\/p>\n<p>Jusqu\u2019\u00e0 pr\u00e9sent, leurs dol\u00e9ances n\u2019ont pas eu d\u2019\u00e9chos, malgr\u00e9 leur persistance. Il faut bien dire que ce domaine, tr\u00e8s anim\u00e9 dans la p\u00e9riode d\u2019\u00e9t\u00e9 a bel et bien, afflig\u00e9 des milliers de familles et risque d\u2019abandonner dans la nature plusieurs centaine de milliers de postes, \u00e0 travers des d\u00e9cisions incompr\u00e9hensibles. Allant des f\u00eates c\u00e9r\u00e9monieuses, aux s\u00e9minaires et journ\u00e9es d\u2019\u00e9tudes, en passant par des conf\u00e9rences et rencontres, l\u2019\u00e9v\u00e9nementiel en pr\u00e9sentiel est, naturellement tributaire d\u2019exigence formelle en direction de la sant\u00e9 des initiateurs et des participants.<\/p>\n<p>De m\u00eame, les sp\u00e9cificit\u00e9s de tel ou tel \u00e9v\u00e9nement se doivent d\u2019\u00eatre prises en consid\u00e9ration lors de l\u2019organisation de ces manifestations c\u00e9r\u00e9moniales, artistiques et culturelles. Il va falloir donc se conformer aux mesures barri\u00e8res li\u00e9es \u00e0 ce rassemblement et permettre \u00e0 ces larges contributeurs de se mettre au travail en vue de pr\u00e9server leur gagne-pain quotidien.<\/p>\n<p>On ne saurait alors \u00a0ind\u00e9finiment ignorer ces cat\u00e9gories de gens qui s\u00e8ment le bonheur dans les c\u00e9r\u00e9monies festives et mettent le savoir-faire dans les prestations techniques.<\/p>\n<p>Auteur: M&rsquo;hammed rahal<br \/>\n<a href=\"http:\/\/albayane.press.ma\/levenementiel-en-detresse.html\">Cliquez ici pour lire l&rsquo;article depuis sa source.<\/a><\/p>\n","protected":false},"excerpt":{"rendered":"<p>Les acteurs de l\u2019\u00e9v\u00e9nementiel, toutes branches \u00a0confondues, montent au cr\u00e9neau, des derniers tells. Leur rogne est si tendue qu\u2019ils sortent vomir leur malheur dans la rue. Il est vrai que ce secteur est atrocement ruin\u00e9, apr\u00e8s plus de sept mois d\u2019arr\u00eat de leurs activit\u00e9s diverses en raison du confinement, puis des mesures drastiques auxquels ils [&hellip;]<\/p>\n","protected":false},"author":1760,"featured_media":0,"comment_status":"closed","ping_status":"closed","sticky":false,"template":"","format":"standard","meta":{"fifu_image_url":"","fifu_image_alt":"","footnotes":""},"categories":[73,54],"tags":[],"class_list":["post-101390","post","type-post","status-publish","format-standard","hentry","category-actualite","category-maroc"],"_links":{"self":[{"href":"https:\/\/linitiative.ca\/International\/wp-json\/wp\/v2\/posts\/101390","targetHints":{"allow":["GET"]}}],"collection":[{"href":"https:\/\/linitiative.ca\/International\/wp-json\/wp\/v2\/posts"}],"about":[{"href":"https:\/\/linitiative.ca\/International\/wp-json\/wp\/v2\/types\/post"}],"author":[{"embeddable":true,"href":"https:\/\/linitiative.ca\/International\/wp-json\/wp\/v2\/users\/1760"}],"replies":[{"embeddable":true,"href":"https:\/\/linitiative.ca\/International\/wp-json\/wp\/v2\/comments?post=101390"}],"version-history":[{"count":0,"href":"https:\/\/linitiative.ca\/International\/wp-json\/wp\/v2\/posts\/101390\/revisions"}],"wp:attachment":[{"href":"https:\/\/linitiative.ca\/International\/wp-json\/wp\/v2\/media?parent=101390"}],"wp:term":[{"taxonomy":"category","embeddable":true,"href":"https:\/\/linitiative.ca\/International\/wp-json\/wp\/v2\/categories?post=101390"},{"taxonomy":"post_tag","embeddable":true,"href":"https:\/\/linitiative.ca\/International\/wp-json\/wp\/v2\/tags?post=101390"}],"curies":[{"name":"wp","href":"https:\/\/api.w.org\/{rel}","templated":true}]}}