{"id":101391,"date":"2020-10-11T09:41:47","date_gmt":"2020-10-11T13:41:47","guid":{"rendered":"https:\/\/linitiative.ca\/International\/gueterres-la-situation-reste-marquee-par-le-calme\/"},"modified":"2020-10-11T09:41:47","modified_gmt":"2020-10-11T13:41:47","slug":"gueterres-la-situation-reste-marquee-par-le-calme","status":"publish","type":"post","link":"https:\/\/linitiative.ca\/International\/gueterres-la-situation-reste-marquee-par-le-calme\/","title":{"rendered":"Gueterres : la situation reste marqu\u00e9e par \u00able calme\u00bb"},"content":{"rendered":"<p class=\"has-text-color has-vivid-red-color c2\"><strong>Sahara marocain<\/strong><\/p>\n<p class=\"has-text-color c3\"><strong>Dans un rapport soumis \u00e0 l\u2019Assembl\u00e9e g\u00e9n\u00e9rale, le Secr\u00e9taire g\u00e9n\u00e9ral des Nations-Unies, Antonio Guterres, a r\u00e9affirm\u00e9 que la situation au Sahara marocain reste marqu\u00e9e par \u201cle calme\u201d, coupant court encore une fois aux all\u00e9gations fallacieuses des s\u00e9paratistes sur la situation dans les Provinces du Sud du Royaume.<\/strong><\/p>\n<p>Dans ce document, qui couvre la p\u00e9riode du 1er juillet 2019 au 31 ao\u00fbt 2020 et fait la synth\u00e8se des deux derniers rapports pr\u00e9sent\u00e9s au Conseil de s\u00e9curit\u00e9 par le Secr\u00e9taire g\u00e9n\u00e9ral sur la situation au Sahara marocain, M. Guterres met aussi en relief les investissements du Maroc dans ses Provinces du Sud en citant, notamment, la construction d\u2019un nouveau port \u00e0 environ 70 kilom\u00e8tres au nord de Dakhla.<\/p>\n<p>Ainsi, comme en atteste le Secr\u00e9taire G\u00e9n\u00e9ral de l\u2019ONU, les investissements du Maroc dans son Sahara se poursuivent et se renforcent, particuli\u00e8rement depuis le lancement par SM le Roi Mohammed VI du Nouveau mod\u00e8le de d\u00e9veloppement des Provinces du Sud, en novembre 2015.<\/p>\n<p>Cet essor \u00e9conomique que connait le Sahara marocain est accompagn\u00e9 par le renforcement et la cons\u00e9cration juridique de la pleine souverainet\u00e9 du Maroc sur ses Provinces du Sud, \u00e0 travers l\u2019adoption de deux lois actualisant les limites des eaux territoriales du Royaume et y incluant les c\u00f4tes du Sahara marocain. Ce d\u00e9veloppement fondamental majeur n\u2019a pas \u00e9chapp\u00e9 au chef de l\u2019ONU qui l\u2019a mis en relief dans ce rapport: \u201cle 22 janvier, la Chambre des Repr\u00e9sentants du Maroc a adopt\u00e9 deux lois mettant \u00e0 jour les limites de ses eaux territoriales et de sa zone \u00e9conomique exclusive qui ont inclus les eaux au large des c\u00f4tes du Sahara\u201d.<\/p>\n<p>Le document mentionne \u00e9galement les inaugurations historiques des Consulats g\u00e9n\u00e9raux par dix pays africains dans les villes de La\u00e2youne et Dakhla. A cet \u00e9gard, M. Guterres a not\u00e9 qu\u2019\u00abentre le 18 d\u00e9cembre 2019 et le 12 mars 2020, le Burundi, la R\u00e9publique centrafricaine, les Comores, la C\u00f4te d\u2019Ivoire, Djibouti, le Gabon, la Gambie, la Guin\u00e9e, le Liberia et S\u00e3o Tom\u00e9 et Pr\u00edncipe ont inaugur\u00e9 des consulats g\u00e9n\u00e9raux \u00e0 La\u00e2youne ou Dakhla\u00bb.<\/p>\n<p>En effet, l\u2019ouverture de ces repr\u00e9sentations diplomatiques africaines au Sahara marocain est l\u2019illustration de la vision Royale pour faire des Provinces du Sud un trait d\u2019union entre le Maroc et son prolongement africain. Elles constituent \u00e9galement la confirmation de la reconnaissance par la communaut\u00e9 internationale, particuli\u00e8rement les pays africains, de la souverainet\u00e9 du Maroc sur ses Provinces du Sud.<\/p>\n<p>Evoquant, par ailleurs, le processus politique, le Secr\u00e9taire g\u00e9n\u00e9ral de l\u2019ONU a r\u00e9affirm\u00e9 les fondamentaux de la solution politique \u00e0 ce diff\u00e9rend r\u00e9gional, tels que pr\u00e9conis\u00e9s par le Conseil de S\u00e9curit\u00e9 dans toutes ses r\u00e9solutions depuis 2007.<\/p>\n<p>Le SG de l\u2019ONU a soulign\u00e9 que le Conseil de s\u00e9curit\u00e9 examine la situation concernant le Sahara marocain \u00abdans le cadre des questions relatives \u00e0 la paix et \u00e0 la s\u00e9curit\u00e9\u00bb, sous le Chapitre VI de la Charte de l\u2019ONU relatif au r\u00e8glement pacifique des diff\u00e9rends.<\/p>\n<p>Il a ajout\u00e9 que le Conseil appelle de ses v\u0153ux, dans ses r\u00e9solutions successives, \u00e0 \u00abune solution politique juste, durable et mutuellement acceptable\u201d, pr\u00e9cisant que \u00able 30 octobre 2019, le Conseil de S\u00e9curit\u00e9 a adopt\u00e9 la r\u00e9solution 2494\u00bb par laquelle il a soulign\u00e9 la \u00abn\u00e9cessit\u00e9 de parvenir \u00e0 une solution politique, r\u00e9aliste, pragmatique, durable et bas\u00e9e sur le compromis\u00bb \u00e0 la question du Sahara marocain. Cette r\u00e9solution a consacr\u00e9, \u00e0 l\u2019instar de toutes celles adopt\u00e9es depuis 2007, la pr\u00e9\u00e9minence de l\u2019Initiative d\u2019autonomie comme seule et unique solution au diff\u00e9rend r\u00e9gional sur le Sahara marocain.<\/p>\n<p>Cette r\u00e9solution, et celles qui l\u2019ont pr\u00e9c\u00e9d\u00e9e, a, en outre, \u00e9tabli le r\u00f4le de l\u2019Alg\u00e9rie en tant que principale partie au diff\u00e9rend r\u00e9gional sur le Sahara marocain, \u00e9tant cit\u00e9e cinq fois dans cette r\u00e9solution, au m\u00eame titre que le Maroc.<\/p>\n<p>Guterres a, \u00e9galement, mis en relief l\u2019\u00e9lan politique cr\u00e9\u00e9 par le processus de tables rondes lanc\u00e9 par l\u2019ancien Envoy\u00e9 Personnel, Horst K\u00f6hler, avec la participation de toutes les parties prenantes \u00e0 la question du Sahara marocain, et qui constitue la seule voie pour la poursuite du processus politique exclusivement onusien.<\/p>\n<p>Dans ce cadre, il a not\u00e9 que \u00ab l\u2019Envoy\u00e9 Personnel Horst K\u00f6hler a \u00e9t\u00e9 en mesure de r\u00e9tablir une dynamique et un \u00e9lan bien n\u00e9cessaires au processus politique, notamment \u00e0 travers le processus de tables rondes qui a r\u00e9uni le Maroc, le \u201cpolisario\u201d, l\u2019Alg\u00e9rie et la Mauritanie\u00bb, insistant \u00abqu\u2019il est essentiel que la continuit\u00e9 de ce processus politique ne soit pas perdue\u00bb et r\u00e9it\u00e9rant son \u00abengagement pour la nomination d\u2019un nouvel Envoy\u00e9 Personnel pour construire sur les progr\u00e8s r\u00e9alis\u00e9s \u00bb dans le processus de tables rondes.<\/p>\n<p>Le Secr\u00e9taire G\u00e9n\u00e9ral des Nations Unies a, en outre, rappel\u00e9 les fondamentaux de la position marocaine sur la question du Sahara marocain. A cet effet, M. Guterres a consacr\u00e9 un passage de son rapport au discours Royal du 6 novembre 2019, \u00e0 l\u2019occasion du 44\u00e9me anniversaire de la glorieuse Marche Verte, indiquant que SM le Roi Mohammed VI a soulign\u00e9 que le Maroc \u201ccontinuera \u00e0 \u0153uvrer avec sinc\u00e9rit\u00e9 et bonne foi, conform\u00e9ment au processus politique exclusivement onusien et aux r\u00e9solutions du Conseil de s\u00e9curit\u00e9, pour parvenir \u00e0 une solution politique, r\u00e9aliste, pragmatique et consensuelle\u201d.<\/p>\n<p>Le chef de l\u2019ONU a \u00e9galement soulign\u00e9 que SM le Roi \u201ca ajout\u00e9 que la proposition d\u2019Autonomie du Maroc de 2007 est la seule voie possible pour parvenir \u00e0 un r\u00e8glement, dans le respect total de l\u2019unit\u00e9 nationale et de l\u2019int\u00e9grit\u00e9 territoriale du Royaume\u201d.<\/p>\n<p>Dans un autre passage, M. Guterres a not\u00e9 que le Souverain a aussi r\u00e9affirm\u00e9, dans le discours Royal prononc\u00e9 le 29 juillet 2019 \u00e0 l\u2019occasion de la F\u00eate du Tr\u00f4ne, l\u2019engagement du Maroc vis-\u00e0-vis du processus politique au Sahara marocain, sous l\u2019\u00e9gide exclusive de l\u2019ONU, et soulign\u00e9 qu\u2019aucun r\u00e8glement n\u2019\u00e9tait possible en dehors de la souverainet\u00e9 pleine et enti\u00e8re du Maroc et en dehors de l\u2019initiative d\u2019autonomie.<\/p>\n<p>D\u2019un autre c\u00f4t\u00e9, Antonio Guterres s\u2019est f\u00e9licit\u00e9 de la pleine et enti\u00e8re coop\u00e9ration du Maroc avec la MINURSO.<\/p>\n<p>En effet, le Secr\u00e9taire g\u00e9n\u00e9ral a fait part de sa pleine satisfaction au sujet de la coop\u00e9ration avec les Forces Arm\u00e9es Royales (FAR), notamment pour l\u2019excellent niveau d\u2019\u00e9changes dans le cadre du m\u00e9canisme bilat\u00e9ral de travail et de coordination qui regroupe les FAR et la MINURSO, ce qui a permis de r\u00e9soudre un nombre important de questions en suspens.<\/p>\n<p>De m\u00eame, le Secr\u00e9taire g\u00e9n\u00e9ral de l\u2019ONU a hautement lou\u00e9 la coop\u00e9ration du Maroc avec la MINURSO, durant la p\u00e9riode difficile de la pand\u00e9mie du Covid-19. Grace aux mesures adopt\u00e9es par les autorit\u00e9s marocaines, \u00abaucun cas n\u2019a \u00e9t\u00e9 rapport\u00e9 parmi le personnel de la MINURSO\u00bb, a-t-il not\u00e9.<\/p>\n<p>Par ailleurs, concernant la situation des droits de l\u2019Homme, le Secr\u00e9taire g\u00e9n\u00e9ral a \u00e9pingl\u00e9, une nouvelle fois, les dirigeants du \u201cpolisario\u201d pour les violations graves et syst\u00e9matiques des droits de l\u2019Homme dans les camps de Tindouf, en Alg\u00e9rie.<\/p>\n<p>M. Guterres a, ainsi, \u00e9num\u00e9r\u00e9 les nombreux rapports re\u00e7us par le Haut Commissariat aux Droits de l\u2019Homme (HCDH), concernant le recours massif et \u00e0 grande \u00e9chelle, par le \u201cpolisario\u201d, aux \u201charc\u00e8lements, arrestations et mauvais traitements de blogueurs, de m\u00e9decins et d\u2019infirmi\u00e8res\u201d dans les camps de Tindouf.<\/p>\n<p>Le rapport pr\u00e9cise que ces violations graves se sont multipli\u00e9es ces derniers mois contre tous ceux \u201cqui s\u2019employaient \u00e0 enregistrer les cas de COVID-19 dans les camps de Tindouf\u201d. Cette nouvelle vague de r\u00e9pression exerc\u00e9e par le \u00abpolisario\u00bb n\u2019est qu\u2019un exemple r\u00e9cent des violations massives et continues par ce groupe arm\u00e9 s\u00e9paratiste, pour faire taire les voix des dissidents, blogueurs, journalistes, activistes et toute personne qui contredit le despotisme de ses dirigeants.<\/p>\n<p>Ces violations ont, cette fois-ci, vis\u00e9 le corps m\u00e9dical et les activistes des droits de l\u2019Homme qui n\u2019ont fait que mettre \u00e0 nu les falsifications des informations du \u00abpolisario\u00bb au sujet de la pand\u00e9mie de COVID-19, et d\u00e9noncer sa propagation alarmante parmi les populations s\u00e9questr\u00e9es dans les camps de Tindouf, d\u00e9pourvues de toute protection et libert\u00e9 de circulation, de mouvement, d\u2019association, d\u2019expression et de rassemblement.<\/p>\n<p>Dans ce document, le chef de l\u2019ONU a alert\u00e9 l\u2019Assembl\u00e9e g\u00e9n\u00e9rale, de mani\u00e8re ferme et d\u00e9termin\u00e9e, sur les multiples violations du cessez-le-feu, des Accords militaires et des r\u00e9solutions du Conseil de S\u00e9curit\u00e9 commises par le \u201cpolisario\u201d.<\/p>\n<p>Durant la p\u00e9riode couverte par le rapport, le chef de l\u2019ONU a fait \u00e9tat d\u2019une intensification gravissime des violations commises par le groupe arm\u00e9 s\u00e9paratiste.<\/p>\n<p>En effet, le Secr\u00e9taire G\u00e9n\u00e9ral a relev\u00e9, dans son dernier rapport soumis au d\u00e9but du mois au Conseil de s\u00e9curit\u00e9, 57 violations majeures de la part des s\u00e9paratistes, ainsi que plus de 1000 violations individuelles. Des chiffres in\u00e9dits dans les annales des Nations-Unies. Outre leur nombre, la gravit\u00e9 de ces violations est \u00e9galement sans pr\u00e9c\u00e8dent, enjoignant au groupe s\u00e9paratiste de les r\u00e9soudre imm\u00e9diatement.<\/p>\n<p>M. Guterres revient aussi sur les violations et provocations par le \u00abpolisario\u00bb et ses repris de justice dans la zone tampon de Guergarate, en y maintenant la pr\u00e9sence d\u2019\u00e9l\u00e9ments arm\u00e9s et en proc\u00e9dant au blocage du passage entre le Maroc et la Mauritanie.<\/p>\n<p>Ces violations constituent un d\u00e9fi \u00e0 l\u2019autorit\u00e9 du Secr\u00e9taire G\u00e9n\u00e9ral de l\u2019ONU qui a, \u00e0 maintes reprises, y compris le 27 septembre 2020, enjoint au \u00abpolisario\u00bb de respecter la libert\u00e9 de circulation des biens et des personnes dans la zone de Guergarate. Dans ses r\u00e9solutions 2414, 2440, 2468 et 2494, le Conseil de S\u00e9curit\u00e9 avait exprim\u00e9 ses pr\u00e9occupations quant \u00e0 la pr\u00e9sence du groupe arm\u00e9 s\u00e9paratiste dans la zone tampon de Guergarate et exig\u00e9 son retrait imm\u00e9diat.<\/p>\n<p>Auteur: M&rsquo;hammed rahal<br \/>\n<a href=\"http:\/\/albayane.press.ma\/gueterres-la-situation-reste-marquee-par-le-calme.html\">Cliquez ici pour lire l&rsquo;article depuis sa source.<\/a><\/p>\n","protected":false},"excerpt":{"rendered":"<p>Sahara marocain Dans un rapport soumis \u00e0 l\u2019Assembl\u00e9e g\u00e9n\u00e9rale, le Secr\u00e9taire g\u00e9n\u00e9ral des Nations-Unies, Antonio Guterres, a r\u00e9affirm\u00e9 que la situation au Sahara marocain reste marqu\u00e9e par \u201cle calme\u201d, coupant court encore une fois aux all\u00e9gations fallacieuses des s\u00e9paratistes sur la situation dans les Provinces du Sud du Royaume. Dans ce document, qui couvre la [&hellip;]<\/p>\n","protected":false},"author":1760,"featured_media":0,"comment_status":"closed","ping_status":"closed","sticky":false,"template":"","format":"standard","meta":{"fifu_image_url":"","fifu_image_alt":"","footnotes":""},"categories":[73,54],"tags":[],"class_list":["post-101391","post","type-post","status-publish","format-standard","hentry","category-actualite","category-maroc"],"_links":{"self":[{"href":"https:\/\/linitiative.ca\/International\/wp-json\/wp\/v2\/posts\/101391","targetHints":{"allow":["GET"]}}],"collection":[{"href":"https:\/\/linitiative.ca\/International\/wp-json\/wp\/v2\/posts"}],"about":[{"href":"https:\/\/linitiative.ca\/International\/wp-json\/wp\/v2\/types\/post"}],"author":[{"embeddable":true,"href":"https:\/\/linitiative.ca\/International\/wp-json\/wp\/v2\/users\/1760"}],"replies":[{"embeddable":true,"href":"https:\/\/linitiative.ca\/International\/wp-json\/wp\/v2\/comments?post=101391"}],"version-history":[{"count":0,"href":"https:\/\/linitiative.ca\/International\/wp-json\/wp\/v2\/posts\/101391\/revisions"}],"wp:attachment":[{"href":"https:\/\/linitiative.ca\/International\/wp-json\/wp\/v2\/media?parent=101391"}],"wp:term":[{"taxonomy":"category","embeddable":true,"href":"https:\/\/linitiative.ca\/International\/wp-json\/wp\/v2\/categories?post=101391"},{"taxonomy":"post_tag","embeddable":true,"href":"https:\/\/linitiative.ca\/International\/wp-json\/wp\/v2\/tags?post=101391"}],"curies":[{"name":"wp","href":"https:\/\/api.w.org\/{rel}","templated":true}]}}