{"id":101392,"date":"2020-10-11T09:46:48","date_gmt":"2020-10-11T13:46:48","guid":{"rendered":"https:\/\/linitiative.ca\/International\/%ef%bb%bfle-discours-royal-determine-les-leviers-du-modele-de-developpement-souhaite\/"},"modified":"2020-10-11T09:46:48","modified_gmt":"2020-10-11T13:46:48","slug":"%ef%bb%bfle-discours-royal-determine-les-leviers-du-modele-de-developpement-souhaite","status":"publish","type":"post","link":"https:\/\/linitiative.ca\/International\/%ef%bb%bfle-discours-royal-determine-les-leviers-du-modele-de-developpement-souhaite\/","title":{"rendered":"\ufeff\u00abLe Discours royal d\u00e9termine les leviers du mod\u00e8le de d\u00e9veloppement souhait\u00e9\u00bb"},"content":{"rendered":"<p class=\"has-text-color has-vivid-red-color c2\"><strong>Chakib Alj, Pdt de la CGEM<\/strong><\/p>\n<p class=\"has-text-color c3\"><strong>Le Discours Royal d\u00e9termine les leviers du mod\u00e8le de d\u00e9veloppement \u00e9conomique et social souhait\u00e9 pour le Royaume, a soulign\u00e9 le pr\u00e9sident de la Conf\u00e9d\u00e9ration g\u00e9n\u00e9rale des entreprises du Maroc (CGEM), Chakib Alj.<\/strong><\/p>\n<p>\u00abLe discours de SM est tr\u00e8s clair. La CGEM se sent concern\u00e9e \u00e0 la fois sur le mod\u00e8le de d\u00e9veloppement, sur la relance \u00e9conomique et sur la protection sociale\u00bb, a dit M. Alj dans une d\u00e9claration \u00e0 la MAP.<\/p>\n<p>Il s\u2019agit d\u2019un plan de relance \u00e9conomique ambitieux, du renforcement de la protection sociale, de l\u2019application des r\u00e8gles de bonne gouvernance et de la r\u00e9forme de l\u2019Administration, a poursuivi le patron des patrons.<\/p>\n<p>Et d\u2019ajouter: \u00abSa Majest\u00e9 a soulign\u00e9 l\u2019importance d\u2019un pacte social triangulaire, impliquant l\u2019\u00c9tat et les partenaires \u00e9conomiques et sociaux, comme cl\u00e9 de r\u00e9ussite de la mise en \u0153uvre du plan de relance de l\u2019\u00e9conomie nationale. Cette contractualisation doit \u00eatre fond\u00e9e sur le principe de corr\u00e9lation entre droits et obligations\u00bb.<\/p>\n<p>Parall\u00e8lement, M. Alj a relev\u00e9 que le Souverain a \u00e9galement mis l\u2019accent sur le r\u00f4le moteur que jouera le \u00abFonds Mohammed VI pour l\u2019Investissement\u00bb dans la promotion de l\u2019investissement et la sortie de crise.<\/p>\n<p>Ce fonds, qui sera dot\u00e9 de 15 milliards de dirhams (MMDH) du budget de l\u2019\u00c9tat, permettra d\u2019offrir aux secteurs productifs le soutien n\u00e9cessaire et de financer les grands projets envisag\u00e9s, dans le cadre de partenariats public-priv\u00e9 et ce, tout en s\u2019appuyant sur des fonds sectoriels sp\u00e9cialis\u00e9s qui lui seront rattach\u00e9s, a pr\u00e9cis\u00e9 le pr\u00e9sident de la CGEM.<\/p>\n<p>Il a aussi indiqu\u00e9 que le discours royal a insist\u00e9 sur la priorit\u00e9 qui doit \u00eatre donn\u00e9e \u00e0 l\u2019agriculture et au d\u00e9veloppement rural dans la dynamique de relance de l\u2019\u00e9conomie.<\/p>\n<p>Par ailleurs, M. Alj a fait remarquer que le Souverain a soulign\u00e9 la n\u00e9cessit\u00e9 d\u2019am\u00e9liorer les conditions de vie des citoyens \u00e0 travers la g\u00e9n\u00e9ralisation de la couverture m\u00e9dicale obligatoire d\u2019ici 2022, des allocations familiales, des pensions de retraite et de l\u2019acc\u00e8s \u00e0 l\u2019indemnit\u00e9 pour perte d\u2019emploi (IPE) pour les Marocains ayant un emploi stable.<\/p>\n<p>Pour ce faire, Sa Majest\u00e9 a appel\u00e9 \u00e0 une large concertation avec l\u2019ensemble des partenaires et \u00e0 la mise en place d\u2019un pilotage innovant et efficace de ce chantier, via la mise en place d\u2019une instance de r\u00e9gulation et de coordination des diff\u00e9rents m\u00e9canismes du syst\u00e8me de protection sociale\u00bb, a-t-il soulign\u00e9.<\/p>\n<p>En outre, le Souverain a relev\u00e9 que la relance de l\u2019\u00e9conomie nationale et le renforcement de la protection sociale doivent n\u00e9cessairement \u00eatre d\u00e9ploy\u00e9s dans le cadre d\u2019une bonne gouvernance et \u00e0 travers une Administration exemplaire et innovante, a not\u00e9 M. Alj.<\/p>\n<p>Et de conclure: \u00abLa CGEM \u0153uvrera \u00e0 appliquer scrupuleusement la feuille de route d\u00e9clin\u00e9e par le discours de Sa Majest\u00e9\u00bb.<\/p>\n<p>Auteur: M&rsquo;hammed rahal<br \/>\n<a href=\"http:\/\/albayane.press.ma\/%EF%BB%BFle-discours-royal-determine-les-leviers-du-modele-de-developpement-souhaite.html\">Cliquez ici pour lire l&rsquo;article depuis sa source.<\/a><\/p>\n","protected":false},"excerpt":{"rendered":"<p>Chakib Alj, Pdt de la CGEM Le Discours Royal d\u00e9termine les leviers du mod\u00e8le de d\u00e9veloppement \u00e9conomique et social souhait\u00e9 pour le Royaume, a soulign\u00e9 le pr\u00e9sident de la Conf\u00e9d\u00e9ration g\u00e9n\u00e9rale des entreprises du Maroc (CGEM), Chakib Alj. \u00abLe discours de SM est tr\u00e8s clair. La CGEM se sent concern\u00e9e \u00e0 la fois sur le [&hellip;]<\/p>\n","protected":false},"author":1760,"featured_media":0,"comment_status":"closed","ping_status":"closed","sticky":false,"template":"","format":"standard","meta":{"fifu_image_url":"","fifu_image_alt":"","footnotes":""},"categories":[73,54],"tags":[],"class_list":["post-101392","post","type-post","status-publish","format-standard","hentry","category-actualite","category-maroc"],"_links":{"self":[{"href":"https:\/\/linitiative.ca\/International\/wp-json\/wp\/v2\/posts\/101392","targetHints":{"allow":["GET"]}}],"collection":[{"href":"https:\/\/linitiative.ca\/International\/wp-json\/wp\/v2\/posts"}],"about":[{"href":"https:\/\/linitiative.ca\/International\/wp-json\/wp\/v2\/types\/post"}],"author":[{"embeddable":true,"href":"https:\/\/linitiative.ca\/International\/wp-json\/wp\/v2\/users\/1760"}],"replies":[{"embeddable":true,"href":"https:\/\/linitiative.ca\/International\/wp-json\/wp\/v2\/comments?post=101392"}],"version-history":[{"count":0,"href":"https:\/\/linitiative.ca\/International\/wp-json\/wp\/v2\/posts\/101392\/revisions"}],"wp:attachment":[{"href":"https:\/\/linitiative.ca\/International\/wp-json\/wp\/v2\/media?parent=101392"}],"wp:term":[{"taxonomy":"category","embeddable":true,"href":"https:\/\/linitiative.ca\/International\/wp-json\/wp\/v2\/categories?post=101392"},{"taxonomy":"post_tag","embeddable":true,"href":"https:\/\/linitiative.ca\/International\/wp-json\/wp\/v2\/tags?post=101392"}],"curies":[{"name":"wp","href":"https:\/\/api.w.org\/{rel}","templated":true}]}}