{"id":101393,"date":"2020-10-11T09:56:06","date_gmt":"2020-10-11T13:56:06","guid":{"rendered":"https:\/\/linitiative.ca\/International\/le-pps-rend-hommage-a-feu-dr-mohamed-dkhissi\/"},"modified":"2020-10-11T09:56:06","modified_gmt":"2020-10-11T13:56:06","slug":"le-pps-rend-hommage-a-feu-dr-mohamed-dkhissi","status":"publish","type":"post","link":"https:\/\/linitiative.ca\/International\/le-pps-rend-hommage-a-feu-dr-mohamed-dkhissi\/","title":{"rendered":"Le PPS rend hommage \u00e0 feu Dr Mohamed Dkhissi"},"content":{"rendered":"<p class=\"has-text-color has-vivid-red-color c2\"><strong>Un combattant juste, un militant de la premi\u00e8re heure et un scientifique de premier rang<\/strong><\/p>\n<p><strong>Le Bureau politique du Parti du progr\u00e8s et du socialisme annonce avec douleur le d\u00e9c\u00e8s, vendredi 9 octobre 2020, du camarade professeur Mohamad Dkhissi, parti en martyr du devoir national.<\/strong><\/p>\n<p><strong>En cette douloureuse circonstance qui nous est affecte douloureusement avec la perte d\u2019un combattant juste qui a milit\u00e9 dans les rangs de notre parti depuis les ann\u00e9es soixante-dix du si\u00e8cle dernier quand il \u00e9tait \u00e9tudiant \u00e0 la Facult\u00e9 de m\u00e9decine et, plus tard, un brillant professeur connu pour ses comp\u00e9tences scientifiques et professionnelles.<\/strong><\/p>\n<p><strong>Notre regrett\u00e9 camarade Mohamed Dkhissi, paix \u00e0 son \u00e2me, a \u00e9galement \u00e9t\u00e9, tout au long de son parcours politique, l\u2019un des d\u00e9fenseurs les plus \u00e9minents de la classe ouvri\u00e8re et un membre actif au sein du secteur de la sant\u00e9 du Parti \u00e0 travers tous les fronts politiques, et ce depuis plus de quarante ans.<\/strong><\/p>\n<p><strong>Durant toutes ces d\u00e9cennies, rien n\u2019a pu changer ses solides convictions de lutte, ni le d\u00e9tourner de la pens\u00e9e, progressiste et moderniste, de son parti qu\u2019il a port\u00e9 jusqu\u2019\u00e0 sa disparition cruelle.<\/strong><\/p>\n<p><strong>Alors que nous \u00e9voquons les vertus et les qualit\u00e9s de notre cher camarade d\u00e9c\u00e9d\u00e9 Mohamed Dkhissi, que Dieu l\u2019ait en Sa Sainte Mis\u00e9ricorde, le camarade Mohamed Nabil Benabdallah, Secr\u00e9taire g\u00e9n\u00e9ral du parti a pr\u00e9sent\u00e9, en son nom personnel et au nom des membres du bureau politique, du comit\u00e9 central et de tous les militantes et militants du Parti du le progr\u00e8s et du socialisme, ses sinc\u00e8res condol\u00e9ances et sympathie pour cette perte cruelle, \u00e0 l\u2019\u00e9pouse du d\u00e9funt, Nezha \u00a0Dkhissi, \u00e0 ses enfants Omar, Youssef, Kanza, \u00e0 ses fr\u00e8res Mustafa, Lhoucine, Fatima et Rachid, ainsi qu\u2019\u00e0 tous les membres de la famille \u00e9plor\u00e9e.<\/strong><\/p>\n<p><strong>Nous implorons le Tout-Puissant de bien accorder Sa Sainte Mis\u00e9ricorde au d\u00e9funt et \u00a0de l\u2019accueillir dans Son vaste Paradis parmi les proph\u00e8tes, les martyrs et les vertueux, et d\u2019accorder aux siens patience et consolation.<\/strong><\/p>\n<p class=\"has-text-color c3\"><strong>\u00abNous sommes \u00e0 Dieu et \u00e0 Lui nous retournons\u00bb<\/strong><\/p>\n<p>Auteur: M&rsquo;hammed rahal<br \/>\n<a href=\"http:\/\/albayane.press.ma\/le-pps-rend-hommage-a-feu-dr-mohamed-dkhissi.html\">Cliquez ici pour lire l&rsquo;article depuis sa source.<\/a><\/p>\n","protected":false},"excerpt":{"rendered":"<p>Un combattant juste, un militant de la premi\u00e8re heure et un scientifique de premier rang Le Bureau politique du Parti du progr\u00e8s et du socialisme annonce avec douleur le d\u00e9c\u00e8s, vendredi 9 octobre 2020, du camarade professeur Mohamad Dkhissi, parti en martyr du devoir national. En cette douloureuse circonstance qui nous est affecte douloureusement avec [&hellip;]<\/p>\n","protected":false},"author":1760,"featured_media":0,"comment_status":"closed","ping_status":"closed","sticky":false,"template":"","format":"standard","meta":{"fifu_image_url":"","fifu_image_alt":"","footnotes":""},"categories":[73,54],"tags":[],"class_list":["post-101393","post","type-post","status-publish","format-standard","hentry","category-actualite","category-maroc"],"_links":{"self":[{"href":"https:\/\/linitiative.ca\/International\/wp-json\/wp\/v2\/posts\/101393","targetHints":{"allow":["GET"]}}],"collection":[{"href":"https:\/\/linitiative.ca\/International\/wp-json\/wp\/v2\/posts"}],"about":[{"href":"https:\/\/linitiative.ca\/International\/wp-json\/wp\/v2\/types\/post"}],"author":[{"embeddable":true,"href":"https:\/\/linitiative.ca\/International\/wp-json\/wp\/v2\/users\/1760"}],"replies":[{"embeddable":true,"href":"https:\/\/linitiative.ca\/International\/wp-json\/wp\/v2\/comments?post=101393"}],"version-history":[{"count":0,"href":"https:\/\/linitiative.ca\/International\/wp-json\/wp\/v2\/posts\/101393\/revisions"}],"wp:attachment":[{"href":"https:\/\/linitiative.ca\/International\/wp-json\/wp\/v2\/media?parent=101393"}],"wp:term":[{"taxonomy":"category","embeddable":true,"href":"https:\/\/linitiative.ca\/International\/wp-json\/wp\/v2\/categories?post=101393"},{"taxonomy":"post_tag","embeddable":true,"href":"https:\/\/linitiative.ca\/International\/wp-json\/wp\/v2\/tags?post=101393"}],"curies":[{"name":"wp","href":"https:\/\/api.w.org\/{rel}","templated":true}]}}