{"id":101394,"date":"2020-10-11T10:58:00","date_gmt":"2020-10-11T14:58:00","guid":{"rendered":"https:\/\/linitiative.ca\/International\/nabil-benabdallah-il-faut-rehausser-le-champ-politique-et-un-gouvernement-a-lecoute-du-peuple\/"},"modified":"2020-10-11T10:58:00","modified_gmt":"2020-10-11T14:58:00","slug":"nabil-benabdallah-il-faut-rehausser-le-champ-politique-et-un-gouvernement-a-lecoute-du-peuple","status":"publish","type":"post","link":"https:\/\/linitiative.ca\/International\/nabil-benabdallah-il-faut-rehausser-le-champ-politique-et-un-gouvernement-a-lecoute-du-peuple\/","title":{"rendered":"Nabil Benabdallah: \u00abil faut rehausser le champ politique et un gouvernement \u00e0 l\u2019\u00e9coute du peuple\u00bb"},"content":{"rendered":"<p class=\"has-text-color c2\"><strong>Dans une d\u00e9claration \u00e0 notre confr\u00e8re arabophone, Bayane Al Yaoume, Mohamed Nabil Benabdallah, secr\u00e9taire g\u00e9n\u00e9ral du Parti du Progr\u00e8s et du Socialisme, estime que le discours royal \u00e0 l\u2019occasion de l\u2019ouverture de la derni\u00e8re ann\u00e9e l\u00e9gislative de l\u2019actuelle l\u00e9gislature est un discours frontal et profond, car il intervient dans des circonstances difficiles et complexes, en raison des r\u00e9percussions\u00a0 sanitaires, \u00e9conomiques, sociaux et politiques de la pand\u00e9mie due \u00e0 la Covid-19.<\/strong><\/p>\n<p>\u00abLe discours royal est extr\u00eamement important car il trace les sentiers que le pays doit emprunter pour redonner vie \u00e0 son \u00e9conomie et r\u00e9former ses conditions sociales\u00bb a d\u00e9clar\u00e9 le leader progressiste avant d\u2019ajouter que \u00abSa Majest\u00e9 a clairement mis en relief les d\u00e9s\u00e9quilibres de l\u2019actuel mod\u00e8le de d\u00e9veloppement\u00a0 qui ont montr\u00e9 les limites de l\u2019\u00e9conomie nationale et son incapacit\u00e9 \u00e0 produire suffisamment de biens et de richesses\u00bb.<\/p>\n<p>Et \u00e0 Benabdallah d\u2019ajouter que malgr\u00e9 les efforts qui ont \u00e9t\u00e9 d\u00e9ploy\u00e9s, la vuln\u00e9rabilit\u00e9 et la pauvret\u00e9 sont toujours une r\u00e9alit\u00e9 qui ravage de vastes classes et r\u00e9gions de notre pays, soulignant \u00e9galement qu\u2019il existe une recette pour lancer une nouvelle dynamique \u00e9conomique et rem\u00e9dier aux graves probl\u00e8mes et carences sociaux.<\/p>\n<p>Le leader du PPS a soulign\u00e9 \u00e0 cet \u00e9gard que les grands axes \u00e9nonc\u00e9es dans le Discours Royal confortent les choix du parti du \u00ablivre\u00bb et de ses militants et correspondent \u00e0 leurs aspirations et leurs convictions, contenues \u00a0dans\u00a0\u00able document que nous avons produit pendant la p\u00e9riode de quarantaine, c\u2019est-\u00e0-dire en mai dernier, et que nous avons propos\u00e9 \u00e0 l\u2019opinion publique et port\u00e9 \u00e0 l\u2019attention du gouvernement\u00bb.<\/p>\n<p>En outre, Benabdallah a exprim\u00e9 son souhaits \u00a0et les aspirations de diff\u00e9rents milieux, que le gouvernement, avec toutes ses composantes, soit en mesure d\u2019op\u00e9rationnaliser ces directives avec audace et d\u00e9termination. Et d\u2019ajouter dans ce m\u00eame ordre d\u2019id\u00e9es, \u00abce que nous remettons fortement en question, \u00e9tant donn\u00e9 ce que ce gouvernement a fait montre d\u2019un \u00e9norme manque de vision,\u00a0 de convergence \u00a0et de coh\u00e9sion, et d\u2019une tendance \u00e0 se laisser engloutir dans des conflits marginaux et futiles \u00e0 des fins purement \u00e9lectoralistes\u00bb.<\/p>\n<p>Le secr\u00e9taire g\u00e9n\u00e9ral du PPS a conclu sa r\u00e9action en insistant sur le fait que \u00a0\u00abl\u2019op\u00e9rationnalisation des directives contenues dans le discours royal n\u00e9cessite un champ politique rehauss\u00e9 et un gouvernement \u00e0 l\u2019\u00e9coute des pr\u00e9occupations du peuple et qui agi avant tout dans l\u2019int\u00e9r\u00eat du pays\u00bb.<\/p>\n<p>Auteur: M&rsquo;hammed rahal<br \/>\n<a href=\"http:\/\/albayane.press.ma\/nabil-benabdallah-il-faut-rehausser-le-champ-politique-et-un-gouvernement-a-lecoute-du-peuple.html\">Cliquez ici pour lire l&rsquo;article depuis sa source.<\/a><\/p>\n","protected":false},"excerpt":{"rendered":"<p>Dans une d\u00e9claration \u00e0 notre confr\u00e8re arabophone, Bayane Al Yaoume, Mohamed Nabil Benabdallah, secr\u00e9taire g\u00e9n\u00e9ral du Parti du Progr\u00e8s et du Socialisme, estime que le discours royal \u00e0 l\u2019occasion de l\u2019ouverture de la derni\u00e8re ann\u00e9e l\u00e9gislative de l\u2019actuelle l\u00e9gislature est un discours frontal et profond, car il intervient dans des circonstances difficiles et complexes, en [&hellip;]<\/p>\n","protected":false},"author":1760,"featured_media":0,"comment_status":"closed","ping_status":"closed","sticky":false,"template":"","format":"standard","meta":{"fifu_image_url":"","fifu_image_alt":"","footnotes":""},"categories":[73,54],"tags":[],"class_list":["post-101394","post","type-post","status-publish","format-standard","hentry","category-actualite","category-maroc"],"_links":{"self":[{"href":"https:\/\/linitiative.ca\/International\/wp-json\/wp\/v2\/posts\/101394","targetHints":{"allow":["GET"]}}],"collection":[{"href":"https:\/\/linitiative.ca\/International\/wp-json\/wp\/v2\/posts"}],"about":[{"href":"https:\/\/linitiative.ca\/International\/wp-json\/wp\/v2\/types\/post"}],"author":[{"embeddable":true,"href":"https:\/\/linitiative.ca\/International\/wp-json\/wp\/v2\/users\/1760"}],"replies":[{"embeddable":true,"href":"https:\/\/linitiative.ca\/International\/wp-json\/wp\/v2\/comments?post=101394"}],"version-history":[{"count":0,"href":"https:\/\/linitiative.ca\/International\/wp-json\/wp\/v2\/posts\/101394\/revisions"}],"wp:attachment":[{"href":"https:\/\/linitiative.ca\/International\/wp-json\/wp\/v2\/media?parent=101394"}],"wp:term":[{"taxonomy":"category","embeddable":true,"href":"https:\/\/linitiative.ca\/International\/wp-json\/wp\/v2\/categories?post=101394"},{"taxonomy":"post_tag","embeddable":true,"href":"https:\/\/linitiative.ca\/International\/wp-json\/wp\/v2\/tags?post=101394"}],"curies":[{"name":"wp","href":"https:\/\/api.w.org\/{rel}","templated":true}]}}