{"id":101397,"date":"2020-10-11T04:54:11","date_gmt":"2020-10-11T08:54:11","guid":{"rendered":"https:\/\/linitiative.ca\/International\/bureaux-de-fipa-tunisia-a-letranger-les-orientations-communes-a-suivre-a-lavenir\/"},"modified":"2020-10-11T04:54:11","modified_gmt":"2020-10-11T08:54:11","slug":"bureaux-de-fipa-tunisia-a-letranger-les-orientations-communes-a-suivre-a-lavenir","status":"publish","type":"post","link":"https:\/\/linitiative.ca\/International\/bureaux-de-fipa-tunisia-a-letranger-les-orientations-communes-a-suivre-a-lavenir\/","title":{"rendered":"Bureaux de FIPA-Tunisia \u00e0 l\u2019\u00e9tranger: les orientations communes \u00e0 suivre \u00e0 l\u2019avenir"},"content":{"rendered":"<h2>Une r\u00e9union de coordination et de mise au point s\u2019est d\u00e9roul\u00e9e vendredi<\/h2>\n<h2>\u00e0 distance entre le Directeur G\u00e9n\u00e9ral de FIPA-Tunisia, au niveau du si\u00e8ge<\/h2>\n<h2>\u00e0 Tunis, et les repr\u00e9sentants des bureaux \u00e0 l\u2019\u00e9tranger \u00e0 Paris (France),<\/h2>\n<h2>Cologne (Allemagne), Milan (Italie) et Madrid (Espagne).<\/h2>\n<p>Le directeur g\u00e9n\u00e9ral de FIPA-Tunisia a appr\u00e9ci\u00e9 les efforts d\u00e9ploy\u00e9s par les repr\u00e9sentants de FIPA \u00e0 l\u2019\u00e9tranger surtout avec la conjoncture actuelle d\u00e9licate li\u00e9e \u00e0 la propagation de\u00a0<a href=\"http:\/\/www.leconomistemaghrebin.com\/2020\/10\/09\/covid-19-6-gouvernorats-declinant-une-forte-propagation-de-virus\/\" target=\"_blank\" rel=\"noopener noreferrer\">la pand\u00e9mie Covid-19<\/a>. Et ce, en privil\u00e9giant davantage le travail \u00e0 distance.<\/p>\n<p class=\"td-modal-image\"><a class=\"\" href=\"https:\/\/i2.wp.com\/www.leconomistemaghrebin.com\/wp-content\/uploads\/2020\/10\/FIPA.jpg\"><img loading=\"lazy\" decoding=\"async\" class=\"alignleft size-full wp-image-352731 jetpack-lazy-image jetpack-lazy-image--handled\" src=\"https:\/\/i2.wp.com\/www.leconomistemaghrebin.com\/wp-content\/uploads\/2020\/10\/FIPA.jpg?resize=696,384\" alt=\"FIPA-Tunisia\" width=\"696\" height=\"384\" data-recalc-dims=\"1\" data-lazy-loaded=\"1\"\/><\/a><\/p>\n<p>Il a mis l\u2019accent sur les orientations communes \u00e0 suivre \u00e0 l\u2019avenir. Il s\u2019agit notamment de :<\/p>\n<ul>\n<li>R\u00e9tention des investissements et l\u2019assistance de proximit\u00e9;<\/li>\n<li>Faire recours \u00e0 des cabinets et bureaux professionnels pour le d\u00e9marchage et le contact direct;<\/li>\n<li>Intensification des actions de\u00a0<em>Lead Generation<\/em>\u00a0notamment que FIPA-Tunisia a \u00e9t\u00e9 consid\u00e9r\u00e9e par\u00a0<a href=\"https:\/\/www.banquemondiale.org\/\" target=\"_blank\" rel=\"noopener noreferrer\">la Banque Mondiale<\/a>\u00a0comme\u00a0<em>best practice<\/em>\u00a0dans le domaine de\u00a0<em>Lead Generation;<\/em><\/li>\n<li>Renforcer la communication digitale de FIPA pour promouvoir la Tunisie.<\/li>\n<\/ul>\n<p>De leur part, les repr\u00e9sentants de FIPA \u00e0 Paris, Cologne, Milan, Madrid et Londres ont successivement pr\u00e9sent\u00e9 leurs activit\u00e9s r\u00e9alis\u00e9es et les budgets y aff\u00e9rents ainsi que les actions futures programm\u00e9es. Ils ont aussi pr\u00e9sent\u00e9 des propositions d\u2019am\u00e9lioration de leurs fonctionnements. Et ce, dans un objectif majeur d\u2019attirer les investissements \u00e9trangers vers la Tunisie.<\/p>\n<p>Avant de cl\u00f4turer la r\u00e9union, le directeur g\u00e9n\u00e9ral de FIPA-Tunisia a tenu \u00e0 remercier tous les partenaires de FIPA-Tunisia. Il s\u2019agit notamment des ambassades, des consulats et les partenaires techniques et financiers. Et ce pour leur appui continu.<\/p>\n<p>M.T<\/p>\n<div class=\"wp-post-author-wrap wp-post-author-shortcode left\">\n<h3 class=\"awpa-title\"\/>\n<div class=\"wp-post-author\">\n<div class=\"awpa-img awpa-author-block square\"><a href=\"http:\/\/lexpertjournal.net\/fr\/?author=5\"><img loading=\"lazy\" decoding=\"async\" alt=\"\" src=\"http:\/\/0.gravatar.com\/avatar\/97f8e10a1c1125ba104a76514ee07b16?s=150&amp;d=mm&amp;r=g\" srcset=\"http:\/\/0.gravatar.com\/avatar\/97f8e10a1c1125ba104a76514ee07b16?s=300&amp;d=mm&amp;r=g 2x\" class=\"avatar avatar-150 photo\" height=\"150\" width=\"150\"\/><\/a><\/div>\n<\/div>\n<\/div>\n<aside class=\"mashsb-container mashsb-main mashsb-stretched\">\n<\/aside>\n<p>Auteur: L&rsquo;expert<br \/>\n<a href=\"http:\/\/lexpertjournal.net\/fr\/?p=16941\">Cliquez ici pour lire l&rsquo;article depuis sa source.<\/a><\/p>\n","protected":false},"excerpt":{"rendered":"<p>Une r\u00e9union de coordination et de mise au point s\u2019est d\u00e9roul\u00e9e vendredi \u00e0 distance entre le Directeur G\u00e9n\u00e9ral de FIPA-Tunisia, au niveau du si\u00e8ge \u00e0 Tunis, et les repr\u00e9sentants des bureaux \u00e0 l\u2019\u00e9tranger \u00e0 Paris (France), Cologne (Allemagne), Milan (Italie) et Madrid (Espagne). Le directeur g\u00e9n\u00e9ral de FIPA-Tunisia a appr\u00e9ci\u00e9 les efforts d\u00e9ploy\u00e9s par les [&hellip;]<\/p>\n","protected":false},"author":1775,"featured_media":0,"comment_status":"closed","ping_status":"closed","sticky":false,"template":"","format":"standard","meta":{"fifu_image_url":"","fifu_image_alt":"","footnotes":""},"categories":[78,55],"tags":[],"class_list":["post-101397","post","type-post","status-publish","format-standard","hentry","category-economie","category-tunisie"],"_links":{"self":[{"href":"https:\/\/linitiative.ca\/International\/wp-json\/wp\/v2\/posts\/101397","targetHints":{"allow":["GET"]}}],"collection":[{"href":"https:\/\/linitiative.ca\/International\/wp-json\/wp\/v2\/posts"}],"about":[{"href":"https:\/\/linitiative.ca\/International\/wp-json\/wp\/v2\/types\/post"}],"author":[{"embeddable":true,"href":"https:\/\/linitiative.ca\/International\/wp-json\/wp\/v2\/users\/1775"}],"replies":[{"embeddable":true,"href":"https:\/\/linitiative.ca\/International\/wp-json\/wp\/v2\/comments?post=101397"}],"version-history":[{"count":0,"href":"https:\/\/linitiative.ca\/International\/wp-json\/wp\/v2\/posts\/101397\/revisions"}],"wp:attachment":[{"href":"https:\/\/linitiative.ca\/International\/wp-json\/wp\/v2\/media?parent=101397"}],"wp:term":[{"taxonomy":"category","embeddable":true,"href":"https:\/\/linitiative.ca\/International\/wp-json\/wp\/v2\/categories?post=101397"},{"taxonomy":"post_tag","embeddable":true,"href":"https:\/\/linitiative.ca\/International\/wp-json\/wp\/v2\/tags?post=101397"}],"curies":[{"name":"wp","href":"https:\/\/api.w.org\/{rel}","templated":true}]}}