{"id":101410,"date":"2020-10-10T19:12:25","date_gmt":"2020-10-10T23:12:25","guid":{"rendered":"https:\/\/linitiative.ca\/International\/marrakech-accueille-un-premier-groupe-de-160-touristes-francais\/"},"modified":"2020-10-10T19:12:25","modified_gmt":"2020-10-10T23:12:25","slug":"marrakech-accueille-un-premier-groupe-de-160-touristes-francais","status":"publish","type":"post","link":"https:\/\/linitiative.ca\/International\/marrakech-accueille-un-premier-groupe-de-160-touristes-francais\/","title":{"rendered":"Marrakech accueille un premier groupe de 160 touristes fran\u00e7ais"},"content":{"rendered":"<div readability=\"37\">\n<p>A\u00e9roport Marrakech-Menara \u2013 Un premier groupe de touristes fran\u00e7ais est arriv\u00e9 samedi \u00e0 l\u2019a\u00e9roport international Marrakech-Menara et ce, dans le cadre des efforts du Royaume visant une relance progressive du tourisme national notamment, apr\u00e8s de longs mois de fermeture des fronti\u00e8res nationales due \u00e0 la crise sanitaire induite par la pand\u00e9mie du coronavirus.<\/p>\n<\/div>\n<div readability=\"118\">\n<p>L\u2019arriv\u00e9e sur le sol national de ce groupe compos\u00e9 de 160 touristes fran\u00e7ais \u00e0 bord d\u2019un avion de la Royal Air Maroc (RAM) rev\u00eat une grande symbolique et se veut porteur d\u2019un grand espoir pour l\u2019ensemble des professionnels du secteur ainsi que des autorit\u00e9s comp\u00e9tentes qui ambitionnent de booster cette destination des plus pris\u00e9es \u00e0 l\u2019\u00e9chelle internationale.<\/p>\n<p>Ces touristes qui seront h\u00e9berg\u00e9s dans le \u00ab\u00a0Club Med\u00a0\u00bb de la Palmeraie sont arriv\u00e9s au Maroc gr\u00e2ce \u00e0 un accord conclu entre la compagnie a\u00e9rienne nationale et le c\u00e9l\u00e8bre op\u00e9rateur touristique fran\u00e7ais.<\/p>\n<p>Cet \u00e9v\u00e9nement heureux a \u00e9t\u00e9, ainsi, c\u00e9l\u00e9br\u00e9 en grande pompe, par l\u2019organisation \u00e0 l\u2019initiative de l\u2019Office National Marocain du Tourisme (ONMT) en partenariat avec le Conseil R\u00e9gional du Tourisme (CRT) de Marrakech-Safi, d\u2019une grande c\u00e9r\u00e9monie et ce, en pr\u00e9sence d\u2019un ar\u00e9opage de responsables et d\u2019op\u00e9rateurs touristique, le temps de r\u00e9server un accueil des plus chaleureux aux premiers h\u00f4tes qui ont choisi le Maroc pour leur s\u00e9jour touristique.<\/p>\n<p>Ainsi, les touristes ont \u00e9t\u00e9 accueillis chaleureusement par une haie d\u2019honneur compos\u00e9e des responsables de l\u2019ONMT, du minist\u00e8re du Tourisme, de la RAM, de l\u2019Office National des A\u00e9roports (ONDA), du CRT de Marrakech- Safi, et de responsables de la Conf\u00e9d\u00e9ration Nationale du Tourisme (CNT).<\/p>\n<p>Dans une d\u00e9claration \u00e0 la presse \u00e0 cette occasion, le Directeur G\u00e9n\u00e9ral de l\u2019ONMT, M. Adel El Fakir, a soulign\u00e9 qu\u2019il \u00ab\u00a0\u00e9tait important pour nous, ONMT mais aussi minist\u00e8re de tutelle, la RAM, l\u2019ONDA et les professionnels du tourisme, d\u2019\u00eatre l\u00e0 pour accueillir ces touristes et montrer au monde que le Maroc est mobilis\u00e9 pour bien accueillir ses h\u00f4tes et d\u00e9ployer toutes les mesures qui s\u2019imposent, afin d\u2019assurer leur s\u00e9curit\u00e9 sanitaire et faire en sorte que leur s\u00e9jour se passe dans les meilleures conditions\u00a0\u00bb.<\/p>\n<p>Tous les op\u00e9rateurs touristiques sont aujourd\u2019hui mobilis\u00e9s pour travailler et pr\u00e9parer une relance progressive et p\u00e9renne du secteur du tourisme, a ajout\u00e9 M. El Fakir, relevant que l\u2019ONMT et l\u2019ensemble des op\u00e9rateurs touristiques ont tenu \u00e0 \u00eatre pr\u00e9sents pour f\u00eater symboliquement le retour des touristes au Maroc.<\/p>\n<p>\u00ab\u00a0Le Maroc a pris toutes les dispositions pour accueillir de nouveau ses visiteurs et ses invit\u00e9s dans des conditions sanitaires optimales\u00a0\u00bb, a-t-il ajout\u00e9 lors de cette c\u00e9r\u00e9monie grandiose.<\/p>\n<p>\u00ab\u00a0C\u2019est un moment hautement symbolique pour l\u2019ONMT, qui vient accueillir ici \u00e0 Marrakech, la cit\u00e9 touristique au rayonnement mondial, les premiers touristes qui reviennent au Maroc\u00a0\u00bb, a-t-il dit avec grande fiert\u00e9.<\/p>\n<p>Lui emboitant le pas, le pr\u00e9sident de la Conf\u00e9d\u00e9ration Nationale du Tourisme (CNT), M. Abdellatif Kabbaj, a dit toute sa satisfaction et sa grande joie de voir les touristes revenir au Maroc.<\/p>\n<p>\u00ab\u00a0C\u2019est le d\u00e9but d\u2019un d\u00e9veloppement qui va se faire assez rapidement\u00a0\u00bb, s\u2019est-il r\u00e9joui.<\/p>\n<p>Cette c\u00e9r\u00e9monie d\u2019accueil des premiers clients du Club Med de Marrakech, rentre dans le cadre du plan de relance du tourisme national, \u00e9labor\u00e9 par l\u2019ONMT.<\/p>\n<p>A rappeler que cette c\u00e9r\u00e9monie marque ainsi l\u2019une des premi\u00e8res op\u00e9rations de retour des touristes internationaux au Maroc depuis le mois de mars dernier. D\u2019autres op\u00e9rations similaires sont pr\u00e9vues prochainement.<\/p>\n<p>A noter que ces premi\u00e8res arriv\u00e9es interviennent au moment o\u00f9, de nombreux prestigieux \u00e9tablissements h\u00f4teliers et de grandes enseignes internationales au niveau de Marrakech et dans d\u2019autres villes du Royaume sont en train de rouvrir leurs portes et que plusieurs compagnies a\u00e9riennes \u00e9trang\u00e8res ont annonc\u00e9 la reprise prochaine de leurs vols vers le Royaume.<\/p>\n<\/div>\n<p>Auteur: Meriem IGASS<br \/>\n<a href=\"http:\/\/www.mapmarrakech.ma\/fr\/marrakech-accueille-un-premier-groupe-de-160-touristes-francais\/\">Cliquez ici pour lire l&rsquo;article depuis sa source.<\/a><\/p>\n","protected":false},"excerpt":{"rendered":"<p>A\u00e9roport Marrakech-Menara \u2013 Un premier groupe de touristes fran\u00e7ais est arriv\u00e9 samedi \u00e0 l\u2019a\u00e9roport international Marrakech-Menara et ce, dans le cadre des efforts du Royaume visant une relance progressive du tourisme national notamment, apr\u00e8s de longs mois de fermeture des fronti\u00e8res nationales due \u00e0 la crise sanitaire induite par la pand\u00e9mie du coronavirus. L\u2019arriv\u00e9e sur [&hellip;]<\/p>\n","protected":false},"author":1788,"featured_media":0,"comment_status":"closed","ping_status":"closed","sticky":false,"template":"","format":"standard","meta":{"fifu_image_url":"","fifu_image_alt":"","footnotes":""},"categories":[54,76],"tags":[],"class_list":["post-101410","post","type-post","status-publish","format-standard","hentry","category-maroc","category-regions"],"_links":{"self":[{"href":"https:\/\/linitiative.ca\/International\/wp-json\/wp\/v2\/posts\/101410","targetHints":{"allow":["GET"]}}],"collection":[{"href":"https:\/\/linitiative.ca\/International\/wp-json\/wp\/v2\/posts"}],"about":[{"href":"https:\/\/linitiative.ca\/International\/wp-json\/wp\/v2\/types\/post"}],"author":[{"embeddable":true,"href":"https:\/\/linitiative.ca\/International\/wp-json\/wp\/v2\/users\/1788"}],"replies":[{"embeddable":true,"href":"https:\/\/linitiative.ca\/International\/wp-json\/wp\/v2\/comments?post=101410"}],"version-history":[{"count":0,"href":"https:\/\/linitiative.ca\/International\/wp-json\/wp\/v2\/posts\/101410\/revisions"}],"wp:attachment":[{"href":"https:\/\/linitiative.ca\/International\/wp-json\/wp\/v2\/media?parent=101410"}],"wp:term":[{"taxonomy":"category","embeddable":true,"href":"https:\/\/linitiative.ca\/International\/wp-json\/wp\/v2\/categories?post=101410"},{"taxonomy":"post_tag","embeddable":true,"href":"https:\/\/linitiative.ca\/International\/wp-json\/wp\/v2\/tags?post=101410"}],"curies":[{"name":"wp","href":"https:\/\/api.w.org\/{rel}","templated":true}]}}