{"id":101413,"date":"2020-10-11T05:12:58","date_gmt":"2020-10-11T09:12:58","guid":{"rendered":"https:\/\/linitiative.ca\/International\/dimportants-financements-mobilises-pour-promouvoir-les-zones-dombre\/"},"modified":"2020-10-11T05:12:58","modified_gmt":"2020-10-11T09:12:58","slug":"dimportants-financements-mobilises-pour-promouvoir-les-zones-dombre","status":"publish","type":"post","link":"https:\/\/linitiative.ca\/International\/dimportants-financements-mobilises-pour-promouvoir-les-zones-dombre\/","title":{"rendered":"D&rsquo;importants financements mobilis\u00e9s pour promouvoir les zones d&rsquo;ombre\u00a0"},"content":{"rendered":"<div readability=\"38\">\n<p><strong>El TARF- Le conseiller du pr\u00e9sident de la R\u00e9publique charg\u00e9 des zones d&rsquo;ombre, Brahim Merad a indiqu\u00e9, samedi, \u00e0 El Tarf, que \u00ab\u00a0d&rsquo;importants financements ont \u00e9t\u00e9 consacr\u00e9s par l&rsquo;Etat dans le cadre des efforts visant la promotion des zones d&rsquo;ombre\u00a0\u00bb.<\/strong><\/p>\n<\/div>\n<div readability=\"77.805\">\n<p>D&rsquo;importants financements sont pr\u00e9vus pour booster le d\u00e9veloppement dans les zones d&rsquo;ombre recens\u00e9es \u00e0 l&rsquo;\u00e9chelle nationale et contribuer \u00e0 l&rsquo;am\u00e9lioration des conditions de vie des populations rurales et d\u00e9munies, a-t-il soutenu, en marge de la premi\u00e8re journ\u00e9e de sa visite destin\u00e9e \u00e0 s&rsquo;enqu\u00e9rir de l&rsquo;\u00e9tat de d\u00e9veloppement dans les zones d&rsquo;ombre de cette wilaya de l&rsquo;extr\u00e8me Nord-Est du pays.<\/p>\n<blockquote readability=\"16\">\n<p><em><strong>Un montant de 184 milliards de dinars sera consacr\u00e9 \u00e0 la concr\u00e9tisation de divers projets de d\u00e9veloppement local au profit de 15.000 zones d&rsquo;ombres \u00e0 l\u2019\u00e9chelle nationale, a-t-il not\u00e9 lors de sa visite, entre autres, des localit\u00e9s d\u00e9munies de Oum Hossane, Chouicha, Senhadja et Groun Aicha, relevant des communes de Hamam Beni Salah, Oued Zitoune, Bouhadjar et Ain Kerma.<\/strong><\/em><\/p>\n<\/blockquote>\n<p>Il a rappel\u00e9 que le pr\u00e9sident de la R\u00e9publique, M Abdelmadjid Tebboune accorde un int\u00e9ret particulier \u00e0 ces zones d&rsquo;ombre, en vue de garantir une vie d\u00e9cente aux habitants des zones recul\u00e9es et d\u00e9sh\u00e9rit\u00e9es.<\/p>\n<hr\/>\n<p><strong>Lire aussi<\/strong>:\u00a0<a href=\"\/proxy\/21690e7a\/http\/www.aps.dz\/algerie\/106229-l-algerie-compte-15-000-zones-d-ombre-habitees-par-8-5-millions-de-citoyens\">L&rsquo;Alg\u00e9rie compte 15 000 zones d&rsquo;ombre habit\u00e9es par 8,5 millions de citoyens<\/a><\/p>\n<hr\/>\n<p>M.Merad a, dans ce contexte, mis en exergue les efforts consentis pour la concr\u00e9tisation de la politique judicieuse adopt\u00e9e par l\u2019Etat \u00e0 travers une s\u00e9rie de visites d\u2019inspection de l&rsquo;ensemble des zones d&rsquo;ombre, lesquelles ont b\u00e9n\u00e9fici\u00e9 de divers projets de d\u00e9veloppement, appel\u00e9s \u00e0 contribuer \u00e0 l\u2019am\u00e9lioration de leurs conditions de vie.<\/p>\n<p>Faisant \u00e9tat du recensement de 185 zones d\u2019ombre \u00e0 l\u2019\u00e9chelle de la wilaya d\u2019El Tarf, le chef de l\u2019ex\u00e9cutif local,\u00a0 Harfouche Benarar, a de son c\u00f4t\u00e9 pr\u00e9cis\u00e9 que 141 d\u2019entre elles ont enregistr\u00e9 le lancement de projets de d\u00e9veloppement local garantissant l&rsquo;am\u00e9lioration de leur cadre de vie.<\/p>\n<blockquote readability=\"13\">\n<p><em><strong>Le m\u00eame responsable, qui a expos\u00e9 le programme des projets de d\u00e9veloppement, a soutenu qu\u2019une fois concr\u00e9tis\u00e9s, ces op\u00e9rations de d\u00e9veloppement ayant trait aux besoins quotidiens de la population, toucheront quelques 83.000 habitants, avec un taux de 17 % de la population de cette wilaya frontali\u00e8re.<\/strong><\/em><\/p>\n<\/blockquote>\n<p>Le conseiller du pr\u00e9sident de la R\u00e9publique poursuivra, demain dimanche, sa visite de travail et d&rsquo;inspection \u00e0 travers diverses autres localit\u00e9s rurales d\u00e9munies relevant des communes de Bougous et de Ain El Assel.<\/p>\n<\/div>\n<p>Auteur:<br \/>\n<a href=\"http:\/\/www.aps.dz\/regions\/110843-el-tarf-d-importants-financements-mobilises-pour-la-promotion-des-zones-d-ombre\">Cliquez ici pour lire l&rsquo;article depuis sa source.<\/a><\/p>\n","protected":false},"excerpt":{"rendered":"<p>El TARF- Le conseiller du pr\u00e9sident de la R\u00e9publique charg\u00e9 des zones d&rsquo;ombre, Brahim Merad a indiqu\u00e9, samedi, \u00e0 El Tarf, que \u00ab\u00a0d&rsquo;importants financements ont \u00e9t\u00e9 consacr\u00e9s par l&rsquo;Etat dans le cadre des efforts visant la promotion des zones d&rsquo;ombre\u00a0\u00bb. D&rsquo;importants financements sont pr\u00e9vus pour booster le d\u00e9veloppement dans les zones d&rsquo;ombre recens\u00e9es \u00e0 l&rsquo;\u00e9chelle [&hellip;]<\/p>\n","protected":false},"author":1790,"featured_media":0,"comment_status":"closed","ping_status":"closed","sticky":false,"template":"","format":"standard","meta":{"fifu_image_url":"","fifu_image_alt":"","footnotes":""},"categories":[53,76],"tags":[],"class_list":["post-101413","post","type-post","status-publish","format-standard","hentry","category-algerie","category-regions"],"_links":{"self":[{"href":"https:\/\/linitiative.ca\/International\/wp-json\/wp\/v2\/posts\/101413","targetHints":{"allow":["GET"]}}],"collection":[{"href":"https:\/\/linitiative.ca\/International\/wp-json\/wp\/v2\/posts"}],"about":[{"href":"https:\/\/linitiative.ca\/International\/wp-json\/wp\/v2\/types\/post"}],"author":[{"embeddable":true,"href":"https:\/\/linitiative.ca\/International\/wp-json\/wp\/v2\/users\/1790"}],"replies":[{"embeddable":true,"href":"https:\/\/linitiative.ca\/International\/wp-json\/wp\/v2\/comments?post=101413"}],"version-history":[{"count":0,"href":"https:\/\/linitiative.ca\/International\/wp-json\/wp\/v2\/posts\/101413\/revisions"}],"wp:attachment":[{"href":"https:\/\/linitiative.ca\/International\/wp-json\/wp\/v2\/media?parent=101413"}],"wp:term":[{"taxonomy":"category","embeddable":true,"href":"https:\/\/linitiative.ca\/International\/wp-json\/wp\/v2\/categories?post=101413"},{"taxonomy":"post_tag","embeddable":true,"href":"https:\/\/linitiative.ca\/International\/wp-json\/wp\/v2\/tags?post=101413"}],"curies":[{"name":"wp","href":"https:\/\/api.w.org\/{rel}","templated":true}]}}