{"id":101414,"date":"2020-10-11T06:11:59","date_gmt":"2020-10-11T10:11:59","guid":{"rendered":"https:\/\/linitiative.ca\/International\/explosion-a-el-bayadh-prise-en-charge-des-victimes-ouverture-dune-enquete\/"},"modified":"2020-10-11T06:11:59","modified_gmt":"2020-10-11T10:11:59","slug":"explosion-a-el-bayadh-prise-en-charge-des-victimes-ouverture-dune-enquete","status":"publish","type":"post","link":"https:\/\/linitiative.ca\/International\/explosion-a-el-bayadh-prise-en-charge-des-victimes-ouverture-dune-enquete\/","title":{"rendered":"Explosion \u00e0 El Bayadh: prise en charge des victimes, ouverture d&rsquo;une enqu\u00eate"},"content":{"rendered":"<div readability=\"39\">\n<p class=\"c30\"><strong>EL BAYADH &#8211; Le ministre de l&rsquo;Int\u00e9rieur, des Collectivit\u00e9s locales et de l&rsquo;Am\u00e9nagement du Territoire, Kamel Beldjoud a transmis samedi soir aux familles des victimes de l&rsquo;explosion de gaz survenue samedi apr\u00e8s-midi \u00e0 El Bayadh, les sinc\u00e8res condol\u00e9ances du Pr\u00e9sident de la R\u00e9publique M. Abdelmadjid Tebboune et celles du\u00a0 Premier ministre, Abdelaziz Djerad<\/strong><\/p>\n<\/div>\n<div readability=\"77.960263578275\">\n<p class=\"c30\">et ordonn\u00e9 la prise en charge totale des victimes et l&rsquo;ouverture \u00ab\u00a0imm\u00e9diate\u00a0\u00bb d&rsquo;une enqu\u00eate de ce douloureux accident qui a fait six morts et 16 bless\u00e9s.<\/p>\n<p class=\"c30\">Beldjoud, arriv\u00e9 peu auparavant au lieu de l&rsquo;accident en compagnie du ministre de la Sant\u00e9, de la Population et de la R\u00e9forme hospitali\u00e8re, Abderrahmane Benbouzid, du Directeur G\u00e9n\u00e9ral de la protection civile le colonel Boualem Boughlaf et le Pr\u00e9sident Directeur G\u00e9n\u00e9ral de la Sonelgaz, Chaher Boulakhras, a soulign\u00e9 que deux h\u00e9licopt\u00e8res de la protection civile proc\u00e9deront \u00ab\u00a0imm\u00e9diatement\u00a0\u00bb au transfert des bless\u00e9s dont l&rsquo;\u00e9tat est inqui\u00e9tant vers Alger ou Oran pour leur prise en charge.<\/p>\n<blockquote readability=\"10\">\n<p class=\"c30\"><em><strong>Le ministre de l&rsquo;Int\u00e9rieur a \u00e9galement indiqu\u00e9 qu&rsquo;il avait donn\u00e9 des instructions aux services de s\u00e9curit\u00e9 pour l&rsquo;ouverture \u00ab\u00a0imm\u00e9diate d&rsquo;une enqu\u00eate approfondie pour situer les causes et les responsabilit\u00e9s\u00a0\u00bb, soulignant que la justice \u00ab\u00a0suivra son cours\u00a0\u00bb. Beldjoud a ajout\u00e9 que les familles sinistr\u00e9es suite \u00e0 cet accident, \u00ab\u00a0seront prises en charge \u00e0 partir de cette nuit\u00a0\u00bb.<\/strong><\/em><\/p>\n<\/blockquote>\n<p class=\"c30\">En outre, le ministre qui s&rsquo;est rendu avec les autres membres de la d\u00e9l\u00e9gation au lieu de l&rsquo;accident et \u00e0 l&rsquo;\u00e9tablissement hospitalier Mohamed Boudiaf, a d\u00e9clar\u00e9 que la cellule de wilaya mise en place d\u00e8s la survenue de l&rsquo;accident et qui comprend un certain nombre de secteurs dont les<\/p>\n<p class=\"c30\">services techniques et ceux charg\u00e9s de d\u00e9terminer les d\u00e9g\u00e2ts, doit aboutir \u00ab\u00a0\u00e0 des r\u00e9sultats pr\u00e9cis\u00a0\u00bb et \u00ab\u00a0associer les comit\u00e9s de quartier\u00a0\u00bb.<\/p>\n<hr\/>\n<p class=\"c30\">Lire aussi:\u00a0<a href=\"\/societe\/110826-el-bayadh-5-morts-et-16-blesses-dans-l-explosion-causee-par-une-fuite-de-gaz\">El Bayadh: 5 morts et 16 bless\u00e9s dans l&rsquo;explosion caus\u00e9e par une fuite de gaz<\/a><\/p>\n<hr\/>\n<p class=\"c30\">Beldjoud, qui a rencontr\u00e9 les familles des victimes et les repr\u00e9sentants de la soci\u00e9t\u00e9 civile au si\u00e8ge de la wilaya, a annonc\u00e9 qu&rsquo;une visite \u00ab\u00a0sera programm\u00e9e tr\u00e8s prochainement \u00e0 la wilaya d&rsquo;Al Bayadh afin de s&rsquo;enqu\u00e9rir des pr\u00e9occupations des citoyens et oeuvrer \u00e0 leur trouver des solutions\u00a0\u00bb.<\/p>\n<blockquote readability=\"7\">\n<p class=\"c30\"><em><strong>Le ministre a en outre ordonn\u00e9 au wali d'\u00a0\u00bb\u00e9tablir des rapports sur les responsables qui ne sont pas \u00e0 la hauteur afin que des mesures soient prises dans ce sens conform\u00e9ment aux directives du Pr\u00e9sident de la R\u00e9publique\u00a0\u00bb.<\/strong><\/em><\/p>\n<\/blockquote>\n<p class=\"c30\">De son cot\u00e9, le\u00a0 ministre de la Sant\u00e9, de la R\u00e9forme hospitali\u00e8re, Abderrahmane Benbouzid, s&rsquo;est engag\u00e9 a examiner les revendications des habitants relatives au secteur de la sant\u00e9, particuli\u00e8rement la r\u00e9alisation d&rsquo;un complexe m\u00e8re et enfant et un service des urgences m\u00e9dico-chirurgicales.<\/p>\n<p class=\"c30\">La d\u00e9l\u00e9gation assistera dimanche \u00e0 l&rsquo;enterrement des victimes de l&rsquo;explosion de gaz.<\/p>\n<\/div>\n<p>Auteur:<br \/>\n<a href=\"http:\/\/www.aps.dz\/regions\/110848-explosion-de-gaz-a-el-bayadh-prise-en-charge-des-victimes-et-ouverture-immediate-d-une-enquete\">Cliquez ici pour lire l&rsquo;article depuis sa source.<\/a><\/p>\n","protected":false},"excerpt":{"rendered":"<p>EL BAYADH &#8211; Le ministre de l&rsquo;Int\u00e9rieur, des Collectivit\u00e9s locales et de l&rsquo;Am\u00e9nagement du Territoire, Kamel Beldjoud a transmis samedi soir aux familles des victimes de l&rsquo;explosion de gaz survenue samedi apr\u00e8s-midi \u00e0 El Bayadh, les sinc\u00e8res condol\u00e9ances du Pr\u00e9sident de la R\u00e9publique M. Abdelmadjid Tebboune et celles du\u00a0 Premier ministre, Abdelaziz Djerad et ordonn\u00e9 [&hellip;]<\/p>\n","protected":false},"author":1790,"featured_media":0,"comment_status":"closed","ping_status":"closed","sticky":false,"template":"","format":"standard","meta":{"fifu_image_url":"","fifu_image_alt":"","footnotes":""},"categories":[53,76],"tags":[],"class_list":["post-101414","post","type-post","status-publish","format-standard","hentry","category-algerie","category-regions"],"_links":{"self":[{"href":"https:\/\/linitiative.ca\/International\/wp-json\/wp\/v2\/posts\/101414","targetHints":{"allow":["GET"]}}],"collection":[{"href":"https:\/\/linitiative.ca\/International\/wp-json\/wp\/v2\/posts"}],"about":[{"href":"https:\/\/linitiative.ca\/International\/wp-json\/wp\/v2\/types\/post"}],"author":[{"embeddable":true,"href":"https:\/\/linitiative.ca\/International\/wp-json\/wp\/v2\/users\/1790"}],"replies":[{"embeddable":true,"href":"https:\/\/linitiative.ca\/International\/wp-json\/wp\/v2\/comments?post=101414"}],"version-history":[{"count":0,"href":"https:\/\/linitiative.ca\/International\/wp-json\/wp\/v2\/posts\/101414\/revisions"}],"wp:attachment":[{"href":"https:\/\/linitiative.ca\/International\/wp-json\/wp\/v2\/media?parent=101414"}],"wp:term":[{"taxonomy":"category","embeddable":true,"href":"https:\/\/linitiative.ca\/International\/wp-json\/wp\/v2\/categories?post=101414"},{"taxonomy":"post_tag","embeddable":true,"href":"https:\/\/linitiative.ca\/International\/wp-json\/wp\/v2\/tags?post=101414"}],"curies":[{"name":"wp","href":"https:\/\/api.w.org\/{rel}","templated":true}]}}