{"id":101418,"date":"2020-10-11T14:53:35","date_gmt":"2020-10-11T18:53:35","guid":{"rendered":"https:\/\/linitiative.ca\/International\/que-se-passe-t-il-a-chaabi-bank-de-bruxelles\/"},"modified":"2020-10-11T14:53:35","modified_gmt":"2020-10-11T18:53:35","slug":"que-se-passe-t-il-a-chaabi-bank-de-bruxelles","status":"publish","type":"post","link":"https:\/\/linitiative.ca\/International\/que-se-passe-t-il-a-chaabi-bank-de-bruxelles\/","title":{"rendered":"Que se passe-t-il \u00e0 Chaabi Bank de Bruxelles?"},"content":{"rendered":"<div class=\"body\">\n<div class=\"field field-name-body field-type-text-with-summary field-label-hidden\">\n<div class=\"field-items\" readability=\"9.5\">\n<div class=\"field-item even\" property=\"content:encoded\" readability=\"14\">\n<p class=\"rtejustify\">Une brigade de la police f\u00e9d\u00e9rale a effectu\u00e9 une descente dans les agences Chaabi Bank de Molenbeek-St-Jean et du Midi et d\u2019Anvers, en Belgique, mardi 6 octobre. Certains responsables ont \u00e9t\u00e9 interpell\u00e9s et des ordinateurs r\u00e9quisitionn\u00e9s. Selon nos informations, la police soup\u00e7onnerait l\u2019existence de certaines activit\u00e9s bancaires non autoris\u00e9es. Contact\u00e9e par L\u2019Economiste, une source de la Banque Populaire confirme qu\u2019un \u00ab\u00e9v\u00e9nement a bien eu lieu dans lesdites agences et que les responsables ont \u00e9t\u00e9 rapidement relax\u00e9s\u00bb. La Banque affirme ne pas d\u00e9tenir d\u2019\u00e9l\u00e9ments compl\u00e9mentaires.<br \/><em>H.E.<\/em><\/p>\n<\/div>\n<\/div>\n<\/div>\n<\/div>\n<div class=\"eco-conseil\">\n<div class=\"view view-eco-conseil-16 view-id-eco_conseil_16 view-display-id-cookies view-dom-id-fb26a1921c2c16556d43744252322c5a\">\n<div class=\"view-content\">\n<div id=\"views-bootstrap-grid-1\" class=\"views-bootstrap-grid-plugin-style\">\n<div class=\"row\">\n<div class=\" col-xs-12 col-lg-4\">\n<div class=\"row\">\n<div class=\"col col-xs-12 col-lg-12\">\n<div class=\"field-content\"><a href=\"\/article\/1068244-information-covid-la-chine-frappe-fort\"><img loading=\"lazy\" decoding=\"async\" class=\"img-responsive\" typeof=\"foaf:Image\" src=\"https:\/\/www.leconomiste.com\/sites\/default\/files\/eco7\/public\/styles\/800x400\/public\/default_images\/default_une.jpg?itok=4jZlgnIZ\" width=\"660\" height=\"330\" alt=\"\"\/><\/a><\/div>\n<\/div>\n<div class=\" title_suite_2 col col-xs-12 col-lg-12\"> <a href=\"\/article\/1068244-information-covid-la-chine-frappe-fort\"\/><span class=\"field-content\">Article 1068244<\/span><\/div>\n<\/div>\n<\/div>\n<div class=\" col-xs-12 col-lg-4\">\n<div class=\"row\">\n<div class=\"col col-xs-12 col-lg-12\">\n<div class=\"field-content\"><a href=\"\/article\/1068242-ecole-d-administration-50-sieges-pedagogiques-pour-la-rentree-2020\"><img loading=\"lazy\" decoding=\"async\" class=\"img-responsive\" typeof=\"foaf:Image\" src=\"https:\/\/www.leconomiste.com\/sites\/default\/files\/eco7\/public\/styles\/800x400\/public\/default_images\/default_une.jpg?itok=4jZlgnIZ\" width=\"660\" height=\"330\" alt=\"\"\/><\/a><\/div>\n<\/div>\n<div class=\" title_suite_2 col col-xs-12 col-lg-12\"> <a href=\"\/article\/1068242-ecole-d-administration-50-sieges-pedagogiques-pour-la-rentree-2020\"\/><span class=\"field-content\">Ecole d\u2019administration: 50 si\u00e8ges p\u00e9dagogiques pour la rentr\u00e9e 2020<\/span><\/div>\n<\/div>\n<\/div>\n<div class=\" col-xs-12 col-lg-4\">\n<div class=\"row\">\n<div class=\"col col-xs-12 col-lg-12\">\n<div class=\"field-content\"><a href=\"\/article\/1068240-sap-afrique-embauche-le-patron-de-microsoft-maroc\"><img loading=\"lazy\" decoding=\"async\" class=\"img-responsive\" typeof=\"foaf:Image\" src=\"https:\/\/www.leconomiste.com\/sites\/default\/files\/eco7\/public\/styles\/800x400\/public\/default_images\/default_une.jpg?itok=4jZlgnIZ\" width=\"660\" height=\"330\" alt=\"\"\/><\/a><\/div>\n<\/div>\n<div class=\" title_suite_2 col col-xs-12 col-lg-12\"> <a href=\"\/article\/1068240-sap-afrique-embauche-le-patron-de-microsoft-maroc\"\/><span class=\"field-content\">SAP Afrique embauche le patron de Microsoft Maroc<\/span><\/div>\n<\/div>\n<\/div>\n<\/div>\n<\/div>\n<\/div>\n<\/div>\n<\/div>\n<p>Auteur: hlafriqi<br \/>\n<a href=\"https:\/\/www.leconomiste.com\/article\/1068241-que-se-passe-t-il-chaabi-bank-de-bruxelles\">Cliquez ici pour lire l&rsquo;article depuis sa source.<\/a><\/p>\n","protected":false},"excerpt":{"rendered":"<p>Une brigade de la police f\u00e9d\u00e9rale a effectu\u00e9 une descente dans les agences Chaabi Bank de Molenbeek-St-Jean et du Midi et d\u2019Anvers, en Belgique, mardi 6 octobre. Certains responsables ont \u00e9t\u00e9 interpell\u00e9s et des ordinateurs r\u00e9quisitionn\u00e9s. Selon nos informations, la police soup\u00e7onnerait l\u2019existence de certaines activit\u00e9s bancaires non autoris\u00e9es. Contact\u00e9e par L\u2019Economiste, une source de [&hellip;]<\/p>\n","protected":false},"author":1763,"featured_media":0,"comment_status":"closed","ping_status":"closed","sticky":false,"template":"","format":"standard","meta":{"fifu_image_url":"","fifu_image_alt":"","footnotes":""},"categories":[78,54],"tags":[],"class_list":["post-101418","post","type-post","status-publish","format-standard","hentry","category-economie","category-maroc"],"_links":{"self":[{"href":"https:\/\/linitiative.ca\/International\/wp-json\/wp\/v2\/posts\/101418","targetHints":{"allow":["GET"]}}],"collection":[{"href":"https:\/\/linitiative.ca\/International\/wp-json\/wp\/v2\/posts"}],"about":[{"href":"https:\/\/linitiative.ca\/International\/wp-json\/wp\/v2\/types\/post"}],"author":[{"embeddable":true,"href":"https:\/\/linitiative.ca\/International\/wp-json\/wp\/v2\/users\/1763"}],"replies":[{"embeddable":true,"href":"https:\/\/linitiative.ca\/International\/wp-json\/wp\/v2\/comments?post=101418"}],"version-history":[{"count":0,"href":"https:\/\/linitiative.ca\/International\/wp-json\/wp\/v2\/posts\/101418\/revisions"}],"wp:attachment":[{"href":"https:\/\/linitiative.ca\/International\/wp-json\/wp\/v2\/media?parent=101418"}],"wp:term":[{"taxonomy":"category","embeddable":true,"href":"https:\/\/linitiative.ca\/International\/wp-json\/wp\/v2\/categories?post=101418"},{"taxonomy":"post_tag","embeddable":true,"href":"https:\/\/linitiative.ca\/International\/wp-json\/wp\/v2\/tags?post=101418"}],"curies":[{"name":"wp","href":"https:\/\/api.w.org\/{rel}","templated":true}]}}