{"id":101419,"date":"2020-10-11T14:53:38","date_gmt":"2020-10-11T18:53:38","guid":{"rendered":"https:\/\/linitiative.ca\/International\/ecole-dadministration-50-sieges-pedagogiques-pour-la-rentree-2020\/"},"modified":"2020-10-11T14:53:38","modified_gmt":"2020-10-11T18:53:38","slug":"ecole-dadministration-50-sieges-pedagogiques-pour-la-rentree-2020","status":"publish","type":"post","link":"https:\/\/linitiative.ca\/International\/ecole-dadministration-50-sieges-pedagogiques-pour-la-rentree-2020\/","title":{"rendered":"Ecole d\u2019administration: 50 si\u00e8ges p\u00e9dagogiques pour la rentr\u00e9e 2020"},"content":{"rendered":"<div class=\"body\">\n<div class=\"field field-name-body field-type-text-with-summary field-label-hidden\">\n<div class=\"field-items\" readability=\"7.2015915119363\">\n<div class=\"field-item even\" property=\"content:encoded\" readability=\"9.6021220159151\">\n<p class=\"rtejustify\">La date du concours d\u2019acc\u00e8s \u00e0 l\u2019Ecole nationale sup\u00e9rieure d\u2019administration (<a href=\"http:\/\/www.ensa.org.ma\" target=\"_blank\" rel=\"noopener noreferrer\">www.ensa.org.ma<\/a>)\u00a0 pour le cycle de la formation initiale au titre de la rentr\u00e9e universitaire 2020-2021 a \u00e9t\u00e9 fix\u00e9e au samedi 19 d\u00e9cembre. Le dernier d\u00e9lai pour le d\u00e9p\u00f4t des dossiers de candidature expire le 23 octobre. Le nombre de si\u00e8ges p\u00e9dagogiques a \u00e9t\u00e9 arr\u00eat\u00e9 \u00e0 50.<br \/><em>H.E.<\/em><\/p>\n<\/div>\n<\/div>\n<\/div>\n<\/div>\n<div class=\"eco-conseil\">\n<div class=\"view view-eco-conseil-16 view-id-eco_conseil_16 view-display-id-cookies view-dom-id-a13a99e71029197507e136466922fbf3\">\n<div class=\"view-content\">\n<div id=\"views-bootstrap-grid-1\" class=\"views-bootstrap-grid-plugin-style\">\n<div class=\"row\">\n<div class=\" col-xs-12 col-lg-4\">\n<div class=\"row\">\n<div class=\"col col-xs-12 col-lg-12\">\n<div class=\"field-content\"><a href=\"\/article\/1068244-information-covid-la-chine-frappe-fort\"><img loading=\"lazy\" decoding=\"async\" class=\"img-responsive\" typeof=\"foaf:Image\" src=\"https:\/\/www.leconomiste.com\/sites\/default\/files\/eco7\/public\/styles\/800x400\/public\/default_images\/default_une.jpg?itok=4jZlgnIZ\" width=\"660\" height=\"330\" alt=\"\"\/><\/a><\/div>\n<\/div>\n<div class=\" title_suite_2 col col-xs-12 col-lg-12\"> <a href=\"\/article\/1068244-information-covid-la-chine-frappe-fort\"\/><span class=\"field-content\">Article 1068244<\/span><\/div>\n<\/div>\n<\/div>\n<div class=\" col-xs-12 col-lg-4\">\n<div class=\"row\">\n<div class=\"col col-xs-12 col-lg-12\">\n<div class=\"field-content\"><a href=\"\/article\/1068241-que-se-passe-t-il-chaabi-bank-de-bruxelles\"><img loading=\"lazy\" decoding=\"async\" class=\"img-responsive\" typeof=\"foaf:Image\" src=\"https:\/\/www.leconomiste.com\/sites\/default\/files\/eco7\/public\/styles\/800x400\/public\/default_images\/default_une.jpg?itok=4jZlgnIZ\" width=\"660\" height=\"330\" alt=\"\"\/><\/a><\/div>\n<\/div>\n<div class=\" title_suite_2 col col-xs-12 col-lg-12\"> <a href=\"\/article\/1068241-que-se-passe-t-il-chaabi-bank-de-bruxelles\"\/><span class=\"field-content\">Que se passe-t-il \u00e0 Chaabi Bank de Bruxelles?<\/span><\/div>\n<\/div>\n<\/div>\n<div class=\" col-xs-12 col-lg-4\">\n<div class=\"row\">\n<div class=\"col col-xs-12 col-lg-12\">\n<div class=\"field-content\"><a href=\"\/article\/1068240-sap-afrique-embauche-le-patron-de-microsoft-maroc\"><img loading=\"lazy\" decoding=\"async\" class=\"img-responsive\" typeof=\"foaf:Image\" src=\"https:\/\/www.leconomiste.com\/sites\/default\/files\/eco7\/public\/styles\/800x400\/public\/default_images\/default_une.jpg?itok=4jZlgnIZ\" width=\"660\" height=\"330\" alt=\"\"\/><\/a><\/div>\n<\/div>\n<div class=\" title_suite_2 col col-xs-12 col-lg-12\"> <a href=\"\/article\/1068240-sap-afrique-embauche-le-patron-de-microsoft-maroc\"\/><span class=\"field-content\">SAP Afrique embauche le patron de Microsoft Maroc<\/span><\/div>\n<\/div>\n<\/div>\n<\/div>\n<\/div>\n<\/div>\n<\/div>\n<\/div>\n<p>Auteur: hlafriqi<br \/>\n<a href=\"https:\/\/www.leconomiste.com\/article\/1068242-ecole-d-administration-50-sieges-pedagogiques-pour-la-rentree-2020\">Cliquez ici pour lire l&rsquo;article depuis sa source.<\/a><\/p>\n","protected":false},"excerpt":{"rendered":"<p>La date du concours d\u2019acc\u00e8s \u00e0 l\u2019Ecole nationale sup\u00e9rieure d\u2019administration (www.ensa.org.ma)\u00a0 pour le cycle de la formation initiale au titre de la rentr\u00e9e universitaire 2020-2021 a \u00e9t\u00e9 fix\u00e9e au samedi 19 d\u00e9cembre. Le dernier d\u00e9lai pour le d\u00e9p\u00f4t des dossiers de candidature expire le 23 octobre. Le nombre de si\u00e8ges p\u00e9dagogiques a \u00e9t\u00e9 arr\u00eat\u00e9 \u00e0 [&hellip;]<\/p>\n","protected":false},"author":1763,"featured_media":0,"comment_status":"closed","ping_status":"closed","sticky":false,"template":"","format":"standard","meta":{"fifu_image_url":"","fifu_image_alt":"","footnotes":""},"categories":[78,54],"tags":[],"class_list":["post-101419","post","type-post","status-publish","format-standard","hentry","category-economie","category-maroc"],"_links":{"self":[{"href":"https:\/\/linitiative.ca\/International\/wp-json\/wp\/v2\/posts\/101419","targetHints":{"allow":["GET"]}}],"collection":[{"href":"https:\/\/linitiative.ca\/International\/wp-json\/wp\/v2\/posts"}],"about":[{"href":"https:\/\/linitiative.ca\/International\/wp-json\/wp\/v2\/types\/post"}],"author":[{"embeddable":true,"href":"https:\/\/linitiative.ca\/International\/wp-json\/wp\/v2\/users\/1763"}],"replies":[{"embeddable":true,"href":"https:\/\/linitiative.ca\/International\/wp-json\/wp\/v2\/comments?post=101419"}],"version-history":[{"count":0,"href":"https:\/\/linitiative.ca\/International\/wp-json\/wp\/v2\/posts\/101419\/revisions"}],"wp:attachment":[{"href":"https:\/\/linitiative.ca\/International\/wp-json\/wp\/v2\/media?parent=101419"}],"wp:term":[{"taxonomy":"category","embeddable":true,"href":"https:\/\/linitiative.ca\/International\/wp-json\/wp\/v2\/categories?post=101419"},{"taxonomy":"post_tag","embeddable":true,"href":"https:\/\/linitiative.ca\/International\/wp-json\/wp\/v2\/tags?post=101419"}],"curies":[{"name":"wp","href":"https:\/\/api.w.org\/{rel}","templated":true}]}}