{"id":101431,"date":"2020-10-11T15:18:16","date_gmt":"2020-10-11T19:18:16","guid":{"rendered":"https:\/\/linitiative.ca\/International\/ahmed-gasmia-journaliste-et-ecrivain-cest-lhistoire-humaine-qui-minspire\/"},"modified":"2020-10-11T15:18:16","modified_gmt":"2020-10-11T19:18:16","slug":"ahmed-gasmia-journaliste-et-ecrivain-cest-lhistoire-humaine-qui-minspire","status":"publish","type":"post","link":"https:\/\/linitiative.ca\/International\/ahmed-gasmia-journaliste-et-ecrivain-cest-lhistoire-humaine-qui-minspire\/","title":{"rendered":"Ahmed Gasmia, journaliste et \u00e9crivain    \u00abC&rsquo;est l&rsquo;histoire humaine qui m&rsquo;inspire\u00bb"},"content":{"rendered":"<p><strong>El Moudjahid : Quelles sont les sources d\u2019inspiration desquelles vous avez tir\u00e9 la trame de vos quatre romans ? S\u2019agit-il de faits r\u00e9els ou plut\u00f4t de fiction ?<\/strong><\/p>\n<p>Ahmed Gasmia : De mani\u00e8re g\u00e9n\u00e9rale, c&rsquo;est l&rsquo;histoire humaine qui m&rsquo;inspire. Et ce ne sont pas des \u00e9v\u00e8nements pr\u00e9cis qui guident mes r\u00e9cits, mais plut\u00f4t des contextes historiques que je consid\u00e8re comme int\u00e9ressants. D\u2019autre part, les romans que j&rsquo;\u00e9cris ne parlent pas de personnages ayant r\u00e9ellement exist\u00e9. Les personnages que je d\u00e9cris sont fictifs m\u00eame s\u2019ils \u00e9voluent dans des contextes historiques r\u00e9els et peuvent parfois croiser des personnages ayant exist\u00e9. Je pense surtout \u00e0 Promesse de bandit qui relate une histoire qui se d\u00e9roule \u00e0 la fin du XIXe si\u00e8cle, ou \u00e0 Complot \u00e0 Alger qui a pour d\u00e9cor Alger \u00e0 l&rsquo;\u00e9poque ottomane.<\/p>\n<p>Mon dernier roman Les Peuples du ciel repr\u00e9sente une exception puisqu&rsquo;il s&rsquo;agit d&rsquo;un roman de science-fiction dont les faits se d\u00e9roulent dans un avenir plut\u00f4t lointain. Mais l\u00e0 aussi, il y a l&rsquo;influence de l&rsquo;histoire, puisque ce roman est inspir\u00e9 de la mythologie sum\u00e9rienne.<\/p>\n<p>Je pr\u00e9f\u00e8re la fiction aux faits r\u00e9els et les personnages fictifs aux personnages historiques. Cela me donne plus de libert\u00e9 et me permet de laisser libre cours \u00e0 mon imagination.\u00a0<\/p>\n<p><strong>Avez-vous des projets d\u2019autres romans? Quel est le th\u00e8me qui vous int\u00e9resse le plus pour \u00eatre abord\u00e9 \u00e0 l\u2019avenir ?<\/strong><\/p>\n<p>Je suis en ce moment m\u00eame en train d&rsquo;\u00e9crire un roman qui a pour cadre le nord de l\u2019Alg\u00e9rie \u00e0 l\u2019\u00e9poque romaine. C\u2019est un roman que je devais commencer il y a un peu plus d\u2019une ann\u00e9e, mais au moment o\u00f9 je faisais des recherches au sujet de l\u2019\u00e9poque au cours de laquelle devait se d\u00e9rouler mon histoire, une autre id\u00e9e m\u2019est venue \u00e0 l\u2019esprit, celle d\u2019un roman de science-fiction. J\u2019ai interrompu mes recherches et je me suis lanc\u00e9 dans l\u2019\u00e9criture du roman Les peuples du ciel. J\u2019ai fait ce choix car, en ce qui concerne ce r\u00e9cit de science-fiction, tout s\u2019est pass\u00e9 tr\u00e8s vite dans mon esprit puisque j\u2019avais imagin\u00e9 une grande partie de cette histoire en une nuit. Maintenant que ce roman est sur le march\u00e9, j\u2019ai commenc\u00e9 \u00e0 \u00e9crire celui que je devais entamer l\u2019ann\u00e9e derni\u00e8re.\u00a0<\/p>\n<p><strong>Avez-vous un feed-back de la part du lectorat d\u2019\u0153uvres \u00e9crites dans la langue fran\u00e7aise et comment \u00e9valuez-vous la r\u00e9action du public vis-\u00e0-vis de vos romans ?<\/strong><\/p>\n<p>Jusqu\u2019ici cela se passe plut\u00f4t bien. M\u00eame si je consid\u00e8re que j\u2019ai encore beaucoup de choses \u00e0 faire pour atteindre les objectifs que je me suis assign\u00e9s. Je suis quand m\u00eame satisfait du fait que certains lecteurs s\u2019int\u00e9ressent \u00e0 mes romans car ils les consid\u00e8rent comme diff\u00e9rents. Une partie d\u2019entre eux appr\u00e9cie le fait qu\u2019un auteur alg\u00e9rien \u00e9crive un roman de science-fiction. Mon premier roman, Complot \u00e0 Alger \u00e9tait, en fait, dans la cat\u00e9gorie de la fiction fantastique, ce qui n\u2019est pas non plus fr\u00e9quent chez nous.\u00a0<\/p>\n<p>Quel est votre quotidien \u00e0 l\u2019\u00e8re de la Covid ? Y a-t-il des \u00e9changes entre \u00e9crivains ?\u00a0<\/p>\n<p>J\u2019\u00e9cris et je fais du sport \u00e0 domicile presque quotidiennement. Comme je l\u2019ai mentionn\u00e9, je suis sur un nouveau roman, et cet \u00e9t\u00e9 j\u2019ai eu du temps libre car j\u2019ai quitt\u00e9 le site d\u2019information dans lequel je travaillais. En attendant de commencer ailleurs, j\u2019ai d\u00e9cid\u00e9 de profiter de mon temps libre pour avancer dans la r\u00e9daction du roman. Le sport est aussi bon pour le moral que pour le physique.<\/p>\n<p>Je n\u2019ai pas d\u2019\u00e9changes avec des \u00e9crivains mais plut\u00f4t avec des amis journalistes, \u00e9tant moi-m\u00eame du m\u00e9tier.\u00a0<\/p>\n<p>A. M.<\/p>\n<p>Auteur: elmoudjahid<br \/>\n<a href=\"http:\/\/www.elmoudjahid.com\/fr\/actualites\/160595\">Cliquez ici pour lire l&rsquo;article depuis sa source.<\/a><\/p>\n","protected":false},"excerpt":{"rendered":"<p>El Moudjahid : Quelles sont les sources d\u2019inspiration desquelles vous avez tir\u00e9 la trame de vos quatre romans ? S\u2019agit-il de faits r\u00e9els ou plut\u00f4t de fiction ? Ahmed Gasmia : De mani\u00e8re g\u00e9n\u00e9rale, c&rsquo;est l&rsquo;histoire humaine qui m&rsquo;inspire. Et ce ne sont pas des \u00e9v\u00e8nements pr\u00e9cis qui guident mes r\u00e9cits, mais plut\u00f4t des contextes [&hellip;]<\/p>\n","protected":false},"author":1744,"featured_media":0,"comment_status":"closed","ping_status":"closed","sticky":false,"template":"","format":"standard","meta":{"fifu_image_url":"","fifu_image_alt":"","footnotes":""},"categories":[73,53],"tags":[],"class_list":["post-101431","post","type-post","status-publish","format-standard","hentry","category-actualite","category-algerie"],"_links":{"self":[{"href":"https:\/\/linitiative.ca\/International\/wp-json\/wp\/v2\/posts\/101431","targetHints":{"allow":["GET"]}}],"collection":[{"href":"https:\/\/linitiative.ca\/International\/wp-json\/wp\/v2\/posts"}],"about":[{"href":"https:\/\/linitiative.ca\/International\/wp-json\/wp\/v2\/types\/post"}],"author":[{"embeddable":true,"href":"https:\/\/linitiative.ca\/International\/wp-json\/wp\/v2\/users\/1744"}],"replies":[{"embeddable":true,"href":"https:\/\/linitiative.ca\/International\/wp-json\/wp\/v2\/comments?post=101431"}],"version-history":[{"count":0,"href":"https:\/\/linitiative.ca\/International\/wp-json\/wp\/v2\/posts\/101431\/revisions"}],"wp:attachment":[{"href":"https:\/\/linitiative.ca\/International\/wp-json\/wp\/v2\/media?parent=101431"}],"wp:term":[{"taxonomy":"category","embeddable":true,"href":"https:\/\/linitiative.ca\/International\/wp-json\/wp\/v2\/categories?post=101431"},{"taxonomy":"post_tag","embeddable":true,"href":"https:\/\/linitiative.ca\/International\/wp-json\/wp\/v2\/tags?post=101431"}],"curies":[{"name":"wp","href":"https:\/\/api.w.org\/{rel}","templated":true}]}}