{"id":101433,"date":"2020-10-11T12:17:02","date_gmt":"2020-10-11T16:17:02","guid":{"rendered":"https:\/\/linitiative.ca\/International\/110868-suspension-de-la-fab-mise-en-place-d-un-directoire-compose-de-3-membres\/"},"modified":"2020-10-11T12:17:02","modified_gmt":"2020-10-11T16:17:02","slug":"110868-suspension-de-la-fab-mise-en-place-d-un-directoire-compose-de-3-membres","status":"publish","type":"post","link":"https:\/\/linitiative.ca\/International\/110868-suspension-de-la-fab-mise-en-place-d-un-directoire-compose-de-3-membres\/","title":{"rendered":"Suspension de la FAB: mise en place d&rsquo;un directoire compos\u00e9 de 3 membres"},"content":{"rendered":"<div readability=\"36\">\n<p><strong>ALGER &#8211; Un directoire compos\u00e9 de trois membres sera mis en place suite \u00e0 la suspension du pr\u00e9sident de la F\u00e9d\u00e9ration alg\u00e9rienne de boxe (FAB), Abdelmadjid Nehassia ainsi que son bureau f\u00e9d\u00e9ral par le minist\u00e8re de la Jeunesse et des Sports (MJS), a appris dimanche l&rsquo;APS du MJS.<\/strong><\/p>\n<\/div>\n<div readability=\"83.167906482465\">\n<p>\u00ab\u00a0Le pr\u00e9sident Abdelmadjid Nehassia et son bureau f\u00e9d\u00e9ral ont \u00e9t\u00e9 suspendus pour avoir pris en otage la f\u00e9d\u00e9ration. Il n&rsquo;y a pas d&rsquo;autre solution. Un directoire compos\u00e9 de trois membres sera mis en place pour pr\u00e9parer l&rsquo;AG ordinaire qui n&rsquo;avait pu se tenir la fois pass\u00e9e ainsi que l&rsquo;assembl\u00e9e \u00e9lective (AGE)\u00a0\u00bb, a pr\u00e9cis\u00e9 la m\u00eame source.<\/p>\n<p>Lors de l&rsquo;assembl\u00e9e g\u00e9n\u00e9rale ordinaire (AGO) organis\u00e9e le 24 septembre \u00e0 Alger, les membres du bureau f\u00e9d\u00e9ral de la FAB avaient exig\u00e9 la d\u00e9mission d&rsquo;Abdelmadjid Nehassia du poste de pr\u00e9sident, en lui reprochant une \u00ab\u00a0mauvaise gestion\u00a0\u00bb.<\/p>\n<p>S&rsquo;appuyant sur les statuts de la FAB, Nehassia avait conditionn\u00e9 son d\u00e9part par la d\u00e9mission de tous les membres du bureau ex\u00e9cutif, ce qu&rsquo;ils ont refus\u00e9 et l&rsquo;assembl\u00e9e g\u00e9n\u00e9rale a \u00e9t\u00e9 finalement report\u00e9e \u00e0 une date ult\u00e9rieure dans une ambiance \u00e9lectrique.<\/p>\n<p>Selon l&rsquo;article 217 de la loi 13-05 relative \u00e0 l&rsquo;organisation et au d\u00e9veloppement des activit\u00e9s physiques et sportives, \u00ab\u00a0en cas de dysfonctionnement grave, de non-respect de la l\u00e9gislation et de la r\u00e9glementation en mati\u00e8re contractuelle, de gestion et de contr\u00f4le de l&rsquo;utilisation des aides et subventions publiques (&#8230;), le minist\u00e8re charg\u00e9 des sports peut prononcer des mesures disciplinaires et\/ou conservatoires dont, entres autres, la mise en place de proc\u00e9dures de gestion particuli\u00e8res et temporaires en vue d&rsquo;assurer la continuit\u00e9 des activit\u00e9s de la f\u00e9d\u00e9ration sportive nationale\u00a0\u00bb.<\/p>\n<hr\/>\n<h3>Lire aussi:\u00a0<a href=\"http:\/\/www.aps.dz\/sport\/108927-boxe-best-awards-2020-benchabla-et-romaissa-meilleurs-athletes-de-l-annee\" target=\"_blank\" rel=\"noopener noreferrer\">Boxe\/Best Awards-2020: Benchabla et Roma\u00efssa meilleurs athl\u00e8tes de l&rsquo;ann\u00e9e<\/a><\/h3>\n<hr\/>\n<p>Pour rappel, 42 membres de l&rsquo;assembl\u00e9e g\u00e9n\u00e9rale de la FAB avaient sollicit\u00e9 le MJS pour l&rsquo;organisation d&rsquo;une Assembl\u00e9e g\u00e9n\u00e9rale extraordinaire, avec un seul point \u00e0 l&rsquo;ordre du jour, \u00e0 savoir le retrait de confiance au pr\u00e9sident Nehassia.<\/p>\n<blockquote readability=\"12\">\n<p><em><strong>\u00ab\u00a0Depuis le 7 mai 2019, date du retour de Nehassia aux commandes de la FAB apr\u00e8s avoir \u00e9t\u00e9 suspendu par le minist\u00e8re de la Jeunesse et des Sports, notre f\u00e9d\u00e9ration est g\u00e9r\u00e9e d&rsquo;une mani\u00e8re unilat\u00e9rale et aucune d\u00e9cision n&rsquo;a \u00e9t\u00e9 prise en concertation avec les membres du bureau f\u00e9d\u00e9ral\u00a0\u00bb, avait expliqu\u00e9 \u00e0 l&rsquo;APS Lyes Latreche, porte-parole de la FAB.<\/strong><\/em><\/p>\n<\/blockquote>\n<p>Elu le 4 mars 2017 \u00e0 la t\u00eate de la FAB pour le mandat olympique 2017-2020 en remplacement de Nabil Sadi, Nehassia avait \u00e9t\u00e9 d&rsquo;abord suspendu par le MJS pour \u00ab\u00a0mauvaise gestion\u00a0\u00bb avant d&rsquo;\u00eatre d\u00e9chu de son poste par les membres de l&rsquo;Assembl\u00e9e g\u00e9n\u00e9rale, r\u00e9unis en session extraordinaire le 15 juillet 2017 et une assembl\u00e9e \u00e9lective avait \u00e9t\u00e9 organis\u00e9e le 1er ao\u00fbt de la m\u00eame ann\u00e9e, portant Abdeslam Draa \u00e0 la t\u00eate de la FAB.<\/p>\n<p>Mais suite au verdict du Tribunal alg\u00e9rien de r\u00e8glement des litiges sportifs (TARLS), Nehassia a \u00e9t\u00e9, le 7 mai 2019, r\u00e9tabli dans ses droits en tant que pr\u00e9sident \u00ab\u00a0l\u00e9gitime\u00a0\u00bb de l&rsquo;instance f\u00e9d\u00e9rale.<\/p>\n<\/div>\n<p>Auteur:<br \/>\n<a href=\"http:\/\/www.aps.dz\/sport\/110868-suspension-de-la-fab-mise-en-place-d-un-directoire-compose-de-3-membres?utm_source=feedburner&#038;utm_medium=feed&#038;utm_campaign=Feed%3A+aps-sport+%28APS+-+SPORT%29\">Cliquez ici pour lire l&rsquo;article depuis sa source.<\/a><\/p>\n","protected":false},"excerpt":{"rendered":"<p>ALGER &#8211; Un directoire compos\u00e9 de trois membres sera mis en place suite \u00e0 la suspension du pr\u00e9sident de la F\u00e9d\u00e9ration alg\u00e9rienne de boxe (FAB), Abdelmadjid Nehassia ainsi que son bureau f\u00e9d\u00e9ral par le minist\u00e8re de la Jeunesse et des Sports (MJS), a appris dimanche l&rsquo;APS du MJS. \u00ab\u00a0Le pr\u00e9sident Abdelmadjid Nehassia et son bureau [&hellip;]<\/p>\n","protected":false},"author":1790,"featured_media":0,"comment_status":"closed","ping_status":"closed","sticky":false,"template":"","format":"standard","meta":{"fifu_image_url":"","fifu_image_alt":"","footnotes":""},"categories":[53,75],"tags":[],"class_list":["post-101433","post","type-post","status-publish","format-standard","hentry","category-algerie","category-sport"],"_links":{"self":[{"href":"https:\/\/linitiative.ca\/International\/wp-json\/wp\/v2\/posts\/101433","targetHints":{"allow":["GET"]}}],"collection":[{"href":"https:\/\/linitiative.ca\/International\/wp-json\/wp\/v2\/posts"}],"about":[{"href":"https:\/\/linitiative.ca\/International\/wp-json\/wp\/v2\/types\/post"}],"author":[{"embeddable":true,"href":"https:\/\/linitiative.ca\/International\/wp-json\/wp\/v2\/users\/1790"}],"replies":[{"embeddable":true,"href":"https:\/\/linitiative.ca\/International\/wp-json\/wp\/v2\/comments?post=101433"}],"version-history":[{"count":0,"href":"https:\/\/linitiative.ca\/International\/wp-json\/wp\/v2\/posts\/101433\/revisions"}],"wp:attachment":[{"href":"https:\/\/linitiative.ca\/International\/wp-json\/wp\/v2\/media?parent=101433"}],"wp:term":[{"taxonomy":"category","embeddable":true,"href":"https:\/\/linitiative.ca\/International\/wp-json\/wp\/v2\/categories?post=101433"},{"taxonomy":"post_tag","embeddable":true,"href":"https:\/\/linitiative.ca\/International\/wp-json\/wp\/v2\/tags?post=101433"}],"curies":[{"name":"wp","href":"https:\/\/api.w.org\/{rel}","templated":true}]}}