{"id":101437,"date":"2020-10-11T11:05:00","date_gmt":"2020-10-11T15:05:00","guid":{"rendered":"https:\/\/linitiative.ca\/International\/explosion-de-gaz-a-el-bayadh-5-morts-et-16-blesses-dernier-bilan\/"},"modified":"2020-10-11T11:05:00","modified_gmt":"2020-10-11T15:05:00","slug":"explosion-de-gaz-a-el-bayadh-5-morts-et-16-blesses-dernier-bilan","status":"publish","type":"post","link":"https:\/\/linitiative.ca\/International\/explosion-de-gaz-a-el-bayadh-5-morts-et-16-blesses-dernier-bilan\/","title":{"rendered":"EXPLOSION DE GAZ A EL-BAYADH : 5 morts et 16 bless\u00e9s,  dernier bilan"},"content":{"rendered":"<p><br id=\"sep_para_1\" class=\"sep_para access\"\/><\/p>\n<div id=\"para_1\" class=\"para_38965539 resize\">\n<div class=\"texte access firstletter\">L\u2019explosion caus\u00e9e par une fuite de gaz survenue samedi apr\u00e8s-midi \u00e0 El Bayadh a fait cinq morts et 16 bless\u00e9s, selon le dernier\u00a0 bilan des services de wilaya de la protection civile. L&rsquo;accident tragique caus\u00e9 par une fuite de gaz \u00e0 hai \u00ab\u00a0Etrig Rogassa\u00a0\u00bb, au chef-lieu de wilaya d\u2019El Bayadh, a fait cinq morts dont les corps ont \u00e9t\u00e9 d\u00e9pos\u00e9s \u00e0 la morgue de l\u2019\u00e9tablissement public hospitalier Mohamed Boudiaf d\u2019El Bayadh et 16 bless\u00e9s transf\u00e9r\u00e9s aux urgences m\u00e9dicales de cet h\u00f4pital. Dans un premier bilan les autorit\u00e9s locales ont fait \u00e9tat de quatre morts et dix bless\u00e9s dans l&rsquo;explosion de gaz\u00a0 et la destruction d&rsquo;une maison.\u00a0 Suite \u00e0 l&rsquo;accident tragique, le pr\u00e9sident de la R\u00e9publique, M. Abdelmadjid Tebboune, a pr\u00e9sent\u00e9 les condol\u00e9ances \u00ab\u00a0les plus sinc\u00e8res et les plus attrist\u00e9es aux familles des victimes, priant Allah le Tout-Puissant d\u2019accorder \u00e0 leurs \u00e2mes Sa Sainte Mis\u00e9ricorde et aux bless\u00e9s prompt r\u00e9tablissement\u00a0\u00bb, lit-on dans le message communiqu\u00e9 par la pr\u00e9sidence de la R\u00e9publique. Le Pr\u00e9sident de la R\u00e9publique a d\u00e9p\u00each\u00e9, suite \u00e0 cet accident et \u00ab\u00a0en toute urgence\u00a0\u00bb, les ministres de l\u2019Int\u00e9rieur, des Collectivit\u00e9s locales et de l\u2019Am\u00e9nagement du territoire, de la Sant\u00e9, de la Population et de la R\u00e9forme hospitali\u00e8re et de l&rsquo;Energie \u00e0 l\u2019effet de \u00ab\u00a0s&rsquo;enqu\u00e9rir des incidences de cet accident tragique et de prendre toutes les mesures indispensables \u00e0 la prise en charge des sinistr\u00e9s.\u00a0\u00bb Le pr\u00e9sident de la R\u00e9publique a \u00e9galement ordonn\u00e9 au ministre de l\u2019Int\u00e9rieur, \u00ab\u00a0l\u2019ouverture d\u2019une enqu\u00eate approfondie pour d\u00e9terminer les tenants et aboutissants de l&rsquo;incident et d\u00e9finir les responsabilit\u00e9s\u00a0\u00bb, a-t-on indiqu\u00e9 de m\u00eame source.\u00a0<\/div>\n<\/div>\n<p>Auteur: Nadine<br \/>\n<a href=\"https:\/\/www.reflexiondz.net\/EXPLOSION-DE-GAZ-A-EL-BAYADH-5-morts-et-16-blesses-dernier-bilan_a65715.html\">Cliquez ici pour lire l&rsquo;article depuis sa source.<\/a><\/p>\n","protected":false},"excerpt":{"rendered":"<p>L\u2019explosion caus\u00e9e par une fuite de gaz survenue samedi apr\u00e8s-midi \u00e0 El Bayadh a fait cinq morts et 16 bless\u00e9s, selon le dernier\u00a0 bilan des services de wilaya de la protection civile. L&rsquo;accident tragique caus\u00e9 par une fuite de gaz \u00e0 hai \u00ab\u00a0Etrig Rogassa\u00a0\u00bb, au chef-lieu de wilaya d\u2019El Bayadh, a fait cinq morts dont [&hellip;]<\/p>\n","protected":false},"author":1740,"featured_media":0,"comment_status":"closed","ping_status":"closed","sticky":false,"template":"","format":"standard","meta":{"fifu_image_url":"","fifu_image_alt":"","footnotes":""},"categories":[53,76],"tags":[],"class_list":["post-101437","post","type-post","status-publish","format-standard","hentry","category-algerie","category-regions"],"_links":{"self":[{"href":"https:\/\/linitiative.ca\/International\/wp-json\/wp\/v2\/posts\/101437","targetHints":{"allow":["GET"]}}],"collection":[{"href":"https:\/\/linitiative.ca\/International\/wp-json\/wp\/v2\/posts"}],"about":[{"href":"https:\/\/linitiative.ca\/International\/wp-json\/wp\/v2\/types\/post"}],"author":[{"embeddable":true,"href":"https:\/\/linitiative.ca\/International\/wp-json\/wp\/v2\/users\/1740"}],"replies":[{"embeddable":true,"href":"https:\/\/linitiative.ca\/International\/wp-json\/wp\/v2\/comments?post=101437"}],"version-history":[{"count":0,"href":"https:\/\/linitiative.ca\/International\/wp-json\/wp\/v2\/posts\/101437\/revisions"}],"wp:attachment":[{"href":"https:\/\/linitiative.ca\/International\/wp-json\/wp\/v2\/media?parent=101437"}],"wp:term":[{"taxonomy":"category","embeddable":true,"href":"https:\/\/linitiative.ca\/International\/wp-json\/wp\/v2\/categories?post=101437"},{"taxonomy":"post_tag","embeddable":true,"href":"https:\/\/linitiative.ca\/International\/wp-json\/wp\/v2\/tags?post=101437"}],"curies":[{"name":"wp","href":"https:\/\/api.w.org\/{rel}","templated":true}]}}