{"id":101443,"date":"2020-10-11T05:30:00","date_gmt":"2020-10-11T09:30:00","guid":{"rendered":"https:\/\/linitiative.ca\/International\/riadh-zghal-la-democratie-peut-elle-servir-de-levier-pour-une-sortie-de-crise-nationale\/"},"modified":"2020-10-11T05:30:00","modified_gmt":"2020-10-11T09:30:00","slug":"riadh-zghal-la-democratie-peut-elle-servir-de-levier-pour-une-sortie-de-crise-nationale","status":"publish","type":"post","link":"https:\/\/linitiative.ca\/International\/riadh-zghal-la-democratie-peut-elle-servir-de-levier-pour-une-sortie-de-crise-nationale\/","title":{"rendered":"Riadh Zghal: La d\u00e9mocratie peut-elle servir de levier pour une sortie de crise nationale?"},"content":{"rendered":"<p>Par Riadh Zghal &#8211; Oui, si on s\u2019appuie sur les principes fondamentaux de la d\u00e9mocratie qui ne se r\u00e9duisent pas \u00e0 des scrutins et des sondages d\u2019opinion. La d\u00e9mocratie ne se r\u00e9sume pas \u00e0 \u00abvox populi vox dei\u00bb ni au slogan creux de \u00able peuple veut\u00bb comme si le peuple \u00e9tait une entit\u00e9 homog\u00e8ne sans diversit\u00e9 d\u2019opinion et sans conflits d\u2019int\u00e9r\u00eats.<\/p>\n<p>u\u2019il s\u2019agisse de libert\u00e9 d\u2019expression, de libert\u00e9 d\u2019initiative, de participation aux d\u00e9cisions qui touchent l\u2019int\u00e9r\u00eat commun \u00e0 une localit\u00e9, une r\u00e9gion ou l\u2019ensemble de la nation, c\u2019est de d\u00e9mocratie qu\u2019il s\u2019agit. Ceci est connu, seulement ce que l\u2019on consid\u00e8re moins quand on parle de d\u00e9mocratie, c\u2019est la responsabilit\u00e9 qui va avec les libert\u00e9s. Toute la question qui se pose aujourd\u2019hui \u00e0 notre pays, c\u2019est la tendance \u00e0 continuer \u00e0 raisonner comme si l\u2019Etat \u00e9tait encore totalitaire, dirig\u00e9 par un chef de tous les pouvoirs et de toutes les responsabilit\u00e9s. Le corollaire d\u2019une telle attitude est la d\u00e9responsabilisation et la victimisation. Or si l\u2019on vise un changement et la sortie de cette grave crise o\u00f9 s\u2019enlise notre pays, il va falloir mobiliser toutes les \u00e9nergies constructives et toutes les ressources dont on dispose, en plus de lever tous les obstacles qui freinent l\u2019exploitation de ces ressources et particuli\u00e8rement celles humaines. De ces ressources aucune localit\u00e9, aucune r\u00e9gion n\u2019est d\u00e9pourvue si on y regarde de pr\u00e8s, sans pr\u00e9jug\u00e9, sans sous-estimation et sans m\u00e9pris. En revanche, scruter les ressources humaines et mat\u00e9rielles ne suffit pas, encore faut-il scruter les obstacles moraux et mat\u00e9riels qui emp\u00eachent de s\u2019en servir.<\/p>\n<p>Si l\u2019on consid\u00e8re les r\u00e9gions \u00e0 dominante rurale et \u00e9conomiquement d\u00e9favoris\u00e9es, les quartiers p\u00e9riph\u00e9riques des grandes villes, que faut-il mobiliser pour stimuler une dynamique \u00e9conomique et sociale, cr\u00e9er de la richesse et \u00e9radiquer la pauvret\u00e9 ?<\/p>\n<p>Nous consid\u00e9rons qu\u2019il faut d\u2019abord mobiliser les citoyens concern\u00e9s et leurs structures, car r\u00e9soudre des probl\u00e8mes complexes n\u00e9cessite des solutions complexes et en harmonie avec un contexte particulier pour que \u00e7a marche. Cette harmonie a des chances de se r\u00e9aliser lorsque les citoyens concern\u00e9s, en tant que partie du contexte, contribuent \u00e0 trouver les solutions en mobilisant leurs savoirs et leur cr\u00e9ativit\u00e9. Pour cela, il faut qu\u2019ils consid\u00e8rent que les probl\u00e8mes tels que pos\u00e9s sont vraiment les leurs. Par exemple, la production de phosphate sans protection de l\u2019environnement ni cr\u00e9ation d\u2019emplois ne suscite pas forc\u00e9ment l\u2019adh\u00e9sion des habitants de M\u2019dhilla mais plut\u00f4t la r\u00e9volte. Si l\u2019on pose autrement la question, en associant par exemple la production de phosphate \u00e0 la cr\u00e9ation d\u2019entreprises structurantes en partenariat public-priv\u00e9 dans le domaine agricole, le tourisme, l\u2019encouragement \u00e0 la cr\u00e9ation au moyen du financement et de l\u2019accompagnement de porteurs de projets renfor\u00e7ant la ma\u00eetrise de la cha\u00eene de valeur d\u2019une activit\u00e9 artisanale\u2026 cela devient plus audible pour les citoyens.\u00a0 C\u2019est \u00e0 cette condition qu\u2019ils s\u2019approprient les solutions aux probl\u00e8mes et contribuent par la suite \u00e0 leur adaptation si n\u00e9cessaire. Ainsi se construit la responsabilisation, la coop\u00e9ration et le d\u00e9veloppement gr\u00e2ce \u00e0 l\u2019intelligence collective.<\/p>\n<p>Reste la question de savoir comment amener les citoyens \u00e0 contribuer \u00e0 la solution de leurs probl\u00e8mes, \u00e0 d\u00e9passer leurs divergences et leurs adversit\u00e9s et \u00e0 privil\u00e9gier l\u2019int\u00e9r\u00eat commun. Ici on touche une dimension culturelle d\u2019attitudes : comment se repr\u00e9senter l\u2019autre, en quoi r\u00e9side l\u2019int\u00e9r\u00eat commun ? Les attitudes dominantes aujourd\u2019hui ne sont pas celles qui soutiennent la d\u00e9mocratie. Il faudra les changer et pour cela, il y a besoin de p\u00e9dagogie. C\u2019est ce qui a manqu\u00e9 au changement de r\u00e9gime politique. Malheureusement, les partis se sont embourb\u00e9s dans des querelles id\u00e9ologiques et de position dans les arcanes du pouvoir. Ils ont peu fait pour favoriser des valeurs et des comportements d\u00e9mocratiques. La population a \u00e9t\u00e9 laiss\u00e9e pour compte et les solutions aux probl\u00e8mes de fond attendent encore depuis pr\u00e8s de dix ans. Entretemps, la crise \u00e9conomique et sociale ne cesse de s\u2019aggraver. Dans de pr\u00e9c\u00e9dentes chroniques, nous avions \u00e9voqu\u00e9 la n\u00e9cessit\u00e9 de r\u00e9inventer la d\u00e9mocratie car, avant d\u2019\u00eatre un syst\u00e8me politique, elle r\u00e9side en des modes de comportement aussi bien ceux des citoyens que ceux des gouvernants. Les deux n\u00e9cessitent des changements dont la colonne vert\u00e9brale devrait consister en un sens partag\u00e9 de l\u2019int\u00e9r\u00eat g\u00e9n\u00e9ral et une \u00e9thique de gouvernance, le tout adoss\u00e9 \u00e0 la prise en compte des particularit\u00e9s des contextes locaux et r\u00e9gionaux afin d\u2019en mobiliser les ressources humaines et mat\u00e9rielles. Pour sortir de la crise, on a autant besoin de comp\u00e9tences av\u00e9r\u00e9es au sommet pour poser les vraies questions, proposer des choix strat\u00e9giques globaux que des savoirs locaux et de l\u2019adh\u00e9sion des acteurs sociaux participants et coresponsables de la r\u00e9alisation des objectifs \u00e9tablis.<\/p>\n<p>Les contextes ont \u00e9t\u00e9 diagnostiqu\u00e9s mille et une fois. On a accumul\u00e9 tant d\u2019\u00e9tudes dans les divers minist\u00e8res et organismes publics et priv\u00e9s. Il est temps aujourd\u2019hui de passer m\u00e9thodiquement \u00e0 l\u2019action en associant d\u00e9mocratie et choix de d\u00e9veloppement. Il est \u00e9vident que ce n\u2019est pas l\u00e0 une question d\u2019ordre \u00e9conomique ou politique uniquement, c\u2019est tout cela \u00e0 la fois en plus de la question culturelle. Et la culture n\u2019est pas une fatalit\u00e9, elle se pr\u00eate au changement comme tout ph\u00e9nom\u00e8ne humain \u00e0 condition de s\u2019y prendre avec m\u00e9thode.<\/p>\n<p class=\"c2\"><strong>Riadh Zghal<\/strong><\/p>\n<p>Auteur:<br \/>\n<a href=\"https:\/\/www.leaders.com.tn\/article\/30719-riadh-zghal-la-democratie-peut-elle-servir-de-levier-pour-une-sortie-de-crise-nationale\">Cliquez ici pour lire l&rsquo;article depuis sa source.<\/a><\/p>\n","protected":false},"excerpt":{"rendered":"<p>Par Riadh Zghal &#8211; Oui, si on s\u2019appuie sur les principes fondamentaux de la d\u00e9mocratie qui ne se r\u00e9duisent pas \u00e0 des scrutins et des sondages d\u2019opinion. La d\u00e9mocratie ne se r\u00e9sume pas \u00e0 \u00abvox populi vox dei\u00bb ni au slogan creux de \u00able peuple veut\u00bb comme si le peuple \u00e9tait une entit\u00e9 homog\u00e8ne sans [&hellip;]<\/p>\n","protected":false},"author":1772,"featured_media":0,"comment_status":"closed","ping_status":"closed","sticky":false,"template":"","format":"standard","meta":{"fifu_image_url":"","fifu_image_alt":"","footnotes":""},"categories":[73,55],"tags":[],"class_list":["post-101443","post","type-post","status-publish","format-standard","hentry","category-actualite","category-tunisie"],"_links":{"self":[{"href":"https:\/\/linitiative.ca\/International\/wp-json\/wp\/v2\/posts\/101443","targetHints":{"allow":["GET"]}}],"collection":[{"href":"https:\/\/linitiative.ca\/International\/wp-json\/wp\/v2\/posts"}],"about":[{"href":"https:\/\/linitiative.ca\/International\/wp-json\/wp\/v2\/types\/post"}],"author":[{"embeddable":true,"href":"https:\/\/linitiative.ca\/International\/wp-json\/wp\/v2\/users\/1772"}],"replies":[{"embeddable":true,"href":"https:\/\/linitiative.ca\/International\/wp-json\/wp\/v2\/comments?post=101443"}],"version-history":[{"count":0,"href":"https:\/\/linitiative.ca\/International\/wp-json\/wp\/v2\/posts\/101443\/revisions"}],"wp:attachment":[{"href":"https:\/\/linitiative.ca\/International\/wp-json\/wp\/v2\/media?parent=101443"}],"wp:term":[{"taxonomy":"category","embeddable":true,"href":"https:\/\/linitiative.ca\/International\/wp-json\/wp\/v2\/categories?post=101443"},{"taxonomy":"post_tag","embeddable":true,"href":"https:\/\/linitiative.ca\/International\/wp-json\/wp\/v2\/tags?post=101443"}],"curies":[{"name":"wp","href":"https:\/\/api.w.org\/{rel}","templated":true}]}}