{"id":101445,"date":"2020-10-11T05:46:55","date_gmt":"2020-10-11T09:46:55","guid":{"rendered":"https:\/\/linitiative.ca\/International\/les-touristes-etrangers-sont-enfin-de-retour-au-maroc\/"},"modified":"2020-10-11T05:46:55","modified_gmt":"2020-10-11T09:46:55","slug":"les-touristes-etrangers-sont-enfin-de-retour-au-maroc","status":"publish","type":"post","link":"https:\/\/linitiative.ca\/International\/les-touristes-etrangers-sont-enfin-de-retour-au-maroc\/","title":{"rendered":"Les touristes \u00e9trangers sont enfin de retour au Maroc"},"content":{"rendered":"<p><strong>Bonne nouvelle pour le secteur marocain du tourisme, frapp\u00e9 de plein fouet par la crise du nouveau coronavirus. Sevr\u00e9 de touristes \u00e9trangers depuis sept mois, la destination a re\u00e7u hier samedi 10 octobre,<\/strong> <strong>un premier groupe de touristes fran\u00e7ais.<\/strong><\/p>\n<div class=\"c10\"\/>\n<p>Office National Marocain du Tourisme (ONMT), minist\u00e8re de tutelle, RAM, ONDA, professionnels du tourisme\u2026 Ils \u00e9taient tous au rendez-vous le samedi 10 octobre \u00e0 l\u2019a\u00e9roport de Marrakech Menara pour former une haie d\u2019honneur accueillant le premier groupe de 40 touristes fran\u00e7ais qui ont choisi le Maroc pour leur s\u00e9jour touristique. Il faut dire que cet \u00e9v\u00e9nement symbolique, n\u2019en n\u2019est pas moins un d\u00e9but d\u2019un renouveau et marque tout de m\u00eame les pr\u00e9mices d\u2019une reprise. \u00ab Il \u00e9tait important pour nous, Office National Marocain du Tourisme mais aussi minist\u00e8re de tutelle, RAM, ONDA et professionnels du tourisme d\u2019\u00eatre l\u00e0 pour accueillir ces touristes et montrer au monde que le Maroc est mobilis\u00e9 pour bien accueillir ses h\u00f4tes et d\u00e9ployer toutes les mesures qui s\u2019imposent pour assurer leur s\u00e9curit\u00e9 sanitaire et faire en sorte que leur s\u00e9jour se passe dans les meilleures conditions. Nous sommes, tous ensemble, d\u00e9termin\u00e9s, \u00e0 mettre en place les jalons d\u2019une reprise graduelle et p\u00e9renne \u00bb, a soulign\u00e9 Adel El Fakir, Directeur G\u00e9n\u00e9ral de l\u2019ONMT.\u00a0<\/p>\n<p><strong>Lire aussi|<a href=\"https:\/\/www.challenge.ma\/le-marche-marocain-du-pc-subit-une-forte-penurie-159558\/\">Le march\u00e9 marocain du PC subit une forte p\u00e9nurie<\/a><\/strong><\/p>\n<p>A noter que ces premi\u00e8res arriv\u00e9es interviennent au moment o\u00f9 de nombreux \u00e9tablissements h\u00f4teliers et de grandes enseignes internationales de Marrakech mais aussi des autres villes du Royaume sont en train de rouvrir leurs portes et que plusieurs compagnies \u00e9trang\u00e8res ont annonc\u00e9 la reprise de leurs liaisons sur le Maroc. C\u2019est le cas par exemple de Ryanair qui a programm\u00e9 38 vols, entre aujourd\u2019hui dimanche 11 et le 24 octobre, en provenance de grands march\u00e9s \u00e9metteurs de touristes vers le Royaume, notamment la France, la Belgique et la Grande Bretagne.<\/p>\n<p><strong>Lire aussi|<a href=\"https:\/\/www.challenge.ma\/le-ministere-de-la-sante-rassure-sur-le-stock-de-vaccins-anti-covid19-160548\/\">Le minist\u00e8re de la Sant\u00e9 rassure sur le stock de vaccins anti-Covid19<\/a><\/strong><\/p>\n<p><strong>\u00a0<\/strong><\/p>\n<p>Auteur: Adama Sylla<br \/>\n<a href=\"https:\/\/www.challenge.ma\/les-touristes-etrangers-sont-enfin-de-retour-au-maroc-160619\/\">Cliquez ici pour lire l&rsquo;article depuis sa source.<\/a><\/p>\n","protected":false},"excerpt":{"rendered":"<p>Bonne nouvelle pour le secteur marocain du tourisme, frapp\u00e9 de plein fouet par la crise du nouveau coronavirus. Sevr\u00e9 de touristes \u00e9trangers depuis sept mois, la destination a re\u00e7u hier samedi 10 octobre, un premier groupe de touristes fran\u00e7ais. Office National Marocain du Tourisme (ONMT), minist\u00e8re de tutelle, RAM, ONDA, professionnels du tourisme\u2026 Ils \u00e9taient [&hellip;]<\/p>\n","protected":false},"author":1787,"featured_media":0,"comment_status":"closed","ping_status":"closed","sticky":false,"template":"","format":"standard","meta":{"fifu_image_url":"","fifu_image_alt":"","footnotes":""},"categories":[78,54],"tags":[],"class_list":["post-101445","post","type-post","status-publish","format-standard","hentry","category-economie","category-maroc"],"_links":{"self":[{"href":"https:\/\/linitiative.ca\/International\/wp-json\/wp\/v2\/posts\/101445","targetHints":{"allow":["GET"]}}],"collection":[{"href":"https:\/\/linitiative.ca\/International\/wp-json\/wp\/v2\/posts"}],"about":[{"href":"https:\/\/linitiative.ca\/International\/wp-json\/wp\/v2\/types\/post"}],"author":[{"embeddable":true,"href":"https:\/\/linitiative.ca\/International\/wp-json\/wp\/v2\/users\/1787"}],"replies":[{"embeddable":true,"href":"https:\/\/linitiative.ca\/International\/wp-json\/wp\/v2\/comments?post=101445"}],"version-history":[{"count":0,"href":"https:\/\/linitiative.ca\/International\/wp-json\/wp\/v2\/posts\/101445\/revisions"}],"wp:attachment":[{"href":"https:\/\/linitiative.ca\/International\/wp-json\/wp\/v2\/media?parent=101445"}],"wp:term":[{"taxonomy":"category","embeddable":true,"href":"https:\/\/linitiative.ca\/International\/wp-json\/wp\/v2\/categories?post=101445"},{"taxonomy":"post_tag","embeddable":true,"href":"https:\/\/linitiative.ca\/International\/wp-json\/wp\/v2\/tags?post=101445"}],"curies":[{"name":"wp","href":"https:\/\/api.w.org\/{rel}","templated":true}]}}