{"id":101446,"date":"2020-10-11T06:26:00","date_gmt":"2020-10-11T10:26:00","guid":{"rendered":"https:\/\/linitiative.ca\/International\/covid-19-un-car-ferry-arrivant-du-maroc-interdit-daccoster-au-port-de-sete\/"},"modified":"2020-10-11T06:26:00","modified_gmt":"2020-10-11T10:26:00","slug":"covid-19-un-car-ferry-arrivant-du-maroc-interdit-daccoster-au-port-de-sete","status":"publish","type":"post","link":"https:\/\/linitiative.ca\/International\/covid-19-un-car-ferry-arrivant-du-maroc-interdit-daccoster-au-port-de-sete\/","title":{"rendered":"Covid-19 : un car-ferry arrivant du Maroc interdit d\u2019accoster au port de S\u00e8te"},"content":{"rendered":"<p><strong>Un car-ferry en provenance du Maroc, sur la ligne Nador-S\u00e8te, s\u2019est vu signifier l\u2019interdiction d\u2019accoster hier soir samedi 10 octobre. Principale raison invoqu\u00e9e par le pr\u00e9fet de l\u2019H\u00e9rault : la situation sanitaire pr\u00e9occupante \u00e0 bord.\u00a0<\/strong><\/p>\n<div class=\"c10\"\/>\n<p><strong>\u00a0<\/strong>Un car ferry en provenance du Maroc, sur la ligne Nador-S\u00e8te, qui devait accoster au port de S\u00e8te, a \u00e9t\u00e9 interdit d\u2019acc\u00e8s au port s\u00e9tois, hier soir samedi 10 octobre, selon France 3. La pr\u00e9fecture de l\u2019H\u00e9rault, \u00e0 l\u2019origine de la d\u00e9cision, a confi\u00e9 \u00e0 cette cha\u00eene de t\u00e9l\u00e9vision g\u00e9n\u00e9raliste fran\u00e7aise de service public \u00e0 vocation r\u00e9gionale que cette d\u00e9cision est cons\u00e9cutive \u00e0 une situation sanitaire pr\u00e9occupante \u00e0 bord du ferry. \u00ab\u00a0Plusieurs membres d\u2019\u00e9quipage et des passagers seraient positifs au Covid-19\u00a0\u00bb, a affirm\u00e9 la pr\u00e9fecture de l\u2019H\u00e9rault. Le ferry GNV Atlas interdit d\u2019accoster hier soir avec 800 passagers \u00e0 bord se trouve actuellement au large de Gerone, en Espagne.<\/p>\n<p><strong>Lire aussi|<a href=\"https:\/\/www.challenge.ma\/les-touristes-etrangers-sont-enfin-de-retour-au-maroc-160619\/\">Les touristes \u00e9trangers sont enfin de retour au Maroc<\/a><\/strong><\/p>\n<p>L\u2019information a \u00e9t\u00e9 confirm\u00e9e par Mohamed Rahmoun, PDG de New Century film, qui se trouve \u00e0 bord du ferry, \u00e0 nos confr\u00e8res de Atlasinfo. \u00ab Ce samedi \u00e0 18 heures, le commandant de bord nous a inform\u00e9s par haut-parleur que le port de S\u00e8te refuse au ferry d\u2019accoster et que nous allons \u00eatre d\u00e9tourn\u00e9s sur le port de G\u00eanes. Mais les passagers pr\u00e9f\u00e8rent retourner \u00e0 Nador que d\u00e9barquer en Italie. La majorit\u00e9 d\u2019entre eux r\u00e9sident en France \u00bb, a-t-il.\u00a0<\/p>\n<p><strong>Lire aussi|<a href=\"https:\/\/www.challenge.ma\/le-ministere-de-la-sante-rassure-sur-le-stock-de-vaccins-anti-covid19-160548\/\">Le minist\u00e8re de la Sant\u00e9 rassure sur le stock de vaccins anti-Covid19<\/a><\/strong><\/p>\n<p>Auteur: Adama Sylla<br \/>\n<a href=\"https:\/\/www.challenge.ma\/covid-19-un-car-ferry-arrivant-du-maroc-interdit-daccoster-au-port-de-sete-160626\/\">Cliquez ici pour lire l&rsquo;article depuis sa source.<\/a><\/p>\n","protected":false},"excerpt":{"rendered":"<p>Un car-ferry en provenance du Maroc, sur la ligne Nador-S\u00e8te, s\u2019est vu signifier l\u2019interdiction d\u2019accoster hier soir samedi 10 octobre. Principale raison invoqu\u00e9e par le pr\u00e9fet de l\u2019H\u00e9rault : la situation sanitaire pr\u00e9occupante \u00e0 bord.\u00a0 \u00a0Un car ferry en provenance du Maroc, sur la ligne Nador-S\u00e8te, qui devait accoster au port de S\u00e8te, a \u00e9t\u00e9 [&hellip;]<\/p>\n","protected":false},"author":1787,"featured_media":0,"comment_status":"closed","ping_status":"closed","sticky":false,"template":"","format":"standard","meta":{"fifu_image_url":"","fifu_image_alt":"","footnotes":""},"categories":[78,54],"tags":[],"class_list":["post-101446","post","type-post","status-publish","format-standard","hentry","category-economie","category-maroc"],"_links":{"self":[{"href":"https:\/\/linitiative.ca\/International\/wp-json\/wp\/v2\/posts\/101446","targetHints":{"allow":["GET"]}}],"collection":[{"href":"https:\/\/linitiative.ca\/International\/wp-json\/wp\/v2\/posts"}],"about":[{"href":"https:\/\/linitiative.ca\/International\/wp-json\/wp\/v2\/types\/post"}],"author":[{"embeddable":true,"href":"https:\/\/linitiative.ca\/International\/wp-json\/wp\/v2\/users\/1787"}],"replies":[{"embeddable":true,"href":"https:\/\/linitiative.ca\/International\/wp-json\/wp\/v2\/comments?post=101446"}],"version-history":[{"count":0,"href":"https:\/\/linitiative.ca\/International\/wp-json\/wp\/v2\/posts\/101446\/revisions"}],"wp:attachment":[{"href":"https:\/\/linitiative.ca\/International\/wp-json\/wp\/v2\/media?parent=101446"}],"wp:term":[{"taxonomy":"category","embeddable":true,"href":"https:\/\/linitiative.ca\/International\/wp-json\/wp\/v2\/categories?post=101446"},{"taxonomy":"post_tag","embeddable":true,"href":"https:\/\/linitiative.ca\/International\/wp-json\/wp\/v2\/tags?post=101446"}],"curies":[{"name":"wp","href":"https:\/\/api.w.org\/{rel}","templated":true}]}}