{"id":101449,"date":"2020-10-11T14:47:13","date_gmt":"2020-10-11T18:47:13","guid":{"rendered":"https:\/\/linitiative.ca\/International\/un-marocain-a-la-tete-de-lusine-renault-tanger\/"},"modified":"2020-10-11T14:47:13","modified_gmt":"2020-10-11T18:47:13","slug":"un-marocain-a-la-tete-de-lusine-renault-tanger","status":"publish","type":"post","link":"https:\/\/linitiative.ca\/International\/un-marocain-a-la-tete-de-lusine-renault-tanger\/","title":{"rendered":"Un Marocain \u00e0 la t\u00eate de l\u2019usine Renault Tanger"},"content":{"rendered":"<p><strong>Changement \u00e0 la direction de l\u2019usine Renault Tanger.<\/strong> <strong>Mohamed Bachiri<\/strong> <strong>vient d\u2019\u00eatre nomm\u00e9 nouveau Directeur g\u00e9n\u00e9ral de l\u2019une des plus grandes usines du constructeur fran\u00e7ais dans le monde.<\/strong><\/p>\n<div class=\"c10\"\/>\n<p>Jusque-l\u00e0, Directeur g\u00e9n\u00e9ral de Somaca, Mohamed Bachiri occupera officiellement ses nouvelles fonctions \u00e0 partir du 1er novembre prochain. Cela fait de lui le premier marocain \u00e0 diriger ce site industriel qui fait partie des plus grandes usines au niveau mondial. Il s\u2019agit d\u2019une v\u00e9ritable reconnaissance des comp\u00e9tences marocaines dans l\u2019industrie automobile mais aussi d\u2019une r\u00e9elle promotion pour Mohamed Bachiri qui a \u00e9t\u00e9 \u00e9galement le premier marocain \u00e0 avoir travaill\u00e9 sur le projet Renault Tanger en 2008 et avait \u00e0 l\u2019\u00e9poque pr\u00e9par\u00e9 le capital humain pour le lancement de cette plateforme industrielle, la plus grande usine d\u2019Afrique. Il faut dire que les enjeux de son challenge \u00e9taient de taille face \u00e0 une industrie automobile dans une phase de d\u00e9marrage et un manque de qualification dans les m\u00e9tiers de l\u2019automobile. Un d\u00e9fi qu\u2019il a su relever dans la mesure o\u00f9 il a recrut\u00e9 et pr\u00e9par\u00e9 les 5.000 futurs employ\u00e9s de l\u2019usine de Renault de Tanger \u00e0 la production de v\u00e9hicules \u00ab Made in Morocco \u00bb. Ces derniers r\u00e9pondent au standard de qualit\u00e9 internationale d\u2019un grand groupe automobile mondial qui, aujourd\u2019hui, avec ses 9.000 salari\u00e9s, exporte vers 74 destinations.<\/p>\n<p><strong>Lire aussi | <a href=\"https:\/\/www.challenge.ma\/le-controle-a-limport-dans-une-zone-de-turbulence-160644\/\">Le contr\u00f4le \u00e0 l\u2019import dans une zone de turbulence<\/a><\/strong><\/p>\n<p>C\u2019est dire que celui qui dirige jusque-l\u00e0 l\u2019autre filiale marocaine du constructeur fran\u00e7ais, Somaca, connait bien la maison, et ce pendant presque une quinzaine d\u2019ann\u00e9es. Car, apr\u00e8s avoir occup\u00e9 de 2000 \u00e0 2006, des postes de pilotage en ressources humaines au sein du Groupe Lafarge Maroc, il rejoint le Groupe Renault Maroc en 2006, devenant le premier marocain \u00e0 travailler pour le projet de l\u2019usine Renault-Nissan de Tanger en sa qualit\u00e9 de DRH du Groupe Renault Maroc, poste qu\u2019il occupera jusqu\u2019en 2013. Il sera ainsi d\u00e9cor\u00e9 par SM le Roi Mohammed VI, le 9 f\u00e9vrier 2012 en marge de l\u2019inauguration de l\u2019usine. De 2012 \u00e0 2013, il assure la mission de Conseiller au commerce ext\u00e9rieur fran\u00e7ais aupr\u00e8s de l\u2019Ambassade de France au Maroc. De 2013 \u00e0 2015, Bachiri part en expatriation \u00e0 Renault Espagne o\u00f9 il occupera des postes de responsabilit\u00e9s en Manufacturing. A son retour au Maroc en 2015, il prend les r\u00eanes de la Somaca o\u00f9 il est, \u00e0 ce jour, le seul marocain Directeur G\u00e9n\u00e9ral d\u2019une usine du Groupe Renault. Il est, depuis 2018, Pr\u00e9sident de la Commission Solutions Sectorielles de la CGEM.\u00a0 Homme de consensus, il fut nomm\u00e9 pr\u00e9sident par int\u00e9rim de la Conf\u00e9d\u00e9ration g\u00e9n\u00e9rale des entreprises du Maroc (CGEM) pendant 5 mois, suite \u00e0 un conseil d\u2019administration d\u00e9cisif tenu en r\u00e9action \u00e0 la d\u00e9mission de l\u2019ancien pr\u00e9sident Salaheddine Mezouar. Bachiri dirigera de main de maitre cette phase transitoire jusqu\u2019\u00e0 l\u2019\u00e9lection de l\u2019actuel patron des patrons, Chakib Alj.<\/p>\n<p><strong>Lire aussi |<a href=\"https:\/\/www.challenge.ma\/tres-lourde-perte-pour-la-banque-populaire-fes-meknes-159873\/\">Tr\u00e8s lourde perte pour la Banque Populaire F\u00e8s-Mekn\u00e8s<\/a><\/strong><\/p>\n<p>N\u00e9 en 1965, Mohamed Bachiri est laur\u00e9at de l\u2019Universit\u00e9 de Lille et titulaire de l\u2019European Executive MBA de l\u2019ESCP. En 2019, il est d\u00e9cor\u00e9 du titre de Chevalier de la L\u00e9gion d\u2019Honneur de la R\u00e9publique Fran\u00e7aise, pour son engagement dans le renforcement des relations franco-marocaines.<\/p>\n<p>Auteur: Adama Sylla<br \/>\n<a href=\"https:\/\/www.challenge.ma\/un-marocain-a-la-tete-de-renault-tanger-160672\/\">Cliquez ici pour lire l&rsquo;article depuis sa source.<\/a><\/p>\n","protected":false},"excerpt":{"rendered":"<p>Changement \u00e0 la direction de l\u2019usine Renault Tanger. Mohamed Bachiri vient d\u2019\u00eatre nomm\u00e9 nouveau Directeur g\u00e9n\u00e9ral de l\u2019une des plus grandes usines du constructeur fran\u00e7ais dans le monde. Jusque-l\u00e0, Directeur g\u00e9n\u00e9ral de Somaca, Mohamed Bachiri occupera officiellement ses nouvelles fonctions \u00e0 partir du 1er novembre prochain. Cela fait de lui le premier marocain \u00e0 diriger [&hellip;]<\/p>\n","protected":false},"author":1787,"featured_media":0,"comment_status":"closed","ping_status":"closed","sticky":false,"template":"","format":"standard","meta":{"fifu_image_url":"","fifu_image_alt":"","footnotes":""},"categories":[78,54],"tags":[],"class_list":["post-101449","post","type-post","status-publish","format-standard","hentry","category-economie","category-maroc"],"_links":{"self":[{"href":"https:\/\/linitiative.ca\/International\/wp-json\/wp\/v2\/posts\/101449","targetHints":{"allow":["GET"]}}],"collection":[{"href":"https:\/\/linitiative.ca\/International\/wp-json\/wp\/v2\/posts"}],"about":[{"href":"https:\/\/linitiative.ca\/International\/wp-json\/wp\/v2\/types\/post"}],"author":[{"embeddable":true,"href":"https:\/\/linitiative.ca\/International\/wp-json\/wp\/v2\/users\/1787"}],"replies":[{"embeddable":true,"href":"https:\/\/linitiative.ca\/International\/wp-json\/wp\/v2\/comments?post=101449"}],"version-history":[{"count":0,"href":"https:\/\/linitiative.ca\/International\/wp-json\/wp\/v2\/posts\/101449\/revisions"}],"wp:attachment":[{"href":"https:\/\/linitiative.ca\/International\/wp-json\/wp\/v2\/media?parent=101449"}],"wp:term":[{"taxonomy":"category","embeddable":true,"href":"https:\/\/linitiative.ca\/International\/wp-json\/wp\/v2\/categories?post=101449"},{"taxonomy":"post_tag","embeddable":true,"href":"https:\/\/linitiative.ca\/International\/wp-json\/wp\/v2\/tags?post=101449"}],"curies":[{"name":"wp","href":"https:\/\/api.w.org\/{rel}","templated":true}]}}