{"id":101453,"date":"2020-10-11T16:35:49","date_gmt":"2020-10-11T20:35:49","guid":{"rendered":"https:\/\/linitiative.ca\/International\/tunisie-dans-tout-ca-ou-est-passe-notre-brillantissime-super-ministre-de-leconomie\/"},"modified":"2020-10-11T16:35:49","modified_gmt":"2020-10-11T20:35:49","slug":"tunisie-dans-tout-ca-ou-est-passe-notre-brillantissime-super-ministre-de-leconomie","status":"publish","type":"post","link":"https:\/\/linitiative.ca\/International\/tunisie-dans-tout-ca-ou-est-passe-notre-brillantissime-super-ministre-de-leconomie\/","title":{"rendered":"Tunisie \u2013 Dans tout \u00e7\u00e0, o\u00f9 est pass\u00e9 notre brillantissime super ministre de l\u2019\u00e9conomie"},"content":{"rendered":"<div class=\"post-cont-in left relative\">\n<div id=\"post-info-wrap\" class=\"left relative post-info-out\">\n<div class=\"post-info-img left relative\"><img loading=\"lazy\" decoding=\"async\" alt=\"\" src=\"https:\/\/secure.gravatar.com\/avatar\/9f10b5e5a102bf8cc0ebfb84f5ab5652?s=50&amp;d=mm&amp;r=g\" srcset=\"https:\/\/secure.gravatar.com\/avatar\/9f10b5e5a102bf8cc0ebfb84f5ab5652?s=100&amp;d=mm&amp;r=g 2x\" class=\"avatar avatar-50 photo\" height=\"50\" width=\"50\"\/><\/div>\n<div class=\"post-info-in\">\n<div class=\"post-info-right left relative post-info-name left relative\"><span itemprop=\"author\" itemscope=\"\" itemtype=\"https:\/\/schema.org\/Person\"><span class=\"post-info-text\">Par<\/span> <span class=\"author-name vcard fn author\" itemprop=\"name\"><a href=\"https:\/\/www.tunisienumerique.com\/author\/ramsis\/\" title=\"Articles par Ramsis\" rel=\"author\">Ramsis<\/a><\/span><\/span> <span class=\"post-date updated\"><time class=\"post-date updated\" itemprop=\"datePublished\" datetime=\"2020-10-11\">\u00a0| Il y a 14 minutes<\/time><\/span><\/div>\n<div class=\"left relative\"><button id=\"listenButton1\" class=\"responsivevoice-button\" type=\"button\" value=\"Play\" title=\"&#xC9;coutez l'article\"><span>\ud83d\udd0a \u00c9coutez l&rsquo;article<\/span><\/button> <\/div>\n<\/div>\n<\/div>\n<p>Avec la crise \u00e9conomique \u00e9touffante qui paralyse le pays, avec l\u2019alerte sanitaire qui risque d\u2019aggraver, encore plus, les finances de l\u2019Etat, avec les entreprises qui sont en train de mettre la cl\u00e9 sous la porte, avec les secteurs vitaux de la Tunisie qui sont \u00e0 l\u2019arr\u00eat, comme le phosphate et le p\u00e9trole, avec les investisseurs \u00e9trangers qui fuient le pays pour d\u2019autres cieux plus cl\u00e9ments, avec les milliers de nouveaux ch\u00f4meurs, avec l\u2019Etat qui n\u2019arrive plus \u00e0 imaginer o\u00f9 il pourrait trouver de quoi financer son budget\u2026 Avec tout \u00e7\u00e0, o\u00f9 est, donc, pass\u00e9 notre super ministre de l\u2019\u00e9conomie\u00a0?<\/p>\n<div class=\"code-block code-block-1 c4\"><ins class=\"adsbygoogle c3\" data-ad-layout=\"in-article\" data-ad-format=\"fluid\" data-ad-client=\"ca-pub-2102118777505746\" data-ad-slot=\"7301775417\"\/> <\/div>\n<p>Tout le monde se rappelle, pourtant, bien, que le nom du ministre de l\u2019\u00e9conomie propos\u00e9 par Hichem Mechichi, au moment de la formation de son cabinet, a suscit\u00e9 un grand enthousiasme chez les connaisseurs qui ont, alors, assur\u00e9, que l\u2019homme est une grosse pointure dans son domaine, et qu\u2019il allait, tr\u00e8s probablement, \u00eatre l\u2019homme providentiel de la situation et qu\u2019il allait, en deux temps, trois mouvements, trouver la parade pour relancer la machine de l\u2019\u00e9conomie tunisienne.<\/p>\n<p>Or, force est de constater, quelques semaines plus tard, qu\u2019il n\u2019en a rien \u00e9t\u00e9, et que, bien au contraire, ce \u00ab\u00a0grand monsieur\u00a0\u00bb risque bien de constituer une des grandes, si ce n\u2019est la plus grande d\u00e9ception du gouvernement Mechichi. Lequel gouvernement avait \u00e9t\u00e9 accueilli avec beaucoup d\u2019enthousiasme et d\u2019espoirs.<\/p>\n<p>En effet, alors que le souci majeur du tunisien moyen, comme de celui qui est au pouvoir, est avant toute autre chose, de nature \u00e9conomique, notre super ministre de l\u2019\u00e9conomie et des finances, ne cesse de briller par son absence. Cette absence a \u00e9t\u00e9, forc\u00e9ment, mise \u00e0 profit par ses subalternes, qui s\u2019en sont donn\u00e9s \u00e0 c\u0153ur joie. Aussi bien le fisc, que les caisses sociales se sont mis d\u2019accord pour saigner les entreprises. Ils se sont abattus sur elles, en cette p\u00e9riode critique, o\u00f9 ils devraient, plut\u00f4t, leur procurer du soutien, dans le souci de pr\u00e9server les emplois. Bien au contraire, ces services se sont montr\u00e9s intraitables, et ont, d\u00e9j\u00e0, fait beaucoup de d\u00e9g\u00e2ts, causant, au passage, la faillite de plusieurs PME, pr\u00e9f\u00e9rant ces faillites et la mise au ch\u00f4mage de centaines, voire de milliers de salari\u00e9s, plut\u00f4t que de trouver des arrangements avec ces entreprises en difficult\u00e9.<\/p>\n<p>Et tout \u00e7\u00e0, en l\u2019absence totale et complice d\u2019un super ministre dont on attendait tant. Mais, rien\u00a0! Il s\u2019est av\u00e9r\u00e9 que ce Monsieur n\u2019a fait montre d\u2019aucune vision ni m\u00eame une \u00e9bauche de strat\u00e9gie pour tenter de redresser la barre. Pourtant, son pr\u00e9d\u00e9cesseur, lui, a eu le m\u00e9rite d avoir annonc\u00e9 une s\u00e9rie de mesures et a essay\u00e9, autant qu\u2019il pouvait, d\u2019affronter le risque de faillites des entreprises.<\/p>\n<p>Apr\u00e8s tant d\u2019attentes, cons\u00e9cutives \u00e0 tant d\u2019\u00e9loges qui lui avaient \u00e9t\u00e9 faits avant l\u2019investiture du gouvernement, ce monsieur risque fort de constituer l\u2019une des principales\u00a0 causes de d\u00e9ception du cabinet Mechichi, s\u2019il ne se rattrape pas de fa\u00e7on urgente, en essayant de sauver les meubles pour les entreprises en difficult\u00e9, en partie \u00e0 cause du z\u00e8le de ses subordonn\u00e9s.<\/p>\n<div class=\"swp_social_panel swp_horizontal_panel swp_flat_fresh swp_default_full_color swp_individual_full_color swp_other_full_color scale-100 scale-\" data-min-width=\"1100\" data-float-color=\"#ffffff\" data-float=\"bottom\" data-float-mobile=\"bottom\" data-transition=\"slide\">\n<div class=\"nc_tweetContainer swp_share_button total_shares total_sharesalt\"><span class=\"swp_count\">4 <span class=\"swp_label\">Partages<\/span><\/span><\/div>\n<\/div>\n<p><strong>Que se passe-t-il en Tunisie?<\/strong><br \/>Nous expliquons sur notre <a href=\"https:\/\/www.youtube.com\/channel\/UCRzypVq0B_yBad5eGrwBx0Q?sub_confirmation=1\" target=\"_blank\" rel=\"noopener noreferrer\">cha\u00eene YouTube<\/a> . <a href=\"https:\/\/www.youtube.com\/channel\/UCRzypVq0B_yBad5eGrwBx0Q?sub_confirmation=1\" target=\"_blank\" rel=\"noopener noreferrer\">Abonnez-vous!<\/a><\/p>\n<div class=\"mvp-org-wrap mvp-org-logo\" itemprop=\"publisher\" itemscope=\"\" itemtype=\"https:\/\/schema.org\/Organization\"><img decoding=\"async\" src=\"https:\/\/www.tunisienumerique.com\/wp-content\/uploads\/2017\/02\/logo_tunisie_numerique.png\"\/><\/div>\n<div class=\"mvp-related-posts left relative\">\n<h4 class=\"post-header\"><span class=\"post-header\">Lire aussi<\/span><\/h4>\n<\/div>\n<div id=\"article-ad\"><ins class=\"adsbygoogle c5\" data-ad-client=\"ca-pub-2102118777505746\" data-ad-slot=\"6513972734\" data-ad-format=\"auto\" data-full-width-responsive=\"true\"\/> <\/div>\n<\/div>\n<div id=\"post-sidebar-wrap\"><ins class=\"adsbygoogle c5\" data-ad-client=\"ca-pub-2102118777505746\" data-ad-slot=\"6168283410\" data-ad-format=\"auto\" data-full-width-responsive=\"true\"\/> <\/div>\n<p>Auteur: Ramsis<br \/>\n<a href=\"https:\/\/www.tunisienumerique.com\/tunisie-dans-tout-ca-ou-est-passe-notre-brillantissime-super-ministre-de-leconomie\/\">Cliquez ici pour lire l&rsquo;article depuis sa source.<\/a><\/p>\n","protected":false},"excerpt":{"rendered":"<p>Par Ramsis \u00a0| Il y a 14 minutes \ud83d\udd0a \u00c9coutez l&rsquo;article Avec la crise \u00e9conomique \u00e9touffante qui paralyse le pays, avec l\u2019alerte sanitaire qui risque d\u2019aggraver, encore plus, les finances de l\u2019Etat, avec les entreprises qui sont en train de mettre la cl\u00e9 sous la porte, avec les secteurs vitaux de la Tunisie qui sont [&hellip;]<\/p>\n","protected":false},"author":1789,"featured_media":0,"comment_status":"closed","ping_status":"closed","sticky":false,"template":"","format":"standard","meta":{"fifu_image_url":"","fifu_image_alt":"","footnotes":""},"categories":[73,55],"tags":[],"class_list":["post-101453","post","type-post","status-publish","format-standard","hentry","category-actualite","category-tunisie"],"_links":{"self":[{"href":"https:\/\/linitiative.ca\/International\/wp-json\/wp\/v2\/posts\/101453","targetHints":{"allow":["GET"]}}],"collection":[{"href":"https:\/\/linitiative.ca\/International\/wp-json\/wp\/v2\/posts"}],"about":[{"href":"https:\/\/linitiative.ca\/International\/wp-json\/wp\/v2\/types\/post"}],"author":[{"embeddable":true,"href":"https:\/\/linitiative.ca\/International\/wp-json\/wp\/v2\/users\/1789"}],"replies":[{"embeddable":true,"href":"https:\/\/linitiative.ca\/International\/wp-json\/wp\/v2\/comments?post=101453"}],"version-history":[{"count":0,"href":"https:\/\/linitiative.ca\/International\/wp-json\/wp\/v2\/posts\/101453\/revisions"}],"wp:attachment":[{"href":"https:\/\/linitiative.ca\/International\/wp-json\/wp\/v2\/media?parent=101453"}],"wp:term":[{"taxonomy":"category","embeddable":true,"href":"https:\/\/linitiative.ca\/International\/wp-json\/wp\/v2\/categories?post=101453"},{"taxonomy":"post_tag","embeddable":true,"href":"https:\/\/linitiative.ca\/International\/wp-json\/wp\/v2\/tags?post=101453"}],"curies":[{"name":"wp","href":"https:\/\/api.w.org\/{rel}","templated":true}]}}