{"id":101455,"date":"2020-10-11T14:00:45","date_gmt":"2020-10-11T18:00:45","guid":{"rendered":"https:\/\/linitiative.ca\/International\/presidentielle-et-exigences-du-front-de-lopposition-ivoirienne\/"},"modified":"2020-10-11T14:00:45","modified_gmt":"2020-10-11T18:00:45","slug":"presidentielle-et-exigences-du-front-de-lopposition-ivoirienne","status":"publish","type":"post","link":"https:\/\/linitiative.ca\/International\/presidentielle-et-exigences-du-front-de-lopposition-ivoirienne\/","title":{"rendered":"PRESIDENTIELLE ET EXIGENCES DU FRONT DE L\u2019OPPOSITION IVOIRIENNE"},"content":{"rendered":"<div class=\"stream-item stream-item-above-post-content\">\n<p><noscript><\/p>\n<p><a href=\"\/\/www3.smartadserver.com\/ac?jump=1&amp;nwid=2136&amp;siteid=240610&amp;pgname=rg&amp;fmtid=49046&amp;visit=m&amp;tmstp=[timestamp]&amp;out=nonrich\" target=\"_blank\" rel=\"noopener noreferrer\"><img decoding=\"async\" src=\"http:\/\/www3.smartadserver.com\/ac?out=nonrich&amp;nwid=2136&amp;siteid=240610&amp;pgname=rg&amp;fmtid=49046&amp;visit=m&amp;tmstp=[timestamp]\" border=\"0\" alt=\"\"\/><\/a><\/p>\n<p><\/noscript><\/div>\n<p class=\"c3\"><em>L\u2019Opposition ivoirienne a tenu, samedi 11 octobre dernier, au stade F\u00e9lix Houphou\u00ebt Boigny d\u2019Abidjan, un premier meeting. Ses organisateurs l\u2019ont qualifi\u00e9 de giga meeting. Et le moins que l\u2019on puisse dire est que ce qualificatif n\u2019a pas \u00e9t\u00e9 usurp\u00e9 puisque l\u2019\u00e9v\u00e9nement a attir\u00e9 quelque 30 000 personnes. L\u2019autre fait que l\u2019on peut signaler est que le meeting s\u2019est tenu dans un climat d\u00e9l\u00e9t\u00e8re, marqu\u00e9\u00a0 par des actes d\u2019hostilit\u00e9 \u00e0 l\u2019endroit de ceux qui convergeaient vers le lieu de la manif. L\u2019on a, \u00e0 titre d\u2019exemple, \u00e9voqu\u00e9 des cas de caillassage\u00a0 de bus transportant des partisans de l\u2019opposition. Info on intox ? La question reste pos\u00e9e. En tout cas, la tension \u00e9tait palpable. Et l\u2019on avait m\u00eame craint un affrontement entre l\u2019opposition et les partisans du pr\u00e9sident Alassane Dramane Ouattara. En effet, un contre-meeting du parti au pouvoir devait se tenir le m\u00eame jour \u00e0 Abidjan. Fort heureusement, le contre-meeting a \u00e9t\u00e9 finalement annul\u00e9.\u00a0<\/em> <em>Cela dit, tous ceux qui ont pris la parole le samedi dernier, dans la mythique cuvette du F\u00e9licia, \u00e9taient tous remont\u00e9s contre la candidature de l\u2019Enfant de Kong \u00e0 la pr\u00e9sidentielle du 31 octobre.<\/em><\/p>\n<p class=\"c3\"><em>\u00a0<\/em><\/p>\n<p class=\"c4\"><strong><em>La seule chose qui vaille au sein de l\u2019opposition, c\u2019est de bouter ADO hors\u00a0 de la course \u00e0 la pr\u00e9sidentielle<\/em><\/strong><\/p>\n<p class=\"c3\"><em>\u00a0<\/em><\/p>\n<p class=\"c3\"><em>\u00a0L\u2019orateur qui s\u2019est le plus illustr\u00e9 dans ce sens, est le sphinx de Daoukro, Henri Konan B\u00e9di\u00e9. Pour ce dernier, en effet, la candidature du pr\u00e9sident Ouattara \u00e0 un 3<sup>e<\/sup> mandat est un acte de \u00ab\u00a0haute trahison\u00a0\u00bb et un \u00ab\u00a0viol de la Constitution\u00a0\u00bb. Dans la foul\u00e9e, le Conseil constitutionnel en a eu pour son grade puisqu\u2019il a \u00e9t\u00e9 accus\u00e9 de \u00ab\u00a0parjure\u00a0\u00bb pour avoir valid\u00e9 la candidature de celui dont la seule \u00e9vocation du nom suffit pour que les opposants tirent les couteaux de leur fourreau. Vous l\u2019aurez compris, il s\u2019agit d\u2019Alassane Ouattara. Cette diatribe anti-Ouattara est connue. Et elle est revenue comme un leitmotiv pendant tout le meeting au point que l\u2019on peut prendre le risque de dire que cela tient lieu d\u00e9sormais de programme politique de l\u2019opposition ivoirienne. Et tous ceux qui \u00e9taient venus au F\u00e9licia, du nom du stade qui a abrit\u00e9 le giga meeting, pour comprendre \u00e0 quoi rime le concept de d\u00e9sob\u00e9issance civile pr\u00f4n\u00e9e par l\u2019opposition pour contrer la candidature d\u2019ADO, doivent encore prendre leur mal en patience. En tout cas, ils sont \u00a0repartis du meeting, sans \u00eatre situ\u00e9s sur ce qu\u2019ils doivent faire concr\u00e8tement sur le terrain pour \u00eatre en phase avec ce fameux mot d\u2019ordre. C\u2019est la preuve, s\u2019il en \u00e9tait encore besoin, \u00a0que la seule chose qui vaille au sein de l\u2019opposition, c\u2019est de bouter ADO hors \u00a0de la course \u00e0 la pr\u00e9sidentielle, voire hors des fronti\u00e8res de la C\u00f4te d\u2019Ivoire. Et le deuxi\u00e8me sc\u00e9nario ne d\u00e9plairait pas du tout \u00e0 Henri Konan B\u00e9di\u00e9, lui qui semble avoir des comptes personnels \u00e0 r\u00e9gler avec l\u2019Enfant de Kong. Et c\u2019est l\u00e0 justement o\u00f9 g\u00eet l\u2019une des ambigu\u00eft\u00e9s de la politique ivoirienne et qui fait dire \u00e0 certains observateurs que l\u2019opposition entre les deux hommes ne repose sur aucun fondement politique. Et de mani\u00e8re g\u00e9n\u00e9rale en Eburnie, la politique a toujours fonctionn\u00e9 de cette mani\u00e8re depuis la disparition du p\u00e8re de la Nation, F\u00e9lix Houphou\u00ebt Boigny.<\/em><\/p>\n<p class=\"c3\"><em>\u00a0<\/em><\/p>\n<p class=\"c4\"><strong><em>On peut se demander si les exigences formul\u00e9es par l\u2019opposition ivoirienne ne rel\u00e8vent pas du r\u00eave \u00e9veill\u00e9<\/em><\/strong><\/p>\n<p class=\"c4\"><strong><em>\u00a0<\/em><\/strong><\/p>\n<p class=\"c3\"><em>\u00a0Juste apr\u00e8s la mort de ce dernier, Gbagbo s\u2019\u00e9tait rapproch\u00e9 de Ouattara pour combattre B\u00e9di\u00e9. Puis l\u2019on a assist\u00e9 \u00e0 une alliance Ouattara\/B\u00e9di\u00e9 contre Gbagbo. Aujourd\u2019hui, c\u2019est B\u00e9di\u00e9 qui convole\u00a0 en justes noces avec Gbagbo pour casser du Ouattara. Et demain, l\u2019on assistera probablement \u00e0 d\u2019autres alliances d\u00e9routantes, puisque c\u2019est la marque de fabrique de la politique ivoirienne. Et franchement, les Ivoiriens commencent \u00e0 s\u2019en lasser. C\u2019est pourquoi aujourd\u2019hui, bien des Ivoiriens ne sont plus pr\u00eats \u00e0 se laisser abuser par les politiciens. Et c\u2019est tant mieux pour la C\u00f4te d\u2019Ivoire. Car, un pays s\u00e9rieux ne peut pas se laisser prendre en otage par une poign\u00e9e d\u2019hommes politiques, aussi messianiques soient-ils. Et quand on entend Henri Konan B\u00e9di\u00e9 en appeler \u00e0 l\u2019ONU, pour que celle-ci se saisisse \u00ab\u00a0du dossier ivoirien pour la mise en place d\u2019un organe \u00e9lectoral v\u00e9ritablement ind\u00e9pendant et cr\u00e9dible avant l\u2019\u00e9lection pr\u00e9sidentielle pr\u00e9vue le 31 octobre \u00bb, on peut l\u00e9gitimement se demander si cette exigence est r\u00e9aliste.<\/em> <em>Une autre exigence tout aussi irr\u00e9aliste entendue au meeting de samedi dernier, est celle li\u00e9e \u00e0 la mise en place d\u2019une transition. Non seulement le temps ne permet plus de le faire, mais aussi l\u2019on voit difficilement ADO acc\u00e9der \u00e0 ces requ\u00eates. Car, il court le risque de se faire harakiri. Et puis, il ne faut pas que l\u2019opposition continue de croire que c\u2019est la communaut\u00e9 internationale qui a la solution au probl\u00e8me ivoirien. La France,\u00a0 en tout cas, n\u2019est pas dispos\u00e9e \u00e0 remonter les bretelles \u00e0 l\u2019Enfant de Kong. Et l\u2019on peut \u00eatre s\u00fbr que ce que la France veut, la communaut\u00e9 internationale le veut, en tout cas en ce qui concerne en g\u00e9n\u00e9ral ses anciennes colonies d\u2019Afrique, la C\u00f4te d\u2019Ivoire en particulier. L\u2019un dans l\u2019autre, on peut se demander si les exigences formul\u00e9es par l\u2019opposition ivoirienne \u00e0 l\u2019occasion de son premier meeting, ne rel\u00e8vent pas du r\u00eave \u00e9veill\u00e9. Et pendant qu\u2019elle est en train de s\u2019\u00e9chiner\u00a0 \u00e0 exiger le retrait de Ouattara de la course \u00e0 la pr\u00e9sidentielle, ce dernier est d\u00e9j\u00e0 en campagne. Ce samedi, par exemple, il \u00e9tait en tourn\u00e9e dans le Nord-Ouest, son fief, o\u00f9 il a proc\u00e9d\u00e9 \u00e0 des inaugurations d\u2019infrastructures socio-\u00e9conomiques. \u00a0Pour les populations, c\u2019est du concret. Et il sera sans doute tr\u00e8s difficile pour l\u2019opposition de les convaincre que le probl\u00e8me de la C\u00f4te d\u2019Ivoire, c\u2019est ADO.<\/em><\/p>\n<p class=\"c3\"><em>\u00a0<\/em><\/p>\n<p class=\"c4\"><strong><em>\u00ab\u00a0Le Pays\u00a0\u00bb<\/em><\/strong><\/p>\n<p>Auteur: Le Pays<br \/>\n<a href=\"http:\/\/lepays.bf\/presidentielle-et-exigences-du-front-de-lopposition-ivoirienne\/\">Cliquez ici pour lire l&rsquo;article depuis sa source.<\/a><\/p>\n","protected":false},"excerpt":{"rendered":"<p>L\u2019Opposition ivoirienne a tenu, samedi 11 octobre dernier, au stade F\u00e9lix Houphou\u00ebt Boigny d\u2019Abidjan, un premier meeting. Ses organisateurs l\u2019ont qualifi\u00e9 de giga meeting. Et le moins que l\u2019on puisse dire est que ce qualificatif n\u2019a pas \u00e9t\u00e9 usurp\u00e9 puisque l\u2019\u00e9v\u00e9nement a attir\u00e9 quelque 30 000 personnes. L\u2019autre fait que l\u2019on peut signaler est que [&hellip;]<\/p>\n","protected":false},"author":1813,"featured_media":0,"comment_status":"closed","ping_status":"closed","sticky":false,"template":"","format":"standard","meta":{"fifu_image_url":"","fifu_image_alt":"","footnotes":""},"categories":[73,81],"tags":[],"class_list":["post-101455","post","type-post","status-publish","format-standard","hentry","category-actualite","category-burkina-faso"],"_links":{"self":[{"href":"https:\/\/linitiative.ca\/International\/wp-json\/wp\/v2\/posts\/101455","targetHints":{"allow":["GET"]}}],"collection":[{"href":"https:\/\/linitiative.ca\/International\/wp-json\/wp\/v2\/posts"}],"about":[{"href":"https:\/\/linitiative.ca\/International\/wp-json\/wp\/v2\/types\/post"}],"author":[{"embeddable":true,"href":"https:\/\/linitiative.ca\/International\/wp-json\/wp\/v2\/users\/1813"}],"replies":[{"embeddable":true,"href":"https:\/\/linitiative.ca\/International\/wp-json\/wp\/v2\/comments?post=101455"}],"version-history":[{"count":0,"href":"https:\/\/linitiative.ca\/International\/wp-json\/wp\/v2\/posts\/101455\/revisions"}],"wp:attachment":[{"href":"https:\/\/linitiative.ca\/International\/wp-json\/wp\/v2\/media?parent=101455"}],"wp:term":[{"taxonomy":"category","embeddable":true,"href":"https:\/\/linitiative.ca\/International\/wp-json\/wp\/v2\/categories?post=101455"},{"taxonomy":"post_tag","embeddable":true,"href":"https:\/\/linitiative.ca\/International\/wp-json\/wp\/v2\/tags?post=101455"}],"curies":[{"name":"wp","href":"https:\/\/api.w.org\/{rel}","templated":true}]}}