{"id":101456,"date":"2020-10-11T14:03:51","date_gmt":"2020-10-11T18:03:51","guid":{"rendered":"https:\/\/linitiative.ca\/International\/visite-du-president-de-la-cedeao-au-mali\/"},"modified":"2020-10-11T14:03:51","modified_gmt":"2020-10-11T18:03:51","slug":"visite-du-president-de-la-cedeao-au-mali","status":"publish","type":"post","link":"https:\/\/linitiative.ca\/International\/visite-du-president-de-la-cedeao-au-mali\/","title":{"rendered":"VISITE DU PRESIDENT DE LA CEDEAO AU MALI  \u00a0"},"content":{"rendered":"<div class=\"stream-item stream-item-above-post-content\">\n<p><noscript><\/p>\n<p><a href=\"\/\/www3.smartadserver.com\/ac?jump=1&amp;nwid=2136&amp;siteid=240610&amp;pgname=rg&amp;fmtid=49046&amp;visit=m&amp;tmstp=[timestamp]&amp;out=nonrich\" target=\"_blank\" rel=\"noopener noreferrer\"><img decoding=\"async\" src=\"http:\/\/www3.smartadserver.com\/ac?out=nonrich&amp;nwid=2136&amp;siteid=240610&amp;pgname=rg&amp;fmtid=49046&amp;visit=m&amp;tmstp=[timestamp]\" border=\"0\" alt=\"\"\/><\/a><\/p>\n<p><\/noscript><\/div>\n<p class=\"c3\"><em>Le pr\u00e9sident en exercice du Ghana et de la Communaut\u00e9 \u00e9conomique des Etats de l\u2019Afrique de l\u2019ouest (CEDEAO), Nana Akufo-Addo, est arriv\u00e9 hier matin \u00e0 Bamako-S\u00e9nou o\u00f9 il a \u00e9t\u00e9 accueilli \u00e0 sa descente d\u2019avion par le pr\u00e9sident de la transition malienne, Bah Ndaw. Cette visite au pas de charge vient comme pour refermer la parenth\u00e8se des sanctions inflig\u00e9es au Mali par l\u2019organisation sous- r\u00e9gionale au lendemain du coup d\u2019Etat du mois d\u2019ao\u00fbt dernier, \u00e0 la grande satisfaction des autorit\u00e9s maliennes qui en avaient besoin pour conduire sereinement la transition. Malgr\u00e9 la lev\u00e9e de l\u2019embargo commercial et financier, les radars de la CEDEAO restent braqu\u00e9s sur le Mali, et c\u2019est ce message \u00e0 la fois de solidarit\u00e9 avec ce pays et de surveillance des faits et gestes des acteurs de la Transition, qu\u2019Akufo-Addo est venu livrer \u00e0 ses \u2018\u2019djaatigui\u2019\u2019 du jour. Cette politique de la carotte et du marquage \u00e0 la culotte vis-\u00e0-vis du pr\u00e9sident Ndaw et de son gouvernement, vise principalement \u00e0 les aider \u00e0 mener la barque jusqu\u2019\u00e0 quai, c\u2019est-\u00e0-dire jusqu\u2019aux \u00e9lections g\u00e9n\u00e9rales pr\u00e9vues dans dix-huit mois. La CEDEAO a d\u2019autant plus raison de ne pas baisser la garde que les frustrations n\u00e9es de la mise en place des organes de la Transition, peuvent \u00eatre un nouveau facteur de crise politique et institutionnelle dans ce pays chroniquement instable, et une porte ouverte au plus improbable ou impr\u00e9visible des sc\u00e9narii. On esp\u00e8re que le message d\u2019Akufo-Addo a \u00e9t\u00e9 re\u00e7u 5\/5 du c\u00f4t\u00e9 de Bamako, et que les Maliens ont compris, avec les derniers d\u00e9veloppements de la situation sociopolitique de leur pays, que l\u2019int\u00e9r\u00eat g\u00e9n\u00e9ral est loin d\u2019\u00eatre la somme des int\u00e9r\u00eats particuliers, notamment de leurs leaders politiques. Car, quoi qu\u2019on dise, l\u2019int\u00e9r\u00eat du Mali se trouve dans l\u2019organisation d\u2019\u00e9lections libres, transparentes et apais\u00e9es dans les d\u00e9lais prescrits, pour donner plus de l\u00e9gitimit\u00e9 aux institutions et aux acteurs qui seront appel\u00e9s \u00e0 agir au nom du peuple.<\/em><\/p>\n<p class=\"c3\"><em>\u00a0<\/em><\/p>\n<p class=\"c4\"><strong><em>La CEDEAO met les petits plats dans les grands afin que le processus en cours ne d\u00e9raille pas<\/em><\/strong><\/p>\n<p class=\"c3\"><strong><em>\u00a0<\/em><\/strong><\/p>\n<p class=\"c3\"><em>C\u2019est sans doute pour cela que la CEDEAO menace de ressortir le b\u00e2ton si la Transition \u00e9tait parasit\u00e9e ou perturb\u00e9e pour quelque raison que ce soit, les nombreux d\u00e9fis auxquels le Mali fait face ne pouvant \u00eatre relev\u00e9s que par des autorit\u00e9s choisies par le peuple souverain. Ceux qui tiennent actuellement les manettes ont d\u00e9j\u00e0 trac\u00e9 la voie de la paix et de la r\u00e9conciliation pour ainsi dire, avec la lib\u00e9ration des prisonniers politiques, le passage de t\u00e9moin du chef de la junte \u00e0 un civil et les appels r\u00e9p\u00e9t\u00e9s \u00e0 la paix et \u00e0 l\u2019union sacr\u00e9e pour sortir le Mali de la crise multidimensionnelle dont il souffre depuis des ann\u00e9es. Les choses semblent en tout cas bien engag\u00e9es dans ce sens, et la lib\u00e9ration, en milieu de semaine derni\u00e8re, de l\u2019embl\u00e9matique chef de file de l\u2019opposition, Soumaila Ciss\u00e9, par ses ravisseurs, contribuera, du moins on l\u2019esp\u00e8re, \u00e0 att\u00e9nuer un tant soit peu l\u2019hyst\u00e9risation verbale du d\u00e9bat politique, et \u00e0 ouvrir les jeux dans la perspective des \u00e9lections \u00e0 venir. C\u2019est vrai que la pilule de cette lib\u00e9ration est particuli\u00e8rement am\u00e8re pour le Mali et m\u00eame pour ses voisins du Niger et du Burkina, quand on sait que la contrepartie \u00e9tait, entre autres, l\u2019\u00e9largissement de plusieurs dizaines de terroristes qui se sont aussit\u00f4t fondus dans la nature et qui pourraient r\u00e9appara\u00eetre plus cruels et revanchards que jamais. Mais dans le contexte actuel du Mali, il fallait avaler la couleuvre pour non seulement sauver la vie de l\u2019illustre otage, mais aussi et surtout esp\u00e9rer le retour de la paix dans le Delta central et au Nord du pays durement \u00e9prouv\u00e9s par les attaques terroristes, en n\u00e9gociant avec ceux que l\u2019ex-otage fran\u00e7aise Sophie P\u00e9tronin a qualifi\u00e9 de \u00ab\u00a0groupes arm\u00e9s oppos\u00e9s au gouvernement malien\u00a0\u00bb, un euph\u00e9misme pour d\u00e9signer ceux qui \u00e9tendent de plus en plus leur \u00e9touffante et cruelle emprise sur \u00a0tout le pays. Si c\u2019est dans la perspective d\u2019une paix globale que ce deal a \u00e9t\u00e9 conclu, on peut d\u2019ores et d\u00e9j\u00e0 dire bravo \u00e0 tous ceux qui se sont investis pour marquer l\u2019essai, en attendant de le transformer \u00e0 travers la r\u00e9conciliation nationale et le retour de tous les exil\u00e9s et d\u00e9plac\u00e9s dans leurs patelins d\u2019origine. La r\u00e9alisation de ce r\u00eave est permis, et c\u2019est pour qu\u2019il se r\u00e9alise que la CEDEAO met les petits plats dans les grands afin que le processus en cours ne d\u00e9raille pas \u00e0 cause de l\u2019incons\u00e9quence et de l\u2019irresponsabilit\u00e9 de certains Maliens qui se battent davantage pour entretenir leur embonpoint que pour sortir leur pays du coma \u00e9conomique, social et s\u00e9curitaire dans lequel il est plong\u00e9 depuis pr\u00e8s d\u2019une dizaine d\u2019ann\u00e9es.<\/em><\/p>\n<p class=\"c3\"><em>\u00a0<\/em><\/p>\n<p class=\"c4\"><strong><em>Hamadou GADIAGA<\/em><\/strong><\/p>\n<p class=\"c4\"><strong><em>\u00a0<\/em><\/strong><\/p>\n<p>Auteur: Le Pays<br \/>\n<a href=\"http:\/\/lepays.bf\/visite-du-president-de-la-cedeao-au-mali\/\">Cliquez ici pour lire l&rsquo;article depuis sa source.<\/a><\/p>\n","protected":false},"excerpt":{"rendered":"<p>Le pr\u00e9sident en exercice du Ghana et de la Communaut\u00e9 \u00e9conomique des Etats de l\u2019Afrique de l\u2019ouest (CEDEAO), Nana Akufo-Addo, est arriv\u00e9 hier matin \u00e0 Bamako-S\u00e9nou o\u00f9 il a \u00e9t\u00e9 accueilli \u00e0 sa descente d\u2019avion par le pr\u00e9sident de la transition malienne, Bah Ndaw. Cette visite au pas de charge vient comme pour refermer la [&hellip;]<\/p>\n","protected":false},"author":1813,"featured_media":0,"comment_status":"closed","ping_status":"closed","sticky":false,"template":"","format":"standard","meta":{"fifu_image_url":"","fifu_image_alt":"","footnotes":""},"categories":[73,81],"tags":[],"class_list":["post-101456","post","type-post","status-publish","format-standard","hentry","category-actualite","category-burkina-faso"],"_links":{"self":[{"href":"https:\/\/linitiative.ca\/International\/wp-json\/wp\/v2\/posts\/101456","targetHints":{"allow":["GET"]}}],"collection":[{"href":"https:\/\/linitiative.ca\/International\/wp-json\/wp\/v2\/posts"}],"about":[{"href":"https:\/\/linitiative.ca\/International\/wp-json\/wp\/v2\/types\/post"}],"author":[{"embeddable":true,"href":"https:\/\/linitiative.ca\/International\/wp-json\/wp\/v2\/users\/1813"}],"replies":[{"embeddable":true,"href":"https:\/\/linitiative.ca\/International\/wp-json\/wp\/v2\/comments?post=101456"}],"version-history":[{"count":0,"href":"https:\/\/linitiative.ca\/International\/wp-json\/wp\/v2\/posts\/101456\/revisions"}],"wp:attachment":[{"href":"https:\/\/linitiative.ca\/International\/wp-json\/wp\/v2\/media?parent=101456"}],"wp:term":[{"taxonomy":"category","embeddable":true,"href":"https:\/\/linitiative.ca\/International\/wp-json\/wp\/v2\/categories?post=101456"},{"taxonomy":"post_tag","embeddable":true,"href":"https:\/\/linitiative.ca\/International\/wp-json\/wp\/v2\/tags?post=101456"}],"curies":[{"name":"wp","href":"https:\/\/api.w.org\/{rel}","templated":true}]}}