{"id":101459,"date":"2020-10-11T15:46:23","date_gmt":"2020-10-11T19:46:23","guid":{"rendered":"https:\/\/linitiative.ca\/International\/region-du-centre-sud-les-efforts-dinvestissement-du-gouvernement-salues\/"},"modified":"2020-10-11T15:46:23","modified_gmt":"2020-10-11T19:46:23","slug":"region-du-centre-sud-les-efforts-dinvestissement-du-gouvernement-salues","status":"publish","type":"post","link":"https:\/\/linitiative.ca\/International\/region-du-centre-sud-les-efforts-dinvestissement-du-gouvernement-salues\/","title":{"rendered":"R\u00e9gion du Centre-Sud  : les efforts d\u2019investissement du gouvernement salu\u00e9s"},"content":{"rendered":"<div class=\"td-post-featured-image\"><a href=\"https:\/\/www.sidwaya.info\/wp-content\/uploads\/2020\/10\/1-23.jpg\" data-caption=\"\"><img loading=\"lazy\" decoding=\"async\" width=\"595\" height=\"446\" class=\"entry-thumb td-modal-image\" src=\"https:\/\/www.sidwaya.info\/wp-content\/uploads\/2020\/10\/1-23.jpg\" srcset=\"https:\/\/www.sidwaya.info\/wp-content\/uploads\/2020\/10\/1-23.jpg 595w, https:\/\/www.sidwaya.info\/wp-content\/uploads\/2020\/10\/1-23-300x225.jpg 300w, https:\/\/www.sidwaya.info\/wp-content\/uploads\/2020\/10\/1-23-560x420.jpg 560w, https:\/\/www.sidwaya.info\/wp-content\/uploads\/2020\/10\/1-23-80x60.jpg 80w, https:\/\/www.sidwaya.info\/wp-content\/uploads\/2020\/10\/1-23-265x198.jpg 265w\" sizes=\"auto, (max-width: 595px) 100vw, 595px\" alt=\"\" title=\"1\"\/><\/a><\/div>\n<p><strong>Le Premier ministre, Christophe Joseph Marie Dabir\u00e9, s\u2019est entretenu, le samedi 10 octobre 2020, \u00e0 Manga, avec les forces vives du Centre-Sud. A l\u2019occasion, les populations locales ont f\u00e9licit\u00e9 le gouvernement pour les efforts d\u2019investissement dans les infrastructures socio\u00e9conomiques au profit de la r\u00e9gion.<\/strong><\/p>\n<p>Les forces vives de la r\u00e9gion du Centre-Sud sont reconnaissantes au gouvernement pour les sacrifices consentis dans la r\u00e9alisation d\u2019infrastructures socio\u00e9conomiques au niveau local. Elles l\u2019ont exprim\u00e9 de vive voix, le samedi 10 octobre 2020 \u00e0 Manga, \u00e0 l\u2019occasion du dialogue direct qu\u2019elles ont eu avec le Premier ministre, Christophe Joseph Marie Dabir\u00e9, dans le cadre de ses tourn\u00e9es \u00e0 l\u2019int\u00e9rieur du pays. Parmi les r\u00e9alisations dont elles se r\u00e9jouissent d\u2019avoir b\u00e9n\u00e9fici\u00e9, elles ont cit\u00e9 les infrastructures socio\u00e9conomiques \u00e0 Manga, P\u00f4 et Kombissiri dans le cadre des festivit\u00e9s du 11-D\u00e9cembre 2018 et du Programme d\u2019appui au d\u00e9veloppement des \u00e9conomies locales (PADEL), le bitumage de la route Manga-Zabr\u00e9, la construction du stade provincial et du palais de justice de P\u00f4 et les chantiers en cours du Centre hospitalier r\u00e9gional (CHR) de Manga ainsi que du bitumage de la route Guiba-Garango.<\/p>\n<p>Les repr\u00e9sentants de chacune des couches sociales, des religieux, des coutumiers, des \u00e9lus nationaux et locaux, des organisations de la soci\u00e9t\u00e9 civile, de la Chambre consulaire r\u00e9gionale et de la Chambre r\u00e9gionale d\u2019agriculture ont, tour \u00e0 tour, lou\u00e9 les efforts du gouvernement malgr\u00e9, disent-ils, le contexte difficile dans lequel s\u2019est d\u00e9roul\u00e9 le quinquennat pr\u00e9sidentiel. Ils ont \u00e9num\u00e9r\u00e9, au titre desdites difficult\u00e9s, l\u2019ins\u00e9curit\u00e9, la fronde sociale et l\u2019av\u00e8nement de la COVID-19. Qu\u2019\u00e0 cela ne tienne, pour elles, le Centre-Sud s\u2019en tire \u00e0 bon compte au regard des acquis. \u00ab La r\u00e9gion du Centre-Sud a fait peau neuve, apr\u00e8s le 11-D\u00e9cembre 2018 \u00bb, a soutenu la gouverneure Josiane Kabr\u00e9 qui, au nom des populations, a traduit au gouvernement sa reconnaissance.<br \/>Dans leur adresse, les intervenants ont, n\u00e9anmoins, \u00e9voqu\u00e9 avec le locataire de la Primature, certaines de leurs Pr\u00e9occupations. Elles ont trait, entre autres, \u00e0 l\u2019ins\u00e9curit\u00e9, la r\u00e9conciliation nationale, la justice, le d\u00e9fi de la r\u00e9ussite de l\u2019ann\u00e9e scolaire, les conflits fonciers, l\u2019acc\u00e8s des jeunes et des femmes aux sources de financement de leurs activit\u00e9s, la d\u00e9centralisation des march\u00e9s publics et l\u2019ach\u00e8vement de certains travaux entrepris pendant les festivit\u00e9s du 11-D\u00e9cembre 2018.<\/p>\n<p><strong>Des acquis malgr\u00e9 l\u2019adversit\u00e9<\/strong><\/p>\n<p>En r\u00e9ponse, le Premier ministre a promis de transmettre chacune des dol\u00e9ances aux d\u00e9partements concern\u00e9s pour examen. Il a annonc\u00e9 \u00e9galement, que l\u2019ensemble des pr\u00e9occupations recueillies durant ces diff\u00e9rentes tourn\u00e9es r\u00e9gionales vont \u00eatre capitalis\u00e9es et serviront \u00e0 orienter les actions dans le nouveau r\u00e9f\u00e9rentiel de d\u00e9veloppement en \u00e9laboration. S\u00e9ance tenante, il a pr\u00e9cis\u00e9 que pour certaines questions li\u00e9es \u00e0 l\u2019ins\u00e9curit\u00e9, la justice et la r\u00e9conciliation, le gouvernement s\u2019\u00e9vertue \u00e0 y apporter des r\u00e9ponses et des r\u00e9sultats sont engrang\u00e9s r\u00e9guli\u00e8rement m\u00eame si beaucoup reste \u00e0 faire. S\u2019agissant de l\u2019am\u00e9lioration du bien-\u00eatre des populations, Christophe Dabir\u00e9 a soulign\u00e9 que des acquis sont aussi visibles sur le terrain, en termes d\u2019infrastructures routi\u00e8res, scolaires, sanitaires, hydrauliques \u2026 Mais, le d\u00e9veloppement \u00e9tant, selon lui, un processus dynamique, il s\u2019est dit, du reste, conscient que les efforts doivent se poursuivre dans ce sens pour satisfaire les attentes de l\u2019ensemble des populations.<\/p>\n<p>Aussi a-t-il exhort\u00e9 les forces vives du Centre-Sud et partant du pays \u00e0 cultiver la paix, la coh\u00e9sion sociale, l\u2019amour de la patrie en d\u00e9fendant l\u2019int\u00e9r\u00eat g\u00e9n\u00e9ral pour un d\u00e9veloppement \u00e9conomique harmonieux, inclusif et durable du Burkina Faso. Il a \u00e9galement appel\u00e9 les populations \u00e0 ne pas baisser la garde face \u00e0 la COVID-19 en continuant \u00e0 observer les mesures-barri\u00e8res et \u00e0 respecter les conseils prodigu\u00e9s par le d\u00e9partement en charge de la sant\u00e9. Au demeurant, le chef du gouvernement a souhait\u00e9 que les \u00e9lections se d\u00e9roulent dans un climat apais\u00e9 avec une forte participation citoyenne pour donner plus d\u2019ancrage \u00e0 la d\u00e9mocratie au Burkina Faso.<\/p>\n<p>A l\u2019issue des \u00e9changes, M.Dabir\u00e9 s\u2019est rendu sur le chantier de construction du Centre hospitalier r\u00e9gional (CHR) de Manga pour constater l\u2019\u00e9volution des travaux. Avec un taux d\u2019ex\u00e9cution d\u2019environ 20% pour un d\u00e9lai consomm\u00e9 de 50%, il a reproch\u00e9 aux entreprises attributaires le retard accus\u00e9. Toutefois, il les a encourag\u00e9es \u00e0 acc\u00e9l\u00e9rer le travail pour rester dans les d\u00e9lais contractuels d\u2019autant, a-t-il dit, que certaines difficult\u00e9s \u00e9voqu\u00e9es, en l\u2019occurrence les contraintes li\u00e9es \u00e0 la COVID-19, sont en passe de se r\u00e9soudre.<\/p>\n<p class=\"c1\"><strong>Mamady ZANGO<\/strong><\/p>\n<div class=\"td-a-rec td-a-rec-id-content_bottom tdi_30_78e td_block_template_1\"><img loading=\"lazy\" decoding=\"async\" class=\"aligncenter size-full wp-image-27454\" src=\"https:\/\/www.sidwaya.info\/wp-content\/uploads\/2020\/10\/PUB-Bandeau-paiement-mobile-siteweb.jpg\" alt=\"\" width=\"728\" height=\"90\"\/><\/div>\n<p>Auteur: BM. Sidwaya<br \/>\n<a href=\"https:\/\/www.sidwaya.info\/blog\/2020\/10\/11\/region-du-centre-sud-les-efforts-dinvestissement-du-gouvernement-salues\/\">Cliquez ici pour lire l&rsquo;article depuis sa source.<\/a><\/p>\n","protected":false},"excerpt":{"rendered":"<p>Le Premier ministre, Christophe Joseph Marie Dabir\u00e9, s\u2019est entretenu, le samedi 10 octobre 2020, \u00e0 Manga, avec les forces vives du Centre-Sud. A l\u2019occasion, les populations locales ont f\u00e9licit\u00e9 le gouvernement pour les efforts d\u2019investissement dans les infrastructures socio\u00e9conomiques au profit de la r\u00e9gion. Les forces vives de la r\u00e9gion du Centre-Sud sont reconnaissantes au [&hellip;]<\/p>\n","protected":false},"author":1816,"featured_media":101460,"comment_status":"closed","ping_status":"closed","sticky":false,"template":"","format":"standard","meta":{"fifu_image_url":"","fifu_image_alt":"","footnotes":""},"categories":[73,81],"tags":[],"class_list":["post-101459","post","type-post","status-publish","format-standard","has-post-thumbnail","hentry","category-actualite","category-burkina-faso"],"_links":{"self":[{"href":"https:\/\/linitiative.ca\/International\/wp-json\/wp\/v2\/posts\/101459","targetHints":{"allow":["GET"]}}],"collection":[{"href":"https:\/\/linitiative.ca\/International\/wp-json\/wp\/v2\/posts"}],"about":[{"href":"https:\/\/linitiative.ca\/International\/wp-json\/wp\/v2\/types\/post"}],"author":[{"embeddable":true,"href":"https:\/\/linitiative.ca\/International\/wp-json\/wp\/v2\/users\/1816"}],"replies":[{"embeddable":true,"href":"https:\/\/linitiative.ca\/International\/wp-json\/wp\/v2\/comments?post=101459"}],"version-history":[{"count":0,"href":"https:\/\/linitiative.ca\/International\/wp-json\/wp\/v2\/posts\/101459\/revisions"}],"wp:featuredmedia":[{"embeddable":true,"href":"https:\/\/linitiative.ca\/International\/wp-json\/"}],"wp:attachment":[{"href":"https:\/\/linitiative.ca\/International\/wp-json\/wp\/v2\/media?parent=101459"}],"wp:term":[{"taxonomy":"category","embeddable":true,"href":"https:\/\/linitiative.ca\/International\/wp-json\/wp\/v2\/categories?post=101459"},{"taxonomy":"post_tag","embeddable":true,"href":"https:\/\/linitiative.ca\/International\/wp-json\/wp\/v2\/tags?post=101459"}],"curies":[{"name":"wp","href":"https:\/\/api.w.org\/{rel}","templated":true}]}}