{"id":101461,"date":"2020-10-11T15:50:20","date_gmt":"2020-10-11T19:50:20","guid":{"rendered":"https:\/\/linitiative.ca\/International\/processus-de-decentralisation-le-president-du-faso-encourage-les-acteurs\/"},"modified":"2020-10-11T15:50:20","modified_gmt":"2020-10-11T19:50:20","slug":"processus-de-decentralisation-le-president-du-faso-encourage-les-acteurs","status":"publish","type":"post","link":"https:\/\/linitiative.ca\/International\/processus-de-decentralisation-le-president-du-faso-encourage-les-acteurs\/","title":{"rendered":"Processus de d\u00e9centralisation  : le pr\u00e9sident du Faso encourage  les acteurs"},"content":{"rendered":"<div class=\"td-post-featured-image\"><a href=\"https:\/\/www.sidwaya.info\/wp-content\/uploads\/2020\/10\/1-24.jpg\" data-caption=\"\"><img loading=\"lazy\" decoding=\"async\" width=\"595\" height=\"515\" class=\"entry-thumb td-modal-image\" src=\"https:\/\/www.sidwaya.info\/wp-content\/uploads\/2020\/10\/1-24.jpg\" srcset=\"https:\/\/www.sidwaya.info\/wp-content\/uploads\/2020\/10\/1-24.jpg 595w, https:\/\/www.sidwaya.info\/wp-content\/uploads\/2020\/10\/1-24-300x260.jpg 300w, https:\/\/www.sidwaya.info\/wp-content\/uploads\/2020\/10\/1-24-485x420.jpg 485w, https:\/\/www.sidwaya.info\/wp-content\/uploads\/2020\/10\/1-24-534x462.jpg 534w\" sizes=\"auto, (max-width: 595px) 100vw, 595px\" alt=\"\" title=\"1\"\/><\/a><\/div>\n<p><strong>Le Pr\u00e9sident du Faso, Roch Marc Christian Kabor\u00e9, a pr\u00e9sid\u00e9 la 6e session de la Conf\u00e9rence nationale de la d\u00e9centralisation (CONAD), tenue sous le th\u00e8me : \u00ab D\u00e9centralisation et d\u00e9fis s\u00e9curitaires \u00bb, le vendredi 9 octobre 2020, \u00e0 Ouagadougou.<\/strong><\/p>\n<p>La d\u00e9concentration des services pr\u00e9occupe le gouvernement et les acteurs des collectivit\u00e9s territoriales. Ils ont tenu, le vendredi 9 octobre 2020, \u00e0 Ouagadougou, la 6e Conf\u00e9rence nationale de la d\u00e9centralisation (CONAD) sous le th\u00e8me : \u00ab D\u00e9centralisation et d\u00e9fi s\u00e9curitaire \u00bb. Pr\u00e9sid\u00e9e par le Pr\u00e9sident du Faso, Roch Marc Christian Kabor\u00e9, la CONAD a r\u00e9uni les maires des communes, les pr\u00e9sidents des conseils r\u00e9gionaux, des membres du gouvernement et les Partenaires techniques et financiers (PTF). Selon le pr\u00e9sident du Faso, la CONAD se veut un espace de mobilisation de tous les acteurs impliqu\u00e9s dans le processus de d\u00e9centralisation, afin d\u2019appuyer les choix op\u00e9r\u00e9s pour la r\u00e9ussite de ce processus. Pour lui, en consacrant l\u2019article 38 de la Constitution \u00e0 la d\u00e9centralisation territoriale, le Burkina Faso a fait l\u2019option d\u2019un contrat social.<\/p>\n<p>\u00ab Ce contrat social vise \u00e0 \u00e9tablir un meilleur \u00e9quilibre des responsabilit\u00e9s entre les acteurs dans diff\u00e9rents domaines de la vie politique et socio\u00e9conomique pour cr\u00e9er de nouvelles dynamiques capables d\u2019assurer la participation et la valorisation des acteurs \u00e0 la base \u00bb, a-t-il pr\u00e9cis\u00e9. Il a encourag\u00e9 les pr\u00e9sidents des conseils de collectivit\u00e9s territoriales pour leurs engagements \u00e0 faire de la d\u00e9centralisation, le pilier du d\u00e9veloppement durable.<br \/>Il a indiqu\u00e9 que l\u2019Etat va continuer \u00e0 appuyer les efforts des collectivit\u00e9s territoriales dans le cadre de la d\u00e9concentration des services. \u00ab La promotion de l\u2019efficience dans la gestion des comp\u00e9tences des ressources transf\u00e9r\u00e9es aux collectivit\u00e9s territoriales restera toujours au c\u0153ur de l\u2019action gouvernementale \u00bb, a soutenu le chef de l\u2019Etat. Il a donc invit\u00e9 les participants \u00e0 s\u2019investir \u00ab pleinement \u00bb dans les r\u00e9flexions en vue de d\u00e9gager des orientations propices \u00e0 un renforcement de leurs capacit\u00e9s avant de d\u00e9clarer ouverte la 6e session de la CONAD.<\/p>\n<p>Le ministre d\u2019Etat, ministre de l\u2019Administration territoriale, de la D\u00e9centralisation et de la Coh\u00e9sion sociale, Sim\u00e9on Sawadogo, a not\u00e9 que la CONAD est une tribune id\u00e9ale offerte \u00e0 l\u2019ensemble des acteurs et partenaires de la d\u00e9centralisation. Ce, a-t-il expliqu\u00e9, pour mener des r\u00e9flexions profondes sur les th\u00e9matiques en lien avec le processus de d\u00e9centralisation et r\u00e9affirmer leur engagement en faveur de cette dynamique. Pour le ministre d\u2019\u00c9tat, la conf\u00e9rence constitue \u00e9galement une opportunit\u00e9 pour les acteurs de formuler des recommandations, \u00e0 l\u2019endroit des premi\u00e8res autorit\u00e9s du Burkina Faso, en vue d\u2019am\u00e9liorer la gouvernance locale et promouvoir le d\u00e9veloppement durable des collectivit\u00e9s territoriales. Il a ainsi exhort\u00e9 les participants \u00e0 prendre \u00ab activement \u00bb part \u00e0 cette 6e CONAD.<\/p>\n<p class=\"c1\"><strong>Lassina BADOLO<\/strong><br \/><strong>(Collaborateur)<\/strong><\/p>\n<div class=\"td-a-rec td-a-rec-id-content_bottom tdi_30_2fc td_block_template_1\"><img loading=\"lazy\" decoding=\"async\" class=\"aligncenter size-full wp-image-27454\" src=\"https:\/\/www.sidwaya.info\/wp-content\/uploads\/2020\/10\/PUB-Bandeau-paiement-mobile-siteweb.jpg\" alt=\"\" width=\"728\" height=\"90\"\/><\/div>\n<p>Auteur: BM. Sidwaya<br \/>\n<a href=\"https:\/\/www.sidwaya.info\/blog\/2020\/10\/11\/processus-de-decentralisation-le-president-du-faso-encourage-les-acteurs\/\">Cliquez ici pour lire l&rsquo;article depuis sa source.<\/a><\/p>\n","protected":false},"excerpt":{"rendered":"<p>Le Pr\u00e9sident du Faso, Roch Marc Christian Kabor\u00e9, a pr\u00e9sid\u00e9 la 6e session de la Conf\u00e9rence nationale de la d\u00e9centralisation (CONAD), tenue sous le th\u00e8me : \u00ab D\u00e9centralisation et d\u00e9fis s\u00e9curitaires \u00bb, le vendredi 9 octobre 2020, \u00e0 Ouagadougou. La d\u00e9concentration des services pr\u00e9occupe le gouvernement et les acteurs des collectivit\u00e9s territoriales. Ils ont tenu, [&hellip;]<\/p>\n","protected":false},"author":1816,"featured_media":101462,"comment_status":"closed","ping_status":"closed","sticky":false,"template":"","format":"standard","meta":{"fifu_image_url":"","fifu_image_alt":"","footnotes":""},"categories":[73,81],"tags":[],"class_list":["post-101461","post","type-post","status-publish","format-standard","has-post-thumbnail","hentry","category-actualite","category-burkina-faso"],"_links":{"self":[{"href":"https:\/\/linitiative.ca\/International\/wp-json\/wp\/v2\/posts\/101461","targetHints":{"allow":["GET"]}}],"collection":[{"href":"https:\/\/linitiative.ca\/International\/wp-json\/wp\/v2\/posts"}],"about":[{"href":"https:\/\/linitiative.ca\/International\/wp-json\/wp\/v2\/types\/post"}],"author":[{"embeddable":true,"href":"https:\/\/linitiative.ca\/International\/wp-json\/wp\/v2\/users\/1816"}],"replies":[{"embeddable":true,"href":"https:\/\/linitiative.ca\/International\/wp-json\/wp\/v2\/comments?post=101461"}],"version-history":[{"count":0,"href":"https:\/\/linitiative.ca\/International\/wp-json\/wp\/v2\/posts\/101461\/revisions"}],"wp:featuredmedia":[{"embeddable":true,"href":"https:\/\/linitiative.ca\/International\/wp-json\/"}],"wp:attachment":[{"href":"https:\/\/linitiative.ca\/International\/wp-json\/wp\/v2\/media?parent=101461"}],"wp:term":[{"taxonomy":"category","embeddable":true,"href":"https:\/\/linitiative.ca\/International\/wp-json\/wp\/v2\/categories?post=101461"},{"taxonomy":"post_tag","embeddable":true,"href":"https:\/\/linitiative.ca\/International\/wp-json\/wp\/v2\/tags?post=101461"}],"curies":[{"name":"wp","href":"https:\/\/api.w.org\/{rel}","templated":true}]}}