{"id":101466,"date":"2020-10-11T05:10:50","date_gmt":"2020-10-11T09:10:50","guid":{"rendered":"https:\/\/linitiative.ca\/International\/bertoua-la-voirie-urbaine-rehabilitee\/"},"modified":"2020-10-11T05:10:50","modified_gmt":"2020-10-11T09:10:50","slug":"bertoua-la-voirie-urbaine-rehabilitee","status":"publish","type":"post","link":"https:\/\/linitiative.ca\/International\/bertoua-la-voirie-urbaine-rehabilitee\/","title":{"rendered":"Bertoua : la voirie urbaine r\u00e9habilit\u00e9e"},"content":{"rendered":"<div readability=\"32\">\n<p>Publi\u00e9 le 11.10.2020 \u00e0 10h10 par JournalduCameroun.com<\/p>\n<\/div>\n<div readability=\"45\">\n<h2 class=\"c6\">Pr\u00e8s de 17 km de route ont \u00e9t\u00e9 bitum\u00e9s dans la ville, capitale r\u00e9gionale de l\u2019Est.<\/h2>\n<p class=\"c7\">Gr\u00e2ce \u00e0 des financements du Contrat Pr\u00e8s de 17 km de route ont \u00e9t\u00e9 bitum\u00e9s dans la ville, capitale r\u00e9gionale de l\u2019Est.<br \/>Gr\u00e2ce \u00e0 des financements du Contrat d\u00e9sengagement et d\u00e9veloppement (C2D), la ville de Bertoua, capitale r\u00e9gionale de l\u2019Est, a pu r\u00e9aliser pr\u00e8s de <strong>17 km<\/strong> de route bitum\u00e9e.<br \/>Une voirie urbaine r\u00e9habilit\u00e9e au b\u00e9ton compact\u00e9 au rouleau pour rev\u00eatir les art\u00e8res de la ville de Bertoua. <em>\u00ab\u2009C\u2019est une technologie nouvelle que nous appliquons pour la premi\u00e8re fois au <strong>Cameroun<\/strong>. En r\u00e9alit\u00e9 nous pouvons esp\u00e9rer la dur\u00e9e de vie \u00e0 30-40 ans\u2009\u00bb<\/em>, explique Alain Gbaman, coordonnateur de la cellule r\u00e9gionale du C2D.<br \/>Le projet de capitale r\u00e9gionale du C2D de l\u2019Agence fran\u00e7aise de d\u00e9veloppement (AFD) comporte \u00e9galement l\u2019\u00e9clairage des voies bitum\u00e9es, mais aussi la construction de latrines publiques ou encore les \u00e9quipements marchands.<br \/>Plus de 18 milliards FCFA ont \u00e9t\u00e9 mis \u00e0 dispositions par l\u2019AFD pour faire de Bertoua une capitale moderne.<br \/>d\u00e9sengagement et d\u00e9veloppement (C2D), la ville de <strong>Bertoua<\/strong>, capitale r\u00e9gionale de l\u2019Est, a pu r\u00e9aliser pr\u00e8s de 17 km de route bitum\u00e9e.<\/p>\n<\/div>\n<p>Auteur: Ludovic Amara<br \/>\n<a href=\"https:\/\/www.journalducameroun.com\/bertoua-la-voirie-urbaine-rehabilitee\/\">Cliquez ici pour lire l&rsquo;article depuis sa source.<\/a><\/p>\n","protected":false},"excerpt":{"rendered":"<p>Publi\u00e9 le 11.10.2020 \u00e0 10h10 par JournalduCameroun.com Pr\u00e8s de 17 km de route ont \u00e9t\u00e9 bitum\u00e9s dans la ville, capitale r\u00e9gionale de l\u2019Est. Gr\u00e2ce \u00e0 des financements du Contrat Pr\u00e8s de 17 km de route ont \u00e9t\u00e9 bitum\u00e9s dans la ville, capitale r\u00e9gionale de l\u2019Est.Gr\u00e2ce \u00e0 des financements du Contrat d\u00e9sengagement et d\u00e9veloppement (C2D), la [&hellip;]<\/p>\n","protected":false},"author":1965,"featured_media":0,"comment_status":"closed","ping_status":"closed","sticky":false,"template":"","format":"standard","meta":{"fifu_image_url":"","fifu_image_alt":"","footnotes":""},"categories":[73,82],"tags":[],"class_list":["post-101466","post","type-post","status-publish","format-standard","hentry","category-actualite","category-cameroun"],"_links":{"self":[{"href":"https:\/\/linitiative.ca\/International\/wp-json\/wp\/v2\/posts\/101466","targetHints":{"allow":["GET"]}}],"collection":[{"href":"https:\/\/linitiative.ca\/International\/wp-json\/wp\/v2\/posts"}],"about":[{"href":"https:\/\/linitiative.ca\/International\/wp-json\/wp\/v2\/types\/post"}],"author":[{"embeddable":true,"href":"https:\/\/linitiative.ca\/International\/wp-json\/wp\/v2\/users\/1965"}],"replies":[{"embeddable":true,"href":"https:\/\/linitiative.ca\/International\/wp-json\/wp\/v2\/comments?post=101466"}],"version-history":[{"count":0,"href":"https:\/\/linitiative.ca\/International\/wp-json\/wp\/v2\/posts\/101466\/revisions"}],"wp:attachment":[{"href":"https:\/\/linitiative.ca\/International\/wp-json\/wp\/v2\/media?parent=101466"}],"wp:term":[{"taxonomy":"category","embeddable":true,"href":"https:\/\/linitiative.ca\/International\/wp-json\/wp\/v2\/categories?post=101466"},{"taxonomy":"post_tag","embeddable":true,"href":"https:\/\/linitiative.ca\/International\/wp-json\/wp\/v2\/tags?post=101466"}],"curies":[{"name":"wp","href":"https:\/\/api.w.org\/{rel}","templated":true}]}}