{"id":101467,"date":"2020-10-11T05:42:54","date_gmt":"2020-10-11T09:42:54","guid":{"rendered":"https:\/\/linitiative.ca\/International\/douala-le-maire-de-la-ville-sur-les-chantiers-de-drainage-fluvial\/"},"modified":"2020-10-11T05:42:54","modified_gmt":"2020-10-11T09:42:54","slug":"douala-le-maire-de-la-ville-sur-les-chantiers-de-drainage-fluvial","status":"publish","type":"post","link":"https:\/\/linitiative.ca\/International\/douala-le-maire-de-la-ville-sur-les-chantiers-de-drainage-fluvial\/","title":{"rendered":"Douala : le maire de la ville sur les chantiers de drainage fluvial"},"content":{"rendered":"<div readability=\"32\">\n<p>Publi\u00e9 le 11.10.2020 \u00e0 10h42 par JournalduCameroun.com<\/p>\n<\/div>\n<div readability=\"48\">\n<h2 class=\"c6\"><strong>Roger Mbasse Ndin\u00e8<\/strong> en a profit\u00e9 pour sensibiliser les populations sur la lib\u00e9ration des emprises des drains.<\/h2>\n<p class=\"c7\">Le maire de la ville des <strong>Douala<\/strong> a effectu\u00e9 une r\u00e9cente descente sur les chantiers de drainage fluvial et de v\u00e9rification des r\u00e9alisations routi\u00e8res.<\/p>\n<p class=\"c7\"><em>\u00ab Ce que nous faisons ici c\u2019est pour le bien des populations.\u00a0 C\u2019est pour \u00e9viter que la vie des populations et leurs biens ne soient impact\u00e9s par les inondations\u00a0\u00bb<\/em>, a d\u00e9clar\u00e9 le maire Mbassa Ndin\u00e8 sur le chantier du drain qui va de Malangue \u00e0 Makepe Missok\u00e9.<\/p>\n<p class=\"c7\"><em>\u00ab\u00a07\u00a0m de chaque c\u00f4t\u00e9, il ne doit pas avoir de construction, a rappel\u00e9 <strong>le maire<\/strong>. Ce sont les instructions que nous avons donn\u00e9es pour que toutes les constructions qui sont sur l\u2019emprise du drain soient d\u00e9truites\u00a0\u00bb.<\/em><\/p>\n<p class=\"c7\">La ville de Douala a \u00e9t\u00e9 confront\u00e9e ces derni\u00e8res semaines \u00e0 d\u2019importantes inondations dues aux pluies diluviennes. L\u2019une des raisons de ces inondations est l\u2019occupation des drains par des constructions.<\/p>\n<\/div>\n<p>Auteur: Ludovic Amara<br \/>\n<a href=\"https:\/\/www.journalducameroun.com\/douala-le-maire-de-la-ville-sur-les-chantiers-de-drainage-fluvial-cameroun\/\">Cliquez ici pour lire l&rsquo;article depuis sa source.<\/a><\/p>\n","protected":false},"excerpt":{"rendered":"<p>Publi\u00e9 le 11.10.2020 \u00e0 10h42 par JournalduCameroun.com Roger Mbasse Ndin\u00e8 en a profit\u00e9 pour sensibiliser les populations sur la lib\u00e9ration des emprises des drains. Le maire de la ville des Douala a effectu\u00e9 une r\u00e9cente descente sur les chantiers de drainage fluvial et de v\u00e9rification des r\u00e9alisations routi\u00e8res. \u00ab Ce que nous faisons ici c\u2019est [&hellip;]<\/p>\n","protected":false},"author":1965,"featured_media":0,"comment_status":"closed","ping_status":"closed","sticky":false,"template":"","format":"standard","meta":{"fifu_image_url":"","fifu_image_alt":"","footnotes":""},"categories":[73,82],"tags":[],"class_list":["post-101467","post","type-post","status-publish","format-standard","hentry","category-actualite","category-cameroun"],"_links":{"self":[{"href":"https:\/\/linitiative.ca\/International\/wp-json\/wp\/v2\/posts\/101467","targetHints":{"allow":["GET"]}}],"collection":[{"href":"https:\/\/linitiative.ca\/International\/wp-json\/wp\/v2\/posts"}],"about":[{"href":"https:\/\/linitiative.ca\/International\/wp-json\/wp\/v2\/types\/post"}],"author":[{"embeddable":true,"href":"https:\/\/linitiative.ca\/International\/wp-json\/wp\/v2\/users\/1965"}],"replies":[{"embeddable":true,"href":"https:\/\/linitiative.ca\/International\/wp-json\/wp\/v2\/comments?post=101467"}],"version-history":[{"count":0,"href":"https:\/\/linitiative.ca\/International\/wp-json\/wp\/v2\/posts\/101467\/revisions"}],"wp:attachment":[{"href":"https:\/\/linitiative.ca\/International\/wp-json\/wp\/v2\/media?parent=101467"}],"wp:term":[{"taxonomy":"category","embeddable":true,"href":"https:\/\/linitiative.ca\/International\/wp-json\/wp\/v2\/categories?post=101467"},{"taxonomy":"post_tag","embeddable":true,"href":"https:\/\/linitiative.ca\/International\/wp-json\/wp\/v2\/tags?post=101467"}],"curies":[{"name":"wp","href":"https:\/\/api.w.org\/{rel}","templated":true}]}}